{"id":845,"date":"2024-10-18T07:00:00","date_gmt":"2024-10-18T04:00:00","guid":{"rendered":"https:\/\/www.kaanugrasiz.com\/tr\/?p=845"},"modified":"2025-12-23T16:28:29","modified_gmt":"2025-12-23T13:28:29","slug":"giysilerin-uzerindeki-logolar-nereye-gitti","status":"publish","type":"post","link":"https:\/\/www.kaanugrasiz.com\/tr\/giysilerin-uzerindeki-logolar-nereye-gitti.html","title":{"rendered":"Giysilerin \u00fczerindeki logolar nereye gitti?"},"content":{"rendered":"\n<p>Giysiler, markalar\u0131n kendilerini g\u00f6stermek i\u00e7in harika birer ara\u00e7.T\u00fcketici beklentileri ve modada ya\u015fanan de\u011fi\u015fimlere ra\u011fmen markalar \u00e7o\u011fumuz i\u00e7in halen bir stat\u00fc sembol\u00fc, bir ayra\u00e7 hatta \u015fekil, renk ve kal\u0131plarla b\u00fct\u00fcnle\u015fmi\u015f birer ikon.<\/p>\n\n\n<style>.kb-table-of-content-nav.kb-table-of-content-id845_10dc94-a7 .kb-table-of-content-wrap{padding-top:var(--global-kb-spacing-sm, 1.5rem);padding-right:var(--global-kb-spacing-sm, 1.5rem);padding-bottom:var(--global-kb-spacing-sm, 1.5rem);padding-left:var(--global-kb-spacing-sm, 1.5rem);}.kb-table-of-content-nav.kb-table-of-content-id845_10dc94-a7 .kb-table-of-contents-title-wrap{padding-top:0px;padding-right:0px;padding-bottom:0px;padding-left:0px;}.kb-table-of-content-nav.kb-table-of-content-id845_10dc94-a7 .kb-table-of-contents-title{font-weight:regular;font-style:normal;}.kb-table-of-content-nav.kb-table-of-content-id845_10dc94-a7 .kb-table-of-content-wrap .kb-table-of-content-list{font-weight:regular;font-style:normal;margin-top:var(--global-kb-spacing-sm, 1.5rem);margin-right:0px;margin-bottom:0px;margin-left:0px;}<\/style>\n\n\n<p>D\u00fcnyada ya\u015fanan de\u011fi\u015fimler ve yeni fikirlerin kendilerine daha fazla alan a\u00e7maya ba\u015flamas\u0131yla birlikte, \u201980\u2019ler ve \u201990\u2019lar <strong>markalar, \u00fcrettikleri giysilerin \u00fczerinde logolar\u0131n\u0131 cesurca sergilemeye<\/strong> ba\u015flad\u0131lar. Bahsi ge\u00e7en bu y\u0131llarda belli ba\u015fl\u0131 markalar\u0131 ta\u015f\u0131mak t\u00fcketicilerin g\u00f6z\u00fcnde bir <strong>stat\u00fc sembol\u00fc<\/strong> haline gelmi\u015f ve \u00fcr\u00fcnlerin i\u00e7inde birer <strong>arzu nesnesi<\/strong> haline gelenler bile vard\u0131.<\/p>\n\n\n\n<p>Herhangi bir anda, \u015fehrin herhangi bir yerinde olan <strong>ayakl\u0131 billboardlarlar\u0131n \u00fczerine reklam vermek, markalar i\u00e7in benzersiz bir f\u0131rsat<\/strong>t\u0131, hem de \u00fcst\u00fcne, para \u00f6demek yerine onlardan para al\u0131p. Di\u011fer pazarlama faaliyetleriyle birlikte bu davran\u0131\u015flarla markalar, hem g\u00f6rsel olarak hem de k\u00fclt\u00fcrel ba\u011flamda <strong>g\u00fc\u00e7l\u00fc bir kimlik yaratma imkan\u0131<\/strong> yakalad\u0131.<\/p>\n\n\n\n<p>T\u00fcketiciler, belli ba\u015fl\u0131 markalar\u0131n \u00fcr\u00fcnlerini sat\u0131n alarak ve kullanarak <strong>belli bir sosyal s\u0131n\u0131fa aidiyet<\/strong> hissediyor ve kulland\u0131klar\u0131 bu \u00fcr\u00fcnlerin onlara, i\u00e7inde ya\u015fad\u0131klar\u0131 <strong>toplum i\u00e7inde bir prestij<\/strong> sa\u011flad\u0131\u011f\u0131na inan\u0131yordu; insanlar da bunlar\u0131 birer ni\u015fan gibi ta\u015f\u0131yordu.<\/p>\n\n\n\n<p>Yapay olarak olu\u015fturulan bu <strong>sosyal kabarc\u0131\u011f\u0131n i\u00e7inde var olma hali<\/strong>ni kan\u0131tlayan \u015feyin en eri\u015filebilir hali ise \u00fcr\u00fcnlerin markalar\u0131yd\u0131 ve bu \u00fcr\u00fcnlerin ikonik \u015fekilleri ve hatta \u00fczerlerindeki logolar i\u015flevlerini ba\u015far\u0131yla yerine getiriyordu.<\/p>\n\n\n\n<h3 class=\"wp-block-heading\">Bir \u00fcr\u00fcn\u00fc kullan\u0131rken bir z\u00fcmreye ait hissetmek<\/h3>\n\n\n\n<p>Markalar\u0131n <strong>t\u00fcketicilere hissettirmek istedi\u011fi \u015fey<\/strong> de tam olarak buydu: <strong>ait hissetmek<\/strong> ve bir sosyal grubun i\u00e7inde olmak. Moda end\u00fcstrisi de bunu adeta k\u00f6r\u00fckl\u00fcyor ve markalar\u0131n \u00fcretti\u011fi \u00fcr\u00fcnlerle <strong>bir z\u00fcmreye ait olma durumu<\/strong>nu sergileme arzusunun \u00fcst\u00fcne gidiliyordu.<\/p>\n\n\n\n<p>Giysilerin \u00fczerinde sergilenen <strong>b\u00fcy\u00fck ve dikkat \u00e7ekici logolarla ilgili<\/strong>&nbsp;2000\u2019li y\u0131llarda dikkate de\u011fer <strong>bir de\u011fi\u015fim meydana geldi<\/strong>.<\/p>\n\n\n\n<p><strong>Minimalizm denilen yeni bir kavram<\/strong> ve <strong>sessiz l\u00fcks ak\u0131mlar\u0131<\/strong> moda sekt\u00f6r\u00fcn\u00fc de etkilemeye ba\u015flad\u0131 ve di\u011fer ak\u0131mlar\u0131n aras\u0131ndan s\u0131yr\u0131larak \u00f6ne \u00e7\u0131kmaya ba\u015flad\u0131. Moda daha yal\u0131n bir g\u00f6r\u00fcn\u00fcme giderken giysilerin \u00fczerindeki logolar da k\u00fc\u00e7\u00fcld\u00fc ve yaln\u0131zca giysinin \u00fczerindeki k\u00fc\u00e7\u00fck bir detay olarak konumland\u0131lar.<\/p>\n\n\n\n<p>Giysilerin \u00fczerine bas\u0131lan dikkat \u00e7ekici ve b\u00fcy\u00fck logolar art\u0131k <em>out<\/em>tu ve giysilerin \u00fczerinde dikkat \u00e7ekici logolar\u0131n yer almas\u0131 samimiyetsizlik, hatta g\u00f6rg\u00fcs\u00fczl\u00fck olarak kabul g\u00f6r\u00fcyordu.<\/p>\n\n\n\n<p>Bunun en \u00f6nemli nedeninin kullan\u0131c\u0131lar\u0131n s<strong>at\u0131n ald\u0131klar\u0131 \u00fcr\u00fcnlerle ilgili art\u0131k daha \u00e7ok \u015feyi merak etmeleri<\/strong> olarak tan\u0131mlanabilir.<\/p>\n\n\n\n<p>\u00c7\u00fcnk\u00fc g\u00fcnl\u00fck hayatlar\u0131n\u0131n bir par\u00e7as\u0131 olarak sat\u0131n ald\u0131klar\u0131 bu \u00fcr\u00fcnlerin <strong>nerede, hangi \u015fartlar alt\u0131nda, hangi malzemeler kullan\u0131larak ve nas\u0131l<\/strong> imal edildi\u011fi gibi sorular\u0131n yan\u0131tlar\u0131 en az markan\u0131n sundu\u011fu ayr\u0131cal\u0131kl\u0131 ait olma ve sosyal stat\u00fc kadar \u00f6nemli bir hale geldi.<\/p>\n\n\n\n<h3 class=\"wp-block-heading\">&#8220;Kaliteli \u00fcr\u00fcn&#8221; alg\u0131s\u0131n\u0131 y\u00f6netmek<\/h3>\n\n\n\n<p>Buna insanlar\u0131n ki\u015fisel tarzlar\u0131n\u0131 ve sahip olduklar\u0131 kimlikleri markalar\u0131n <strong>sembollerinden ba\u011f\u0131ms\u0131z ifade etme istekleri<\/strong> de katk\u0131 sa\u011flad\u0131. Dolay\u0131s\u0131yla markalar, giysilerin \u00fczerinde logolar\u0131na olabildi\u011fince b\u00fcy\u00fck bir \u015fekilde nas\u0131l yer vereceklerini d\u00fc\u015f\u00fcnmek yerine g<strong>iysilerin kalitesine<\/strong>, hatta <strong>\u00fcretim tekniklerine<\/strong> ve <strong>i\u015f\u00e7iliklerine<\/strong> de odaklanmalar\u0131 gerekti\u011fini d\u00fc\u015f\u00fcnmeye ba\u015flad\u0131lar.<\/p>\n\n\n\n<p>Bunlar <strong>tasar\u0131mlar\u0131n daha sade bir hale gelmesinin \u00f6n\u00fcn\u00fc a\u00e7arken<\/strong> giysilerin i\u015flevine odakland\u0131 ve minimalizm kavram\u0131n\u0131n y\u00fckseli\u015fiyle birlikte insanlar daha m\u00fctevazi g\u00f6r\u00fcn\u00fcrken de \u015f\u0131k olabileceklerini ke\u015ffettiler.<\/p>\n\n\n\n<p>Tasar\u0131mdaki bu sadele\u015fme anlay\u0131\u015f\u0131 yaln\u0131zca geni\u015f kitlelere hitap eden markalar\u0131n t\u00fcketicilerini de\u011fil, kendini \u00f6zellikli bir grubun i\u00e7inde konumland\u0131ran ki\u015filere \u00fcr\u00fcn tedarik eden butik markalarda da kendini g\u00f6sterdi ve <strong>kar\u015f\u0131dan bak\u0131ld\u0131\u011f\u0131nda insanlar\u0131n g\u00f6rg\u00fcs\u00fcz olarak tan\u0131mlanmas\u0131n\u0131n \u00f6n\u00fcne ge\u00e7ecek yepyeni pazarlama stratejileri<\/strong>nin geli\u015fmesine imkan tan\u0131d\u0131.<\/p>\n\n\n\n<p>Son y\u0131llarda reva\u00e7ta olan ve markalar\u0131n insanlar\u0131n hayatlar\u0131ndaki birer par\u00e7a olmas\u0131 gibi mottolardan yola \u00e7\u0131karak geli\u015ftirilen yeni stratejiler, logolar\u0131n art\u0131k <strong>giysilerin \u00fczerinde b\u00fct\u00fcnle\u015fik, hemen g\u00f6ze \u00e7arpmayan ve daha estetik bir yakla\u015f\u0131mla<\/strong> sergilenmesinin yollar\u0131n\u0131n bulunmas\u0131na neden oldu.<\/p>\n\n\n\n<p>Marka pek \u00e7oklar\u0131 i\u00e7in art\u0131k bir sembolden \u00e7ok daha fazlas\u0131. <strong>Giysilerin dokular\u0131na entegre edilen<\/strong> ya da ilk bak\u0131\u015fta g\u00f6r\u00fcnmeyen fakat dikkatli bak\u0131ld\u0131\u011f\u0131nda fark edilen belli belirsiz logolar hatta markalar\u0131n kendilerine malettikleri \u015fekiller hatta renkler art\u0131k modern marka ileti\u015fiminin ba\u015fl\u0131ca unsurlar\u0131 aras\u0131nda yer al\u0131yor.<\/p>\n\n\n\n<p>\u00dcretimde ya\u015fanan bu de\u011fi\u015fim asl\u0131nda t\u00fcketicilerin \u00fcstlerinde ta\u015f\u0131d\u0131klar\u0131 logolara kar\u015f\u0131 sahip olduklar\u0131 bak\u0131\u015f a\u00e7\u0131s\u0131n\u0131n da de\u011fi\u015fti\u011finin iyi bir g\u00f6stergesi.<\/p>\n\n\n\n<h3 class=\"wp-block-heading\">Modada g\u00fcncel yakla\u015f\u0131mlar<\/h3>\n\n\n\n<p>Bir \u00e7ok alanda oldu\u011fu gibi, moda d\u00fcnyas\u0131nda da de\u011fi\u015fimler olur, d\u00f6n\u00fc\u015f\u00fcmler ya\u015fan\u0131r. \u015e<strong>u s\u0131ralar yayg\u0131n \u015fekilde kabul g\u00f6ren yakla\u015f\u0131m ise incelikli bir g\u00f6r\u00fcn\u00fc\u015f ve sofistike bir kimlik aray\u0131\u015f\u0131na yan\u0131t vermek.<\/strong>&nbsp;<\/p>\n\n\n\n<p>T\u00fcketiciler de art\u0131k \u00fcstlerinde markalar\u0131n <strong>b\u00fcy\u00fck ve g\u00f6steri\u015fli logolar\u0131n\u0131 ta\u015f\u0131mak yerine<\/strong> daha <strong>kaliteli ve malzemelerden \u00fcretilmi\u015f,<\/strong> uzun s\u00fcre kullanabilecekleri kadar <strong>kaliteli<\/strong> ve hatta daha <strong>bilin\u00e7li t\u00fcketici toplumlar\u0131<\/strong>n\u0131n talepleri aras\u0131nda sayabilece\u011fimiz ve \u00fcretimden kullan\u0131ma kadar, daha s\u00fcrd\u00fcr\u00fclebilir s\u00fcre\u00e7lerden ge\u00e7mi\u015f \u00fcr\u00fcnleri istiyor.<\/p>\n\n\n\n<p><strong>\u00c7evre bilincindeki olumlu y\u00f6ndeki iyile\u015fme<\/strong> dahi giysilerin \u00fczerindeki logolar\u0131n geri planda kalmas\u0131na ve tasar\u0131m ile malzemeye odaklanmay\u0131 te\u015fvik eden bir y\u00f6nelim olarak tan\u0131mlanabilir.<\/p>\n\n\n\n<p>Markalar\u0131n giysilerin \u00fczerine bast\u0131klar\u0131 logolar\u0131n g\u00f6steri\u015fli bir stat\u00fc sembol\u00fcnden entegre tasar\u0131mlar\u0131n i\u00e7inde <em>hayat\u0131m\u0131z\u0131n bir par\u00e7as\u0131<\/em>&nbsp;haline geli\u015fi asl\u0131nda uzun bir yolculuk.<\/p>\n\n\n\n<p>Bunun de\u011fi\u015fimindeki temel neden ise <strong>t\u00fcketici davran\u0131\u015f\u0131ndaki de\u011fi\u015fiklikler<\/strong> ve moda alg\u0131s\u0131n\u0131n toplum \u00fczerinde ne denli g\u00fc\u00e7l\u00fc bir etkiye sahip oldu\u011fuyla do\u011frudan alakal\u0131. Logolar\u0131n giysilerin \u00fczerinde varolu\u015f bi\u00e7imlerinin de\u011fi\u015fmesi yaln\u0131zca estetik tercihlerle alakal\u0131 de\u011fil ayn\u0131 zamanda markan\u0131n t\u00fcketiciye katt\u0131\u011f\u0131 de\u011feri yeniden tan\u0131mlamas\u0131yla da ilgili.<\/p>\n","protected":false},"excerpt":{"rendered":"<p>Giysiler, markalar\u0131n kendilerini g\u00f6stermek i\u00e7in harika birer ara\u00e7.T\u00fcketici beklentileri ve modada ya\u015fanan de\u011fi\u015fimlere ra\u011fmen markalar \u00e7o\u011fumuz i\u00e7in halen bir stat\u00fc sembol\u00fc, bir ayra\u00e7 hatta \u015fekil, renk ve kal\u0131plarla b\u00fct\u00fcnle\u015fmi\u015f birer ikon. D\u00fcnyada ya\u015fanan de\u011fi\u015fimler ve yeni fikirlerin kendilerine daha fazla alan a\u00e7maya ba\u015flamas\u0131yla birlikte, \u201980\u2019ler ve \u201990\u2019lar markalar, \u00fcrettikleri giysilerin \u00fczerinde logolar\u0131n\u0131 cesurca sergilemeye ba\u015flad\u0131lar&#8230;.<\/p>\n","protected":false},"author":1,"featured_media":968,"comment_status":"open","ping_status":"open","sticky":false,"template":"","format":"standard","meta":{"_coblocks_attr":"","_coblocks_dimensions":"","_coblocks_responsive_height":"","_coblocks_accordion_ie_support":"","_uag_custom_page_level_css":"","_kadence_starter_templates_imported_post":false,"_kad_post_transparent":"","_kad_post_title":"","_kad_post_layout":"","_kad_post_sidebar_id":"","_kad_post_content_style":"","_kad_post_vertical_padding":"","_kad_post_feature":"","_kad_post_feature_position":"","_kad_post_header":false,"_kad_post_footer":false,"footnotes":""},"categories":[474,376],"tags":[45,44,42,46,47,43,40,41],"class_list":["post-845","post","type-post","status-publish","format-standard","has-post-thumbnail","hentry","category-anlam-uretimi","category-iletisim","tag-ait-olma-hissi","tag-kalite-algisi","tag-kulturel-kimlik","tag-minimalizm","tag-sessiz-luks","tag-sosyal-aidiyet","tag-statu-sembolu","tag-tuketici-beklentisi"],"yoast_head":"<!-- This site is optimized with the Yoast SEO plugin v27.3 - https:\/\/yoast.com\/product\/yoast-seo-wordpress\/ -->\n<title>Giysilerin \u00fczerindeki logolar nereye gitti?<\/title>\n<meta name=\"robots\" content=\"index, follow, max-snippet:-1, max-image-preview:large, max-video-preview:-1\" \/>\n<link rel=\"canonical\" href=\"https:\/\/www.kaanugrasiz.com\/tr\/giysilerin-uzerindeki-logolar-nereye-gitti.html\" \/>\n<meta property=\"og:locale\" content=\"tr_TR\" \/>\n<meta property=\"og:type\" content=\"article\" \/>\n<meta property=\"og:title\" content=\"Giysilerin \u00fczerindeki logolar nereye gitti?\" \/>\n<meta property=\"og:description\" content=\"Giysiler, markalar\u0131n kendilerini g\u00f6stermek i\u00e7in harika birer ara\u00e7.T\u00fcketici beklentileri ve modada ya\u015fanan de\u011fi\u015fimlere ra\u011fmen markalar \u00e7o\u011fumuz i\u00e7in halen bir stat\u00fc sembol\u00fc, bir ayra\u00e7 hatta \u015fekil, renk ve kal\u0131plarla b\u00fct\u00fcnle\u015fmi\u015f birer ikon. D\u00fcnyada ya\u015fanan de\u011fi\u015fimler ve yeni fikirlerin kendilerine daha fazla alan a\u00e7maya ba\u015flamas\u0131yla birlikte, \u201980\u2019ler ve \u201990\u2019lar markalar, \u00fcrettikleri giysilerin \u00fczerinde logolar\u0131n\u0131 cesurca sergilemeye ba\u015flad\u0131lar....\" \/>\n<meta property=\"og:url\" content=\"https:\/\/www.kaanugrasiz.com\/tr\/giysilerin-uzerindeki-logolar-nereye-gitti.html\" \/>\n<meta property=\"og:site_name\" content=\"Pazarlama ve marka ileti\u015fimi blogu - Kaan U\u011fras\u0131z\" \/>\n<meta property=\"article:published_time\" content=\"2024-10-18T04:00:00+00:00\" \/>\n<meta property=\"article:modified_time\" content=\"2025-12-23T13:28:29+00:00\" \/>\n<meta property=\"og:image\" content=\"https:\/\/www.kaanugrasiz.com\/tr\/wp-content\/uploads\/2024\/10\/giysilerin-uzerindeki-logolar-nereye-gitti.webp\" \/>\n\t<meta property=\"og:image:width\" content=\"1920\" \/>\n\t<meta property=\"og:image:height\" content=\"1280\" \/>\n\t<meta property=\"og:image:type\" content=\"image\/webp\" \/>\n<meta name=\"author\" content=\"Kaan U\u011fras\u0131z\" \/>\n<meta name=\"twitter:card\" content=\"summary_large_image\" \/>\n<meta name=\"twitter:label1\" content=\"Yazan:\" \/>\n\t<meta name=\"twitter:data1\" content=\"Kaan U\u011fras\u0131z\" \/>\n\t<meta name=\"twitter:label2\" content=\"Tahmini okuma s\u00fcresi\" \/>\n\t<meta name=\"twitter:data2\" content=\"5 dakika\" \/>\n<script type=\"application\/ld+json\" class=\"yoast-schema-graph\">{\"@context\":\"https:\\\/\\\/schema.org\",\"@graph\":[{\"@type\":\"Article\",\"@id\":\"https:\\\/\\\/www.kaanugrasiz.com\\\/tr\\\/giysilerin-uzerindeki-logolar-nereye-gitti.html#article\",\"isPartOf\":{\"@id\":\"https:\\\/\\\/www.kaanugrasiz.com\\\/tr\\\/giysilerin-uzerindeki-logolar-nereye-gitti.html\"},\"author\":{\"name\":\"Kaan U\u011fras\u0131z\",\"@id\":\"https:\\\/\\\/www.kaanugrasiz.com\\\/tr\\\/#\\\/schema\\\/person\\\/c03ebfb2409df5381cad2561495a437e\"},\"headline\":\"Giysilerin \u00fczerindeki logolar nereye gitti?\",\"datePublished\":\"2024-10-18T04:00:00+00:00\",\"dateModified\":\"2025-12-23T13:28:29+00:00\",\"mainEntityOfPage\":{\"@id\":\"https:\\\/\\\/www.kaanugrasiz.com\\\/tr\\\/giysilerin-uzerindeki-logolar-nereye-gitti.html\"},\"wordCount\":1107,\"commentCount\":1,\"publisher\":{\"@id\":\"https:\\\/\\\/www.kaanugrasiz.com\\\/tr\\\/#\\\/schema\\\/person\\\/c03ebfb2409df5381cad2561495a437e\"},\"image\":{\"@id\":\"https:\\\/\\\/www.kaanugrasiz.com\\\/tr\\\/giysilerin-uzerindeki-logolar-nereye-gitti.html#primaryimage\"},\"thumbnailUrl\":\"https:\\\/\\\/www.kaanugrasiz.com\\\/tr\\\/wp-content\\\/uploads\\\/2024\\\/10\\\/giysilerin-uzerindeki-logolar-nereye-gitti.webp\",\"keywords\":[\"ait olma hissi\",\"kalite alg\u0131s\u0131\",\"k\u00fclt\u00fcrel kimlik\",\"minimalizm\",\"sessiz l\u00fcks\",\"sosyal aidiyet\",\"stat\u00fc sembol\u00fc\",\"t\u00fcketici beklentisi\"],\"articleSection\":[\"Anlam \u00fcretimi\",\"\u0130leti\u015fim\"],\"inLanguage\":\"tr\",\"potentialAction\":[{\"@type\":\"CommentAction\",\"name\":\"Comment\",\"target\":[\"https:\\\/\\\/www.kaanugrasiz.com\\\/tr\\\/giysilerin-uzerindeki-logolar-nereye-gitti.html#respond\"]}]},{\"@type\":\"WebPage\",\"@id\":\"https:\\\/\\\/www.kaanugrasiz.com\\\/tr\\\/giysilerin-uzerindeki-logolar-nereye-gitti.html\",\"url\":\"https:\\\/\\\/www.kaanugrasiz.com\\\/tr\\\/giysilerin-uzerindeki-logolar-nereye-gitti.html\",\"name\":\"Giysilerin \u00fczerindeki logolar nereye gitti?\",\"isPartOf\":{\"@id\":\"https:\\\/\\\/www.kaanugrasiz.com\\\/tr\\\/#website\"},\"primaryImageOfPage\":{\"@id\":\"https:\\\/\\\/www.kaanugrasiz.com\\\/tr\\\/giysilerin-uzerindeki-logolar-nereye-gitti.html#primaryimage\"},\"image\":{\"@id\":\"https:\\\/\\\/www.kaanugrasiz.com\\\/tr\\\/giysilerin-uzerindeki-logolar-nereye-gitti.html#primaryimage\"},\"thumbnailUrl\":\"https:\\\/\\\/www.kaanugrasiz.com\\\/tr\\\/wp-content\\\/uploads\\\/2024\\\/10\\\/giysilerin-uzerindeki-logolar-nereye-gitti.webp\",\"datePublished\":\"2024-10-18T04:00:00+00:00\",\"dateModified\":\"2025-12-23T13:28:29+00:00\",\"breadcrumb\":{\"@id\":\"https:\\\/\\\/www.kaanugrasiz.com\\\/tr\\\/giysilerin-uzerindeki-logolar-nereye-gitti.html#breadcrumb\"},\"inLanguage\":\"tr\",\"potentialAction\":[{\"@type\":\"ReadAction\",\"target\":[\"https:\\\/\\\/www.kaanugrasiz.com\\\/tr\\\/giysilerin-uzerindeki-logolar-nereye-gitti.html\"]}]},{\"@type\":\"ImageObject\",\"inLanguage\":\"tr\",\"@id\":\"https:\\\/\\\/www.kaanugrasiz.com\\\/tr\\\/giysilerin-uzerindeki-logolar-nereye-gitti.html#primaryimage\",\"url\":\"https:\\\/\\\/www.kaanugrasiz.com\\\/tr\\\/wp-content\\\/uploads\\\/2024\\\/10\\\/giysilerin-uzerindeki-logolar-nereye-gitti.webp\",\"contentUrl\":\"https:\\\/\\\/www.kaanugrasiz.com\\\/tr\\\/wp-content\\\/uploads\\\/2024\\\/10\\\/giysilerin-uzerindeki-logolar-nereye-gitti.webp\",\"width\":1920,\"height\":1280},{\"@type\":\"BreadcrumbList\",\"@id\":\"https:\\\/\\\/www.kaanugrasiz.com\\\/tr\\\/giysilerin-uzerindeki-logolar-nereye-gitti.html#breadcrumb\",\"itemListElement\":[{\"@type\":\"ListItem\",\"position\":1,\"name\":\"Anasayfa\",\"item\":\"https:\\\/\\\/www.kaanugrasiz.com\\\/tr\\\/\"},{\"@type\":\"ListItem\",\"position\":2,\"name\":\"Giysilerin \u00fczerindeki logolar nereye gitti?\"}]},{\"@type\":\"WebSite\",\"@id\":\"https:\\\/\\\/www.kaanugrasiz.com\\\/tr\\\/#website\",\"url\":\"https:\\\/\\\/www.kaanugrasiz.com\\\/tr\\\/\",\"name\":\"Brand Monday TR\",\"description\":\"\",\"publisher\":{\"@id\":\"https:\\\/\\\/www.kaanugrasiz.com\\\/tr\\\/#\\\/schema\\\/person\\\/c03ebfb2409df5381cad2561495a437e\"},\"potentialAction\":[{\"@type\":\"SearchAction\",\"target\":{\"@type\":\"EntryPoint\",\"urlTemplate\":\"https:\\\/\\\/www.kaanugrasiz.com\\\/tr\\\/?s={search_term_string}\"},\"query-input\":{\"@type\":\"PropertyValueSpecification\",\"valueRequired\":true,\"valueName\":\"search_term_string\"}}],\"inLanguage\":\"tr\"},{\"@type\":[\"Person\",\"Organization\"],\"@id\":\"https:\\\/\\\/www.kaanugrasiz.com\\\/tr\\\/#\\\/schema\\\/person\\\/c03ebfb2409df5381cad2561495a437e\",\"name\":\"Kaan U\u011fras\u0131z\",\"image\":{\"@type\":\"ImageObject\",\"inLanguage\":\"tr\",\"@id\":\"https:\\\/\\\/www.kaanugrasiz.com\\\/tr\\\/wp-content\\\/uploads\\\/2026\\\/02\\\/cropped-cropped-kaanugrasiz-logo-gold.webp\",\"url\":\"https:\\\/\\\/www.kaanugrasiz.com\\\/tr\\\/wp-content\\\/uploads\\\/2026\\\/02\\\/cropped-cropped-kaanugrasiz-logo-gold.webp\",\"contentUrl\":\"https:\\\/\\\/www.kaanugrasiz.com\\\/tr\\\/wp-content\\\/uploads\\\/2026\\\/02\\\/cropped-cropped-kaanugrasiz-logo-gold.webp\",\"width\":512,\"height\":512,\"caption\":\"Kaan U\u011fras\u0131z\"},\"logo\":{\"@id\":\"https:\\\/\\\/www.kaanugrasiz.com\\\/tr\\\/wp-content\\\/uploads\\\/2026\\\/02\\\/cropped-cropped-kaanugrasiz-logo-gold.webp\"},\"description\":\"Yakla\u015f\u0131k 20 y\u0131ll\u0131k deneyime sahip bir pazarlama ileti\u015fimi profesyoneliyim ve \u00e7e\u015fitli formatlarda nitelikli, anlaml\u0131 ve etkili i\u00e7erikler \u00fcretip yay\u0131nlamaya odaklan\u0131yorum. Bir bireyin veya kurulu\u015fun \u00e7evresiyle uyumlu, d\u00fczenli ve anla\u015f\u0131l\u0131r bir ileti\u015fim kurmas\u0131, mevcut ili\u015fkileri g\u00fc\u00e7lendirmesi ve yeni ili\u015fkiler kurmas\u0131 i\u00e7in gereken t\u00fcm ara\u00e7lar\u0131 s\u0131f\u0131rdan geli\u015ftirebilir ve bu ama\u00e7la yol g\u00f6sterici haritalar olu\u015fturabilirim.\",\"sameAs\":[\"https:\\\/\\\/www.kaanugrasiz.com\\\/tr\",\"https:\\\/\\\/instagram.com\\\/kaanugrasiz\",\"https:\\\/\\\/linkedin.com\\\/in\\\/kaanugrasiz\"],\"url\":\"https:\\\/\\\/www.kaanugrasiz.com\\\/tr\\\/author\\\/travego\"}]}<\/script>\n<!-- \/ Yoast SEO plugin. -->","yoast_head_json":{"title":"Giysilerin \u00fczerindeki logolar nereye gitti?","robots":{"index":"index","follow":"follow","max-snippet":"max-snippet:-1","max-image-preview":"max-image-preview:large","max-video-preview":"max-video-preview:-1"},"canonical":"https:\/\/www.kaanugrasiz.com\/tr\/giysilerin-uzerindeki-logolar-nereye-gitti.html","og_locale":"tr_TR","og_type":"article","og_title":"Giysilerin \u00fczerindeki logolar nereye gitti?","og_description":"Giysiler, markalar\u0131n kendilerini g\u00f6stermek i\u00e7in harika birer ara\u00e7.T\u00fcketici beklentileri ve modada ya\u015fanan de\u011fi\u015fimlere ra\u011fmen markalar \u00e7o\u011fumuz i\u00e7in halen bir stat\u00fc sembol\u00fc, bir ayra\u00e7 hatta \u015fekil, renk ve kal\u0131plarla b\u00fct\u00fcnle\u015fmi\u015f birer ikon. D\u00fcnyada ya\u015fanan de\u011fi\u015fimler ve yeni fikirlerin kendilerine daha fazla alan a\u00e7maya ba\u015flamas\u0131yla birlikte, \u201980\u2019ler ve \u201990\u2019lar markalar, \u00fcrettikleri giysilerin \u00fczerinde logolar\u0131n\u0131 cesurca sergilemeye ba\u015flad\u0131lar....","og_url":"https:\/\/www.kaanugrasiz.com\/tr\/giysilerin-uzerindeki-logolar-nereye-gitti.html","og_site_name":"Pazarlama ve marka ileti\u015fimi blogu - Kaan U\u011fras\u0131z","article_published_time":"2024-10-18T04:00:00+00:00","article_modified_time":"2025-12-23T13:28:29+00:00","og_image":[{"width":1920,"height":1280,"url":"https:\/\/www.kaanugrasiz.com\/tr\/wp-content\/uploads\/2024\/10\/giysilerin-uzerindeki-logolar-nereye-gitti.webp","type":"image\/webp"}],"author":"Kaan U\u011fras\u0131z","twitter_card":"summary_large_image","twitter_misc":{"Yazan:":"Kaan U\u011fras\u0131z","Tahmini okuma s\u00fcresi":"5 dakika"},"schema":{"@context":"https:\/\/schema.org","@graph":[{"@type":"Article","@id":"https:\/\/www.kaanugrasiz.com\/tr\/giysilerin-uzerindeki-logolar-nereye-gitti.html#article","isPartOf":{"@id":"https:\/\/www.kaanugrasiz.com\/tr\/giysilerin-uzerindeki-logolar-nereye-gitti.html"},"author":{"name":"Kaan U\u011fras\u0131z","@id":"https:\/\/www.kaanugrasiz.com\/tr\/#\/schema\/person\/c03ebfb2409df5381cad2561495a437e"},"headline":"Giysilerin \u00fczerindeki logolar nereye gitti?","datePublished":"2024-10-18T04:00:00+00:00","dateModified":"2025-12-23T13:28:29+00:00","mainEntityOfPage":{"@id":"https:\/\/www.kaanugrasiz.com\/tr\/giysilerin-uzerindeki-logolar-nereye-gitti.html"},"wordCount":1107,"commentCount":1,"publisher":{"@id":"https:\/\/www.kaanugrasiz.com\/tr\/#\/schema\/person\/c03ebfb2409df5381cad2561495a437e"},"image":{"@id":"https:\/\/www.kaanugrasiz.com\/tr\/giysilerin-uzerindeki-logolar-nereye-gitti.html#primaryimage"},"thumbnailUrl":"https:\/\/www.kaanugrasiz.com\/tr\/wp-content\/uploads\/2024\/10\/giysilerin-uzerindeki-logolar-nereye-gitti.webp","keywords":["ait olma hissi","kalite alg\u0131s\u0131","k\u00fclt\u00fcrel kimlik","minimalizm","sessiz l\u00fcks","sosyal aidiyet","stat\u00fc sembol\u00fc","t\u00fcketici beklentisi"],"articleSection":["Anlam \u00fcretimi","\u0130leti\u015fim"],"inLanguage":"tr","potentialAction":[{"@type":"CommentAction","name":"Comment","target":["https:\/\/www.kaanugrasiz.com\/tr\/giysilerin-uzerindeki-logolar-nereye-gitti.html#respond"]}]},{"@type":"WebPage","@id":"https:\/\/www.kaanugrasiz.com\/tr\/giysilerin-uzerindeki-logolar-nereye-gitti.html","url":"https:\/\/www.kaanugrasiz.com\/tr\/giysilerin-uzerindeki-logolar-nereye-gitti.html","name":"Giysilerin \u00fczerindeki logolar nereye gitti?","isPartOf":{"@id":"https:\/\/www.kaanugrasiz.com\/tr\/#website"},"primaryImageOfPage":{"@id":"https:\/\/www.kaanugrasiz.com\/tr\/giysilerin-uzerindeki-logolar-nereye-gitti.html#primaryimage"},"image":{"@id":"https:\/\/www.kaanugrasiz.com\/tr\/giysilerin-uzerindeki-logolar-nereye-gitti.html#primaryimage"},"thumbnailUrl":"https:\/\/www.kaanugrasiz.com\/tr\/wp-content\/uploads\/2024\/10\/giysilerin-uzerindeki-logolar-nereye-gitti.webp","datePublished":"2024-10-18T04:00:00+00:00","dateModified":"2025-12-23T13:28:29+00:00","breadcrumb":{"@id":"https:\/\/www.kaanugrasiz.com\/tr\/giysilerin-uzerindeki-logolar-nereye-gitti.html#breadcrumb"},"inLanguage":"tr","potentialAction":[{"@type":"ReadAction","target":["https:\/\/www.kaanugrasiz.com\/tr\/giysilerin-uzerindeki-logolar-nereye-gitti.html"]}]},{"@type":"ImageObject","inLanguage":"tr","@id":"https:\/\/www.kaanugrasiz.com\/tr\/giysilerin-uzerindeki-logolar-nereye-gitti.html#primaryimage","url":"https:\/\/www.kaanugrasiz.com\/tr\/wp-content\/uploads\/2024\/10\/giysilerin-uzerindeki-logolar-nereye-gitti.webp","contentUrl":"https:\/\/www.kaanugrasiz.com\/tr\/wp-content\/uploads\/2024\/10\/giysilerin-uzerindeki-logolar-nereye-gitti.webp","width":1920,"height":1280},{"@type":"BreadcrumbList","@id":"https:\/\/www.kaanugrasiz.com\/tr\/giysilerin-uzerindeki-logolar-nereye-gitti.html#breadcrumb","itemListElement":[{"@type":"ListItem","position":1,"name":"Anasayfa","item":"https:\/\/www.kaanugrasiz.com\/tr\/"},{"@type":"ListItem","position":2,"name":"Giysilerin \u00fczerindeki logolar nereye gitti?"}]},{"@type":"WebSite","@id":"https:\/\/www.kaanugrasiz.com\/tr\/#website","url":"https:\/\/www.kaanugrasiz.com\/tr\/","name":"Brand Monday TR","description":"","publisher":{"@id":"https:\/\/www.kaanugrasiz.com\/tr\/#\/schema\/person\/c03ebfb2409df5381cad2561495a437e"},"potentialAction":[{"@type":"SearchAction","target":{"@type":"EntryPoint","urlTemplate":"https:\/\/www.kaanugrasiz.com\/tr\/?s={search_term_string}"},"query-input":{"@type":"PropertyValueSpecification","valueRequired":true,"valueName":"search_term_string"}}],"inLanguage":"tr"},{"@type":["Person","Organization"],"@id":"https:\/\/www.kaanugrasiz.com\/tr\/#\/schema\/person\/c03ebfb2409df5381cad2561495a437e","name":"Kaan U\u011fras\u0131z","image":{"@type":"ImageObject","inLanguage":"tr","@id":"https:\/\/www.kaanugrasiz.com\/tr\/wp-content\/uploads\/2026\/02\/cropped-cropped-kaanugrasiz-logo-gold.webp","url":"https:\/\/www.kaanugrasiz.com\/tr\/wp-content\/uploads\/2026\/02\/cropped-cropped-kaanugrasiz-logo-gold.webp","contentUrl":"https:\/\/www.kaanugrasiz.com\/tr\/wp-content\/uploads\/2026\/02\/cropped-cropped-kaanugrasiz-logo-gold.webp","width":512,"height":512,"caption":"Kaan U\u011fras\u0131z"},"logo":{"@id":"https:\/\/www.kaanugrasiz.com\/tr\/wp-content\/uploads\/2026\/02\/cropped-cropped-kaanugrasiz-logo-gold.webp"},"description":"Yakla\u015f\u0131k 20 y\u0131ll\u0131k deneyime sahip bir pazarlama ileti\u015fimi profesyoneliyim ve \u00e7e\u015fitli formatlarda nitelikli, anlaml\u0131 ve etkili i\u00e7erikler \u00fcretip yay\u0131nlamaya odaklan\u0131yorum. Bir bireyin veya kurulu\u015fun \u00e7evresiyle uyumlu, d\u00fczenli ve anla\u015f\u0131l\u0131r bir ileti\u015fim kurmas\u0131, mevcut ili\u015fkileri g\u00fc\u00e7lendirmesi ve yeni ili\u015fkiler kurmas\u0131 i\u00e7in gereken t\u00fcm ara\u00e7lar\u0131 s\u0131f\u0131rdan geli\u015ftirebilir ve bu ama\u00e7la yol g\u00f6sterici haritalar olu\u015fturabilirim.","sameAs":["https:\/\/www.kaanugrasiz.com\/tr","https:\/\/instagram.com\/kaanugrasiz","https:\/\/linkedin.com\/in\/kaanugrasiz"],"url":"https:\/\/www.kaanugrasiz.com\/tr\/author\/travego"}]}},"uagb_featured_image_src":{"full":["https:\/\/www.kaanugrasiz.com\/tr\/wp-content\/uploads\/2024\/10\/giysilerin-uzerindeki-logolar-nereye-gitti.webp",1920,1280,false],"thumbnail":["https:\/\/www.kaanugrasiz.com\/tr\/wp-content\/uploads\/2024\/10\/giysilerin-uzerindeki-logolar-nereye-gitti-150x150.webp",150,150,true],"medium":["https:\/\/www.kaanugrasiz.com\/tr\/wp-content\/uploads\/2024\/10\/giysilerin-uzerindeki-logolar-nereye-gitti-300x200.webp",300,200,true],"medium_large":["https:\/\/www.kaanugrasiz.com\/tr\/wp-content\/uploads\/2024\/10\/giysilerin-uzerindeki-logolar-nereye-gitti-768x512.webp",768,512,true],"large":["https:\/\/www.kaanugrasiz.com\/tr\/wp-content\/uploads\/2024\/10\/giysilerin-uzerindeki-logolar-nereye-gitti-1024x683.webp",1024,683,true],"1536x1536":["https:\/\/www.kaanugrasiz.com\/tr\/wp-content\/uploads\/2024\/10\/giysilerin-uzerindeki-logolar-nereye-gitti-1536x1024.webp",1536,1024,true],"2048x2048":["https:\/\/www.kaanugrasiz.com\/tr\/wp-content\/uploads\/2024\/10\/giysilerin-uzerindeki-logolar-nereye-gitti.webp",1920,1280,false],"web-stories-poster-portrait":["https:\/\/www.kaanugrasiz.com\/tr\/wp-content\/uploads\/2024\/10\/giysilerin-uzerindeki-logolar-nereye-gitti.webp",640,427,false],"web-stories-publisher-logo":["https:\/\/www.kaanugrasiz.com\/tr\/wp-content\/uploads\/2024\/10\/giysilerin-uzerindeki-logolar-nereye-gitti.webp",96,64,false],"web-stories-thumbnail":["https:\/\/www.kaanugrasiz.com\/tr\/wp-content\/uploads\/2024\/10\/giysilerin-uzerindeki-logolar-nereye-gitti.webp",150,100,false]},"uagb_author_info":{"display_name":"Kaan U\u011fras\u0131z","author_link":"https:\/\/www.kaanugrasiz.com\/tr\/author\/travego"},"uagb_comment_info":1,"uagb_excerpt":"Giysiler, markalar\u0131n kendilerini g\u00f6stermek i\u00e7in harika birer ara\u00e7.T\u00fcketici beklentileri ve modada ya\u015fanan de\u011fi\u015fimlere ra\u011fmen markalar \u00e7o\u011fumuz i\u00e7in halen bir stat\u00fc sembol\u00fc, bir ayra\u00e7 hatta \u015fekil, renk ve kal\u0131plarla b\u00fct\u00fcnle\u015fmi\u015f birer ikon. D\u00fcnyada ya\u015fanan de\u011fi\u015fimler ve yeni fikirlerin kendilerine daha fazla alan a\u00e7maya ba\u015flamas\u0131yla birlikte, \u201980\u2019ler ve \u201990\u2019lar markalar, \u00fcrettikleri giysilerin \u00fczerinde logolar\u0131n\u0131 cesurca sergilemeye ba\u015flad\u0131lar....","_links":{"self":[{"href":"https:\/\/www.kaanugrasiz.com\/tr\/wp-json\/wp\/v2\/posts\/845","targetHints":{"allow":["GET"]}}],"collection":[{"href":"https:\/\/www.kaanugrasiz.com\/tr\/wp-json\/wp\/v2\/posts"}],"about":[{"href":"https:\/\/www.kaanugrasiz.com\/tr\/wp-json\/wp\/v2\/types\/post"}],"author":[{"embeddable":true,"href":"https:\/\/www.kaanugrasiz.com\/tr\/wp-json\/wp\/v2\/users\/1"}],"replies":[{"embeddable":true,"href":"https:\/\/www.kaanugrasiz.com\/tr\/wp-json\/wp\/v2\/comments?post=845"}],"version-history":[{"count":6,"href":"https:\/\/www.kaanugrasiz.com\/tr\/wp-json\/wp\/v2\/posts\/845\/revisions"}],"predecessor-version":[{"id":2666,"href":"https:\/\/www.kaanugrasiz.com\/tr\/wp-json\/wp\/v2\/posts\/845\/revisions\/2666"}],"wp:featuredmedia":[{"embeddable":true,"href":"https:\/\/www.kaanugrasiz.com\/tr\/wp-json\/wp\/v2\/media\/968"}],"wp:attachment":[{"href":"https:\/\/www.kaanugrasiz.com\/tr\/wp-json\/wp\/v2\/media?parent=845"}],"wp:term":[{"taxonomy":"category","embeddable":true,"href":"https:\/\/www.kaanugrasiz.com\/tr\/wp-json\/wp\/v2\/categories?post=845"},{"taxonomy":"post_tag","embeddable":true,"href":"https:\/\/www.kaanugrasiz.com\/tr\/wp-json\/wp\/v2\/tags?post=845"}],"curies":[{"name":"wp","href":"https:\/\/api.w.org\/{rel}","templated":true}]}}