{"id":840,"date":"2024-10-08T07:00:00","date_gmt":"2024-10-08T04:00:00","guid":{"rendered":"https:\/\/www.kaanugrasiz.com\/tr\/?p=840"},"modified":"2025-09-26T14:01:22","modified_gmt":"2025-09-26T11:01:22","slug":"marka-algisi","status":"publish","type":"post","link":"https:\/\/www.kaanugrasiz.com\/tr\/marka-algisi.html","title":{"rendered":"&#8220;Marka alg\u0131s\u0131&#8221; dedi\u011fimde asl\u0131nda neden bahsediyorum?"},"content":{"rendered":"\n<h2 class=\"wp-block-heading\">\u0130\u015fin hangi taraf\u0131nda olursa olsun, marka sahiplerinin ve markalar\u0131 pazarlamak i\u00e7in \u00e7al\u0131\u015fan insanlar\u0131n dilinden d\u00fc\u015fmeyen bir tan\u0131m var: \u201cmarka alg\u0131s\u0131\u201d. Sunumlarda, brieflerde, e-postalarda, bloglarda\u2026 Profesyonellerin kullanabildi\u011fi her mecrada bu tan\u0131m\u0131 kullan\u0131rken asl\u0131nda kimin ne demek istedi\u011fini hi\u00e7 d\u00fc\u015f\u00fcnd\u00fcn m\u00fc?<\/h2>\n\n\n\n<p><strong>Marka alg\u0131s\u0131<\/strong>n\u0131 tan\u0131mlamaya ba\u015flamadan \u00f6nce <strong>alg\u0131<\/strong>n\u0131n ne oldu\u011funu anlamam\u0131z gerekiyor.<\/p>\n\n\n\n<p>Temel olarak bireyin sahip oldu\u011fu duyular\u0131 kullanarak \u00e7evresinden gelen fiziksel ve duygusal girdileri zihninde alg\u0131lay\u0131p sahip oldu\u011fu deneyim ve beklentilerine g\u00f6re bir yarg\u0131ya varmas\u0131 olarak tan\u0131mlayabiliriz alg\u0131y\u0131.<\/p>\n\n\n\n<p>Marka alg\u0131s\u0131 ise, markan\u0131n hedef kitlesinin <strong>marka hakk\u0131nda ne d\u00fc\u015f\u00fcnd\u00fc\u011f\u00fc ve marka ile ilgili fiziksel duyular ald\u0131\u011f\u0131nda ne hissetti\u011fi<\/strong>yle ilgilidir.<\/p>\n\n\n\n<p>Marka a\u00e7\u0131s\u0131ndan bu hissi olumlu y\u00f6nde geli\u015ftirmek,<strong> t\u00fcketicinin var oldu\u011fu her mecra<\/strong>da pazarlama faaliyetleri y\u00fcr\u00fctmekle ger\u00e7ekle\u015fir ve s\u00fcre\u00e7 online ve offline mecralardaki ara\u00e7lar\u0131n efektif bi\u00e7imde kullan\u0131lmas\u0131yla y\u00f6netilir. Burada <strong>bahse konu olan eylem yaln\u0131zca markan\u0131n kendini tan\u0131tmas\u0131na odaklanmaz<\/strong>, bir\u00e7ok parametreyi i\u00e7eren birden \u00e7ok denklemin m\u00fcmk\u00fcn olan en iyi \u00e7\u00f6z\u00fcm\u00fcd\u00fcr.<\/p>\n\n\n\n<p>Bir markan\u0131n <strong>olumlu \u015fekilde alg\u0131lanmas\u0131n\u0131n en temel kriterleri aras\u0131nda<\/strong>&nbsp;s\u00f6ylemlerin t\u00fcketiciye hitap ediyor olmas\u0131, vaatlerin tutulmas\u0131, \u00f6zg\u00fcnl\u00fck, \u015feffafl\u0131k, etik s\u0131n\u0131rlar\u0131n korunmas\u0131, m\u00fc\u015fteriyle anlaml\u0131 ve kaliteli etkile\u015fim kurmak say\u0131labilir.<\/p>\n\n\n\n<h3 class=\"wp-block-heading\">Bir marka alg\u0131s\u0131n\u0131 nas\u0131l y\u00f6netir?&nbsp;&nbsp;<\/h3>\n\n\n\n<p>Ba\u015fl\u0131ca,<\/p>\n\n\n\n<ul class=\"wp-block-list\">\n<li>Tutarl\u0131 \u015fekilde tasarlanm\u0131\u015f bir marka kimli\u011fine sahip olarak<\/li>\n\n\n\n<li>\u0130yi hedeflenmi\u015f ve uygulanabilir marka de\u011ferlerine sahip olarak<\/li>\n\n\n\n<li>\u0130yile\u015ftirilmi\u015f ve m\u00fckemmeliyete do\u011fru giden m\u00fc\u015fteri deneyimi sunarak<\/li>\n\n\n\n<li>G\u00fc\u00e7l\u00fc itibar y\u00f6netimi ile<\/li>\n\n\n\n<li>T\u00fcketicilerin marka hakk\u0131nda neler s\u00f6yledi\u011fini dinleyerek<\/li>\n\n\n\n<li>Kapsaml\u0131 pazarlama ileti\u015fimi faaliyetleri s\u00fcrd\u00fcrerek<\/li>\n\n\n\n<li>Do\u011fru hedeflenmi\u015f reklamlar\u0131 kullanarak<\/li>\n<\/ul>\n\n\n\n<p>&#8230;&nbsp;<\/p>\n\n\n\n<h3 class=\"wp-block-heading\">Marka alg\u0131s\u0131n\u0131 iyile\u015ftirmek i\u00e7in neden yat\u0131r\u0131m yap\u0131lmal\u0131d\u0131r?<\/h3>\n\n\n\n<p>Denklem olduk\u00e7a basit: <strong>t\u00fcketici markan\u0131za bakt\u0131\u011f\u0131nda iyi \u015feyler alg\u0131larsa<\/strong> daha \u00e7ok g\u00fcvenir, \u00fcr\u00fcn ve hizmetlerinize <strong>sad\u0131k kal\u0131r<\/strong>, hatta ikincil olarak, da <strong>ba\u015fkalar\u0131na \u00f6nerir<\/strong>. Marka alg\u0131s\u0131n\u0131n g\u00fc\u00e7lenmesi m\u00fc\u015fteri ba\u011fl\u0131\u011f\u0131 ile do\u011frudan ba\u011flant\u0131l\u0131d\u0131r, piyasadaki kal\u0131c\u0131l\u0131\u011f\u0131 artt\u0131rd\u0131\u011f\u0131 gibi nihai hedef olarak sat\u0131\u015flar\u0131n da artmas\u0131n\u0131 sa\u011flar.<\/p>\n\n\n\n<p>Dolay\u0131s\u0131yla, <strong>bir markay\u0131 alg\u0131lamak, yaln\u0131zca o markan\u0131n ad\u0131n\u0131 bilmek, slogan\u0131n\u0131 ezberlemek ya da \u00fcr\u00fcnlerini takip etmekten \u00e7ok daha fazlas\u0131d\u0131r;<\/strong>&nbsp;markan\u0131n de\u011ferlerini, d\u00fcnyaya nas\u0131l bakt\u0131\u011f\u0131n\u0131, s\u00f6yledi\u011fi s\u00f6zleri hatta t\u00fcketiciye sundu\u011fu deneyimi de anlamay\u0131 i\u00e7erir.<\/p>\n\n\n\n<p>Bunun yan\u0131nda, <strong>y\u00fcr\u00fct\u00fclen faaliyetler t\u00fcketiciyle uyumlu da olabilir, onlara ters de d\u00fc\u015febilir,<\/strong> olsun; <strong>olumsuz olay\u0131 olumlu olana \u00e7evirmek<\/strong> de marka alg\u0131s\u0131n\u0131n geli\u015ftirme \u00e7al\u0131\u015fmalar\u0131 i\u00e7inde yer al\u0131r.<\/p>\n\n\n\n<p><strong>T\u00fcketici, markan\u0131n d\u0131\u015far\u0131ya a\u00e7\u0131lan taraf\u0131n\u0131 g\u00f6r\u00fcr, duyar ve<\/strong> marka hakk\u0131nda kendi fikirlerini olu\u015fturur. Bu nedenle bir \u015firket i\u00e7in marka alg\u0131s\u0131n\u0131 y\u00f6netmek, <strong>m\u00fc\u015fterinin marka ile birlikte olan yolculu\u011funda her detaya dikkat etmesi<\/strong>ni gerektiren \u00f6nemli bir s\u00fcre\u00e7tir.<\/p>\n\n\n\n<p>E\u011fer bir marka hedef kitlesindeki t\u00fcketiciler ile kal\u0131c\u0131 bir ileti\u015fim istiyorsa, marka alg\u0131s\u0131n\u0131 devaml\u0131 olarak iyile\u015ftirici \u00e7al\u0131\u015fmalar y\u00fcr\u00fctmelidir.<\/p>\n","protected":false},"excerpt":{"rendered":"<p>\u0130\u015fin hangi taraf\u0131nda olursa olsun, marka sahiplerinin ve markalar\u0131 pazarlamak i\u00e7in \u00e7al\u0131\u015fan insanlar\u0131n dilinden d\u00fc\u015fmeyen bir tan\u0131m var: \u201cmarka alg\u0131s\u0131\u201d. Sunumlarda, brieflerde, e-postalarda, bloglarda\u2026 Profesyonellerin kullanabildi\u011fi her mecrada bu tan\u0131m\u0131 kullan\u0131rken asl\u0131nda kimin ne demek istedi\u011fini hi\u00e7 d\u00fc\u015f\u00fcnd\u00fcn m\u00fc? Marka alg\u0131s\u0131n\u0131 tan\u0131mlamaya ba\u015flamadan \u00f6nce alg\u0131n\u0131n ne oldu\u011funu anlamam\u0131z gerekiyor. Temel olarak bireyin sahip oldu\u011fu duyular\u0131&#8230;<\/p>\n","protected":false},"author":1,"featured_media":961,"comment_status":"open","ping_status":"open","sticky":false,"template":"","format":"standard","meta":{"_coblocks_attr":"","_coblocks_dimensions":"","_coblocks_responsive_height":"","_coblocks_accordion_ie_support":"","_uag_custom_page_level_css":"","_kadence_starter_templates_imported_post":false,"_kad_post_transparent":"","_kad_post_title":"","_kad_post_layout":"","_kad_post_sidebar_id":"","_kad_post_content_style":"","_kad_post_vertical_padding":"","_kad_post_feature":"","_kad_post_feature_position":"","_kad_post_header":false,"_kad_post_footer":false,"footnotes":""},"categories":[185],"tags":[37,39,32,27,35,34,29,38,36],"class_list":["post-840","post","type-post","status-publish","format-standard","has-post-thumbnail","hentry","category-kahve-molasi","tag-hedeflenmis-markalama","tag-hedeflenmis-reklamlar","tag-itibar-yonetimi","tag-marka-algisi","tag-marka-algisi-yonetimi","tag-marka-sadakati","tag-musteri-deneyimi","tag-pazarlama-iletisimi","tag-tutarli-markalasma"],"yoast_head":"<!-- This site is optimized with the Yoast SEO plugin v27.3 - https:\/\/yoast.com\/product\/yoast-seo-wordpress\/ -->\n<title>&quot;Marka alg\u0131s\u0131&quot; dedi\u011fimde asl\u0131nda neden bahsediyorum?<\/title>\n<meta name=\"robots\" content=\"index, follow, max-snippet:-1, max-image-preview:large, max-video-preview:-1\" \/>\n<link rel=\"canonical\" href=\"https:\/\/www.kaanugrasiz.com\/tr\/marka-algisi.html\" \/>\n<meta property=\"og:locale\" content=\"tr_TR\" \/>\n<meta property=\"og:type\" content=\"article\" \/>\n<meta property=\"og:title\" content=\"&quot;Marka alg\u0131s\u0131&quot; dedi\u011fimde asl\u0131nda neden bahsediyorum?\" \/>\n<meta property=\"og:description\" content=\"\u0130\u015fin hangi taraf\u0131nda olursa olsun, marka sahiplerinin ve markalar\u0131 pazarlamak i\u00e7in \u00e7al\u0131\u015fan insanlar\u0131n dilinden d\u00fc\u015fmeyen bir tan\u0131m var: \u201cmarka alg\u0131s\u0131\u201d. Sunumlarda, brieflerde, e-postalarda, bloglarda\u2026 Profesyonellerin kullanabildi\u011fi her mecrada bu tan\u0131m\u0131 kullan\u0131rken asl\u0131nda kimin ne demek istedi\u011fini hi\u00e7 d\u00fc\u015f\u00fcnd\u00fcn m\u00fc? Marka alg\u0131s\u0131n\u0131 tan\u0131mlamaya ba\u015flamadan \u00f6nce alg\u0131n\u0131n ne oldu\u011funu anlamam\u0131z gerekiyor. Temel olarak bireyin sahip oldu\u011fu duyular\u0131...\" \/>\n<meta property=\"og:url\" content=\"https:\/\/www.kaanugrasiz.com\/tr\/marka-algisi.html\" \/>\n<meta property=\"og:site_name\" content=\"Pazarlama ve marka ileti\u015fimi blogu - Kaan U\u011fras\u0131z\" \/>\n<meta property=\"article:published_time\" content=\"2024-10-08T04:00:00+00:00\" \/>\n<meta property=\"article:modified_time\" content=\"2025-09-26T11:01:22+00:00\" \/>\n<meta property=\"og:image\" content=\"https:\/\/www.kaanugrasiz.com\/tr\/wp-content\/uploads\/2024\/10\/marka-algisi-dedigimde-neden-bahsediyorum-scaled.webp\" \/>\n\t<meta property=\"og:image:width\" content=\"2560\" \/>\n\t<meta property=\"og:image:height\" content=\"1707\" \/>\n\t<meta property=\"og:image:type\" content=\"image\/webp\" \/>\n<meta name=\"author\" content=\"Kaan U\u011fras\u0131z\" \/>\n<meta name=\"twitter:card\" content=\"summary_large_image\" \/>\n<meta name=\"twitter:label1\" content=\"Yazan:\" \/>\n\t<meta name=\"twitter:data1\" content=\"Kaan U\u011fras\u0131z\" \/>\n\t<meta name=\"twitter:label2\" content=\"Tahmini okuma s\u00fcresi\" \/>\n\t<meta name=\"twitter:data2\" content=\"3 dakika\" \/>\n<script type=\"application\/ld+json\" class=\"yoast-schema-graph\">{\"@context\":\"https:\\\/\\\/schema.org\",\"@graph\":[{\"@type\":\"Article\",\"@id\":\"https:\\\/\\\/www.kaanugrasiz.com\\\/tr\\\/marka-algisi.html#article\",\"isPartOf\":{\"@id\":\"https:\\\/\\\/www.kaanugrasiz.com\\\/tr\\\/marka-algisi.html\"},\"author\":{\"name\":\"Kaan U\u011fras\u0131z\",\"@id\":\"https:\\\/\\\/www.kaanugrasiz.com\\\/tr\\\/#\\\/schema\\\/person\\\/c03ebfb2409df5381cad2561495a437e\"},\"headline\":\"&#8220;Marka alg\u0131s\u0131&#8221; dedi\u011fimde asl\u0131nda neden bahsediyorum?\",\"datePublished\":\"2024-10-08T04:00:00+00:00\",\"dateModified\":\"2025-09-26T11:01:22+00:00\",\"mainEntityOfPage\":{\"@id\":\"https:\\\/\\\/www.kaanugrasiz.com\\\/tr\\\/marka-algisi.html\"},\"wordCount\":598,\"commentCount\":0,\"publisher\":{\"@id\":\"https:\\\/\\\/www.kaanugrasiz.com\\\/tr\\\/#\\\/schema\\\/person\\\/c03ebfb2409df5381cad2561495a437e\"},\"image\":{\"@id\":\"https:\\\/\\\/www.kaanugrasiz.com\\\/tr\\\/marka-algisi.html#primaryimage\"},\"thumbnailUrl\":\"https:\\\/\\\/www.kaanugrasiz.com\\\/tr\\\/wp-content\\\/uploads\\\/2024\\\/10\\\/marka-algisi-dedigimde-neden-bahsediyorum-scaled.webp\",\"keywords\":[\"hedeflenmi\u015f markalama\",\"hedeflenmi\u015f reklamlar\",\"itibar y\u00f6netimi\",\"Marka alg\u0131s\u0131\",\"marka alg\u0131s\u0131 y\u00f6netimi\",\"marka sadakati\",\"m\u00fc\u015fteri deneyimi\",\"pazarlama ileti\u015fimi\",\"tutarl\u0131 markala\u015fma\"],\"articleSection\":[\"Kahve molas\u0131\"],\"inLanguage\":\"tr\",\"potentialAction\":[{\"@type\":\"CommentAction\",\"name\":\"Comment\",\"target\":[\"https:\\\/\\\/www.kaanugrasiz.com\\\/tr\\\/marka-algisi.html#respond\"]}]},{\"@type\":\"WebPage\",\"@id\":\"https:\\\/\\\/www.kaanugrasiz.com\\\/tr\\\/marka-algisi.html\",\"url\":\"https:\\\/\\\/www.kaanugrasiz.com\\\/tr\\\/marka-algisi.html\",\"name\":\"\\\"Marka alg\u0131s\u0131\\\" dedi\u011fimde asl\u0131nda neden bahsediyorum?\",\"isPartOf\":{\"@id\":\"https:\\\/\\\/www.kaanugrasiz.com\\\/tr\\\/#website\"},\"primaryImageOfPage\":{\"@id\":\"https:\\\/\\\/www.kaanugrasiz.com\\\/tr\\\/marka-algisi.html#primaryimage\"},\"image\":{\"@id\":\"https:\\\/\\\/www.kaanugrasiz.com\\\/tr\\\/marka-algisi.html#primaryimage\"},\"thumbnailUrl\":\"https:\\\/\\\/www.kaanugrasiz.com\\\/tr\\\/wp-content\\\/uploads\\\/2024\\\/10\\\/marka-algisi-dedigimde-neden-bahsediyorum-scaled.webp\",\"datePublished\":\"2024-10-08T04:00:00+00:00\",\"dateModified\":\"2025-09-26T11:01:22+00:00\",\"breadcrumb\":{\"@id\":\"https:\\\/\\\/www.kaanugrasiz.com\\\/tr\\\/marka-algisi.html#breadcrumb\"},\"inLanguage\":\"tr\",\"potentialAction\":[{\"@type\":\"ReadAction\",\"target\":[\"https:\\\/\\\/www.kaanugrasiz.com\\\/tr\\\/marka-algisi.html\"]}]},{\"@type\":\"ImageObject\",\"inLanguage\":\"tr\",\"@id\":\"https:\\\/\\\/www.kaanugrasiz.com\\\/tr\\\/marka-algisi.html#primaryimage\",\"url\":\"https:\\\/\\\/www.kaanugrasiz.com\\\/tr\\\/wp-content\\\/uploads\\\/2024\\\/10\\\/marka-algisi-dedigimde-neden-bahsediyorum-scaled.webp\",\"contentUrl\":\"https:\\\/\\\/www.kaanugrasiz.com\\\/tr\\\/wp-content\\\/uploads\\\/2024\\\/10\\\/marka-algisi-dedigimde-neden-bahsediyorum-scaled.webp\",\"width\":2560,\"height\":1707},{\"@type\":\"BreadcrumbList\",\"@id\":\"https:\\\/\\\/www.kaanugrasiz.com\\\/tr\\\/marka-algisi.html#breadcrumb\",\"itemListElement\":[{\"@type\":\"ListItem\",\"position\":1,\"name\":\"Anasayfa\",\"item\":\"https:\\\/\\\/www.kaanugrasiz.com\\\/tr\\\/\"},{\"@type\":\"ListItem\",\"position\":2,\"name\":\"&#8220;Marka alg\u0131s\u0131&#8221; dedi\u011fimde asl\u0131nda neden bahsediyorum?\"}]},{\"@type\":\"WebSite\",\"@id\":\"https:\\\/\\\/www.kaanugrasiz.com\\\/tr\\\/#website\",\"url\":\"https:\\\/\\\/www.kaanugrasiz.com\\\/tr\\\/\",\"name\":\"Brand Monday TR\",\"description\":\"\",\"publisher\":{\"@id\":\"https:\\\/\\\/www.kaanugrasiz.com\\\/tr\\\/#\\\/schema\\\/person\\\/c03ebfb2409df5381cad2561495a437e\"},\"potentialAction\":[{\"@type\":\"SearchAction\",\"target\":{\"@type\":\"EntryPoint\",\"urlTemplate\":\"https:\\\/\\\/www.kaanugrasiz.com\\\/tr\\\/?s={search_term_string}\"},\"query-input\":{\"@type\":\"PropertyValueSpecification\",\"valueRequired\":true,\"valueName\":\"search_term_string\"}}],\"inLanguage\":\"tr\"},{\"@type\":[\"Person\",\"Organization\"],\"@id\":\"https:\\\/\\\/www.kaanugrasiz.com\\\/tr\\\/#\\\/schema\\\/person\\\/c03ebfb2409df5381cad2561495a437e\",\"name\":\"Kaan U\u011fras\u0131z\",\"image\":{\"@type\":\"ImageObject\",\"inLanguage\":\"tr\",\"@id\":\"https:\\\/\\\/www.kaanugrasiz.com\\\/tr\\\/wp-content\\\/uploads\\\/2026\\\/02\\\/cropped-cropped-kaanugrasiz-logo-gold.webp\",\"url\":\"https:\\\/\\\/www.kaanugrasiz.com\\\/tr\\\/wp-content\\\/uploads\\\/2026\\\/02\\\/cropped-cropped-kaanugrasiz-logo-gold.webp\",\"contentUrl\":\"https:\\\/\\\/www.kaanugrasiz.com\\\/tr\\\/wp-content\\\/uploads\\\/2026\\\/02\\\/cropped-cropped-kaanugrasiz-logo-gold.webp\",\"width\":512,\"height\":512,\"caption\":\"Kaan U\u011fras\u0131z\"},\"logo\":{\"@id\":\"https:\\\/\\\/www.kaanugrasiz.com\\\/tr\\\/wp-content\\\/uploads\\\/2026\\\/02\\\/cropped-cropped-kaanugrasiz-logo-gold.webp\"},\"description\":\"Yakla\u015f\u0131k 20 y\u0131ll\u0131k deneyime sahip bir pazarlama ileti\u015fimi profesyoneliyim ve \u00e7e\u015fitli formatlarda nitelikli, anlaml\u0131 ve etkili i\u00e7erikler \u00fcretip yay\u0131nlamaya odaklan\u0131yorum. Bir bireyin veya kurulu\u015fun \u00e7evresiyle uyumlu, d\u00fczenli ve anla\u015f\u0131l\u0131r bir ileti\u015fim kurmas\u0131, mevcut ili\u015fkileri g\u00fc\u00e7lendirmesi ve yeni ili\u015fkiler kurmas\u0131 i\u00e7in gereken t\u00fcm ara\u00e7lar\u0131 s\u0131f\u0131rdan geli\u015ftirebilir ve bu ama\u00e7la yol g\u00f6sterici haritalar olu\u015fturabilirim.\",\"sameAs\":[\"https:\\\/\\\/www.kaanugrasiz.com\\\/tr\",\"https:\\\/\\\/instagram.com\\\/kaanugrasiz\",\"https:\\\/\\\/linkedin.com\\\/in\\\/kaanugrasiz\"],\"url\":\"https:\\\/\\\/www.kaanugrasiz.com\\\/tr\\\/author\\\/travego\"}]}<\/script>\n<!-- \/ Yoast SEO plugin. -->","yoast_head_json":{"title":"\"Marka alg\u0131s\u0131\" dedi\u011fimde asl\u0131nda neden bahsediyorum?","robots":{"index":"index","follow":"follow","max-snippet":"max-snippet:-1","max-image-preview":"max-image-preview:large","max-video-preview":"max-video-preview:-1"},"canonical":"https:\/\/www.kaanugrasiz.com\/tr\/marka-algisi.html","og_locale":"tr_TR","og_type":"article","og_title":"\"Marka alg\u0131s\u0131\" dedi\u011fimde asl\u0131nda neden bahsediyorum?","og_description":"\u0130\u015fin hangi taraf\u0131nda olursa olsun, marka sahiplerinin ve markalar\u0131 pazarlamak i\u00e7in \u00e7al\u0131\u015fan insanlar\u0131n dilinden d\u00fc\u015fmeyen bir tan\u0131m var: \u201cmarka alg\u0131s\u0131\u201d. Sunumlarda, brieflerde, e-postalarda, bloglarda\u2026 Profesyonellerin kullanabildi\u011fi her mecrada bu tan\u0131m\u0131 kullan\u0131rken asl\u0131nda kimin ne demek istedi\u011fini hi\u00e7 d\u00fc\u015f\u00fcnd\u00fcn m\u00fc? Marka alg\u0131s\u0131n\u0131 tan\u0131mlamaya ba\u015flamadan \u00f6nce alg\u0131n\u0131n ne oldu\u011funu anlamam\u0131z gerekiyor. Temel olarak bireyin sahip oldu\u011fu duyular\u0131...","og_url":"https:\/\/www.kaanugrasiz.com\/tr\/marka-algisi.html","og_site_name":"Pazarlama ve marka ileti\u015fimi blogu - Kaan U\u011fras\u0131z","article_published_time":"2024-10-08T04:00:00+00:00","article_modified_time":"2025-09-26T11:01:22+00:00","og_image":[{"width":2560,"height":1707,"url":"https:\/\/www.kaanugrasiz.com\/tr\/wp-content\/uploads\/2024\/10\/marka-algisi-dedigimde-neden-bahsediyorum-scaled.webp","type":"image\/webp"}],"author":"Kaan U\u011fras\u0131z","twitter_card":"summary_large_image","twitter_misc":{"Yazan:":"Kaan U\u011fras\u0131z","Tahmini okuma s\u00fcresi":"3 dakika"},"schema":{"@context":"https:\/\/schema.org","@graph":[{"@type":"Article","@id":"https:\/\/www.kaanugrasiz.com\/tr\/marka-algisi.html#article","isPartOf":{"@id":"https:\/\/www.kaanugrasiz.com\/tr\/marka-algisi.html"},"author":{"name":"Kaan U\u011fras\u0131z","@id":"https:\/\/www.kaanugrasiz.com\/tr\/#\/schema\/person\/c03ebfb2409df5381cad2561495a437e"},"headline":"&#8220;Marka alg\u0131s\u0131&#8221; dedi\u011fimde asl\u0131nda neden bahsediyorum?","datePublished":"2024-10-08T04:00:00+00:00","dateModified":"2025-09-26T11:01:22+00:00","mainEntityOfPage":{"@id":"https:\/\/www.kaanugrasiz.com\/tr\/marka-algisi.html"},"wordCount":598,"commentCount":0,"publisher":{"@id":"https:\/\/www.kaanugrasiz.com\/tr\/#\/schema\/person\/c03ebfb2409df5381cad2561495a437e"},"image":{"@id":"https:\/\/www.kaanugrasiz.com\/tr\/marka-algisi.html#primaryimage"},"thumbnailUrl":"https:\/\/www.kaanugrasiz.com\/tr\/wp-content\/uploads\/2024\/10\/marka-algisi-dedigimde-neden-bahsediyorum-scaled.webp","keywords":["hedeflenmi\u015f markalama","hedeflenmi\u015f reklamlar","itibar y\u00f6netimi","Marka alg\u0131s\u0131","marka alg\u0131s\u0131 y\u00f6netimi","marka sadakati","m\u00fc\u015fteri deneyimi","pazarlama ileti\u015fimi","tutarl\u0131 markala\u015fma"],"articleSection":["Kahve molas\u0131"],"inLanguage":"tr","potentialAction":[{"@type":"CommentAction","name":"Comment","target":["https:\/\/www.kaanugrasiz.com\/tr\/marka-algisi.html#respond"]}]},{"@type":"WebPage","@id":"https:\/\/www.kaanugrasiz.com\/tr\/marka-algisi.html","url":"https:\/\/www.kaanugrasiz.com\/tr\/marka-algisi.html","name":"\"Marka alg\u0131s\u0131\" dedi\u011fimde asl\u0131nda neden bahsediyorum?","isPartOf":{"@id":"https:\/\/www.kaanugrasiz.com\/tr\/#website"},"primaryImageOfPage":{"@id":"https:\/\/www.kaanugrasiz.com\/tr\/marka-algisi.html#primaryimage"},"image":{"@id":"https:\/\/www.kaanugrasiz.com\/tr\/marka-algisi.html#primaryimage"},"thumbnailUrl":"https:\/\/www.kaanugrasiz.com\/tr\/wp-content\/uploads\/2024\/10\/marka-algisi-dedigimde-neden-bahsediyorum-scaled.webp","datePublished":"2024-10-08T04:00:00+00:00","dateModified":"2025-09-26T11:01:22+00:00","breadcrumb":{"@id":"https:\/\/www.kaanugrasiz.com\/tr\/marka-algisi.html#breadcrumb"},"inLanguage":"tr","potentialAction":[{"@type":"ReadAction","target":["https:\/\/www.kaanugrasiz.com\/tr\/marka-algisi.html"]}]},{"@type":"ImageObject","inLanguage":"tr","@id":"https:\/\/www.kaanugrasiz.com\/tr\/marka-algisi.html#primaryimage","url":"https:\/\/www.kaanugrasiz.com\/tr\/wp-content\/uploads\/2024\/10\/marka-algisi-dedigimde-neden-bahsediyorum-scaled.webp","contentUrl":"https:\/\/www.kaanugrasiz.com\/tr\/wp-content\/uploads\/2024\/10\/marka-algisi-dedigimde-neden-bahsediyorum-scaled.webp","width":2560,"height":1707},{"@type":"BreadcrumbList","@id":"https:\/\/www.kaanugrasiz.com\/tr\/marka-algisi.html#breadcrumb","itemListElement":[{"@type":"ListItem","position":1,"name":"Anasayfa","item":"https:\/\/www.kaanugrasiz.com\/tr\/"},{"@type":"ListItem","position":2,"name":"&#8220;Marka alg\u0131s\u0131&#8221; dedi\u011fimde asl\u0131nda neden bahsediyorum?"}]},{"@type":"WebSite","@id":"https:\/\/www.kaanugrasiz.com\/tr\/#website","url":"https:\/\/www.kaanugrasiz.com\/tr\/","name":"Brand Monday TR","description":"","publisher":{"@id":"https:\/\/www.kaanugrasiz.com\/tr\/#\/schema\/person\/c03ebfb2409df5381cad2561495a437e"},"potentialAction":[{"@type":"SearchAction","target":{"@type":"EntryPoint","urlTemplate":"https:\/\/www.kaanugrasiz.com\/tr\/?s={search_term_string}"},"query-input":{"@type":"PropertyValueSpecification","valueRequired":true,"valueName":"search_term_string"}}],"inLanguage":"tr"},{"@type":["Person","Organization"],"@id":"https:\/\/www.kaanugrasiz.com\/tr\/#\/schema\/person\/c03ebfb2409df5381cad2561495a437e","name":"Kaan U\u011fras\u0131z","image":{"@type":"ImageObject","inLanguage":"tr","@id":"https:\/\/www.kaanugrasiz.com\/tr\/wp-content\/uploads\/2026\/02\/cropped-cropped-kaanugrasiz-logo-gold.webp","url":"https:\/\/www.kaanugrasiz.com\/tr\/wp-content\/uploads\/2026\/02\/cropped-cropped-kaanugrasiz-logo-gold.webp","contentUrl":"https:\/\/www.kaanugrasiz.com\/tr\/wp-content\/uploads\/2026\/02\/cropped-cropped-kaanugrasiz-logo-gold.webp","width":512,"height":512,"caption":"Kaan U\u011fras\u0131z"},"logo":{"@id":"https:\/\/www.kaanugrasiz.com\/tr\/wp-content\/uploads\/2026\/02\/cropped-cropped-kaanugrasiz-logo-gold.webp"},"description":"Yakla\u015f\u0131k 20 y\u0131ll\u0131k deneyime sahip bir pazarlama ileti\u015fimi profesyoneliyim ve \u00e7e\u015fitli formatlarda nitelikli, anlaml\u0131 ve etkili i\u00e7erikler \u00fcretip yay\u0131nlamaya odaklan\u0131yorum. Bir bireyin veya kurulu\u015fun \u00e7evresiyle uyumlu, d\u00fczenli ve anla\u015f\u0131l\u0131r bir ileti\u015fim kurmas\u0131, mevcut ili\u015fkileri g\u00fc\u00e7lendirmesi ve yeni ili\u015fkiler kurmas\u0131 i\u00e7in gereken t\u00fcm ara\u00e7lar\u0131 s\u0131f\u0131rdan geli\u015ftirebilir ve bu ama\u00e7la yol g\u00f6sterici haritalar olu\u015fturabilirim.","sameAs":["https:\/\/www.kaanugrasiz.com\/tr","https:\/\/instagram.com\/kaanugrasiz","https:\/\/linkedin.com\/in\/kaanugrasiz"],"url":"https:\/\/www.kaanugrasiz.com\/tr\/author\/travego"}]}},"uagb_featured_image_src":{"full":["https:\/\/www.kaanugrasiz.com\/tr\/wp-content\/uploads\/2024\/10\/marka-algisi-dedigimde-neden-bahsediyorum-scaled.webp",2560,1707,false],"thumbnail":["https:\/\/www.kaanugrasiz.com\/tr\/wp-content\/uploads\/2024\/10\/marka-algisi-dedigimde-neden-bahsediyorum-150x150.webp",150,150,true],"medium":["https:\/\/www.kaanugrasiz.com\/tr\/wp-content\/uploads\/2024\/10\/marka-algisi-dedigimde-neden-bahsediyorum-300x200.webp",300,200,true],"medium_large":["https:\/\/www.kaanugrasiz.com\/tr\/wp-content\/uploads\/2024\/10\/marka-algisi-dedigimde-neden-bahsediyorum-768x512.webp",768,512,true],"large":["https:\/\/www.kaanugrasiz.com\/tr\/wp-content\/uploads\/2024\/10\/marka-algisi-dedigimde-neden-bahsediyorum-1024x683.webp",1024,683,true],"1536x1536":["https:\/\/www.kaanugrasiz.com\/tr\/wp-content\/uploads\/2024\/10\/marka-algisi-dedigimde-neden-bahsediyorum-1536x1024.webp",1536,1024,true],"2048x2048":["https:\/\/www.kaanugrasiz.com\/tr\/wp-content\/uploads\/2024\/10\/marka-algisi-dedigimde-neden-bahsediyorum-2048x1365.webp",2048,1365,true],"web-stories-poster-portrait":["https:\/\/www.kaanugrasiz.com\/tr\/wp-content\/uploads\/2024\/10\/marka-algisi-dedigimde-neden-bahsediyorum-scaled.webp",640,427,false],"web-stories-publisher-logo":["https:\/\/www.kaanugrasiz.com\/tr\/wp-content\/uploads\/2024\/10\/marka-algisi-dedigimde-neden-bahsediyorum-scaled.webp",96,64,false],"web-stories-thumbnail":["https:\/\/www.kaanugrasiz.com\/tr\/wp-content\/uploads\/2024\/10\/marka-algisi-dedigimde-neden-bahsediyorum-scaled.webp",150,100,false]},"uagb_author_info":{"display_name":"Kaan U\u011fras\u0131z","author_link":"https:\/\/www.kaanugrasiz.com\/tr\/author\/travego"},"uagb_comment_info":0,"uagb_excerpt":"\u0130\u015fin hangi taraf\u0131nda olursa olsun, marka sahiplerinin ve markalar\u0131 pazarlamak i\u00e7in \u00e7al\u0131\u015fan insanlar\u0131n dilinden d\u00fc\u015fmeyen bir tan\u0131m var: \u201cmarka alg\u0131s\u0131\u201d. Sunumlarda, brieflerde, e-postalarda, bloglarda\u2026 Profesyonellerin kullanabildi\u011fi her mecrada bu tan\u0131m\u0131 kullan\u0131rken asl\u0131nda kimin ne demek istedi\u011fini hi\u00e7 d\u00fc\u015f\u00fcnd\u00fcn m\u00fc? Marka alg\u0131s\u0131n\u0131 tan\u0131mlamaya ba\u015flamadan \u00f6nce alg\u0131n\u0131n ne oldu\u011funu anlamam\u0131z gerekiyor. Temel olarak bireyin sahip oldu\u011fu duyular\u0131...","_links":{"self":[{"href":"https:\/\/www.kaanugrasiz.com\/tr\/wp-json\/wp\/v2\/posts\/840","targetHints":{"allow":["GET"]}}],"collection":[{"href":"https:\/\/www.kaanugrasiz.com\/tr\/wp-json\/wp\/v2\/posts"}],"about":[{"href":"https:\/\/www.kaanugrasiz.com\/tr\/wp-json\/wp\/v2\/types\/post"}],"author":[{"embeddable":true,"href":"https:\/\/www.kaanugrasiz.com\/tr\/wp-json\/wp\/v2\/users\/1"}],"replies":[{"embeddable":true,"href":"https:\/\/www.kaanugrasiz.com\/tr\/wp-json\/wp\/v2\/comments?post=840"}],"version-history":[{"count":2,"href":"https:\/\/www.kaanugrasiz.com\/tr\/wp-json\/wp\/v2\/posts\/840\/revisions"}],"predecessor-version":[{"id":1010,"href":"https:\/\/www.kaanugrasiz.com\/tr\/wp-json\/wp\/v2\/posts\/840\/revisions\/1010"}],"wp:featuredmedia":[{"embeddable":true,"href":"https:\/\/www.kaanugrasiz.com\/tr\/wp-json\/wp\/v2\/media\/961"}],"wp:attachment":[{"href":"https:\/\/www.kaanugrasiz.com\/tr\/wp-json\/wp\/v2\/media?parent=840"}],"wp:term":[{"taxonomy":"category","embeddable":true,"href":"https:\/\/www.kaanugrasiz.com\/tr\/wp-json\/wp\/v2\/categories?post=840"},{"taxonomy":"post_tag","embeddable":true,"href":"https:\/\/www.kaanugrasiz.com\/tr\/wp-json\/wp\/v2\/tags?post=840"}],"curies":[{"name":"wp","href":"https:\/\/api.w.org\/{rel}","templated":true}]}}