{"id":792,"date":"2025-05-24T07:00:03","date_gmt":"2025-05-24T04:00:03","guid":{"rendered":"https:\/\/www.kaanugrasiz.com\/tr\/?p=792"},"modified":"2025-09-26T14:03:18","modified_gmt":"2025-09-26T11:03:18","slug":"tasarim-kulturu","status":"publish","type":"post","link":"https:\/\/www.kaanugrasiz.com\/tr\/tasarim-kulturu.html","title":{"rendered":"Tasar\u0131m k\u00fclt\u00fcr\u00fc nedir ve tasar\u0131m k\u00fclt\u00fcr\u00fc neleri etkiler?"},"content":{"rendered":"\n<h3 class=\"wp-block-heading\">Tasar\u0131m art\u0131k yaln\u0131zca \u201cbir \u00fcr\u00fcn yaratma\u201d amac\u0131 g\u00fcden bir eylem de\u011fil, bir d\u00fc\u015f\u00fcnme bi\u00e7imi, k\u00fclt\u00fcrel miras\u0131n aktar\u0131m\u0131 ve aktar\u0131m\u0131nda \u00f6nemli bir k\u00f6pr\u00fc&#8230;<\/h3>\n\n\n<style>.kb-table-of-content-nav.kb-table-of-content-id792_4a3cad-c1 .kb-table-of-content-wrap{padding-top:var(--global-kb-spacing-sm, 1.5rem);padding-right:var(--global-kb-spacing-sm, 1.5rem);padding-bottom:var(--global-kb-spacing-sm, 1.5rem);padding-left:var(--global-kb-spacing-sm, 1.5rem);}.kb-table-of-content-nav.kb-table-of-content-id792_4a3cad-c1 .kb-table-of-contents-title-wrap{padding-top:0px;padding-right:0px;padding-bottom:0px;padding-left:0px;}.kb-table-of-content-nav.kb-table-of-content-id792_4a3cad-c1 .kb-table-of-contents-title{font-weight:regular;font-style:normal;}.kb-table-of-content-nav.kb-table-of-content-id792_4a3cad-c1 .kb-table-of-content-wrap .kb-table-of-content-list{font-weight:regular;font-style:normal;margin-top:var(--global-kb-spacing-sm, 1.5rem);margin-right:0px;margin-bottom:0px;margin-left:0px;}<\/style>\n\n\n<p>Basit\u00e7e <strong>tasar\u0131m k\u00fclt\u00fcr\u00fc kavram\u0131<\/strong>ndan bahsetti\u011fimizde, insanl\u0131k tarihi boyunca edinilen maddi ve manevi \u00fcretim s\u00fcre\u00e7lerinin netincesinde ve toplumsal de\u011ferlerle i\u00e7 i\u00e7e ge\u00e7erek bi\u00e7imlenen bir pratik ve anlam b\u00fct\u00fcn\u00fcn\u00fc ele al\u0131r\u0131z.<\/p>\n\n\n\n<p>Bahsi ge\u00e7en bu b\u00fct\u00fcnler toplam\u0131 ya<strong>ln\u0131zca estetik kayg\u0131larla s\u0131n\u0131rl\u0131 kalmay\u0131p<\/strong> sosyal ve ekonomik dalgalanmalardan, teknolojide meydana gelen at\u0131l\u0131m ve de\u011fi\u015fimlerden hatta k\u00fcresel \u00f6l\u00e7ekte ya\u015fanan etkile\u015fimlerle, bireylerin kendi i\u00e7 d\u00fcnyalar\u0131ndaki yarat\u0131c\u0131 taraf\u0131 somut bir \u015fekil ile ifade etme iste\u011fine kadar, farkl\u0131 bi\u00e7imlerde kar\u015f\u0131m\u0131za \u00e7\u0131kar ve etkisi sand\u0131\u011f\u0131ndan daha geni\u015f.<\/p>\n\n\n\n<blockquote class=\"wp-block-quote is-layout-flow wp-block-quote-is-layout-flow\">\n<p>Ge\u00e7mi\u015ftekinin aksine tasar\u0131m, art\u0131k yaln\u0131zca nihai hedefi bir \u00fcr\u00fcn yaratmak olan bir eylem de\u011fil. Tasar\u0131m art\u0131k ayn\u0131 zamanda bir d\u00fc\u015f\u00fcnme bi\u00e7imi ve k\u00fclt\u00fcrel birikimin ta\u015f\u0131nmas\u0131 ve aktar\u0131lmas\u0131nda \u00f6nemli bir k\u00f6pr\u00fc g\u00f6revi g\u00f6r\u00fcyor.&nbsp;<\/p>\n<\/blockquote>\n\n\n\n<p>Yayg\u0131nla\u015fan ve \u00e7e\u015fidi <strong>artan ileti\u015fim olanaklar\u0131<\/strong>n\u0131n, de\u011fi\u015fen jenerasyonun ve daha cesur insanlar\u0131n belli ba\u015fl\u0131 disiplin s\u0131n\u0131rlar\u0131n\u0131 belirginsizle\u015ftirdi\u011fini s\u00f6ylemek yanl\u0131\u015f olmaz. Bu, tasar\u0131m dedi\u011fimiz kavram\u0131n <strong>multidisipliner bir karakter kazanmas\u0131n\u0131 ve tasar\u0131m k\u00fclt\u00fcr\u00fc olarak tan\u0131mlanan kavram\u0131n<\/strong> yeniden \u015fekillenmesi esnas\u0131nda, i\u015fin farkl\u0131 katmanlar\u0131n\u0131 etkileyen farkl\u0131 fakt\u00f6rlerin devreye girdi\u011fini de g\u00f6stermesi a\u00e7\u0131s\u0131ndan \u00f6nemli.<\/p>\n\n\n\n<h3 class=\"wp-block-heading\">Tasar\u0131m\u2019\u0131n ortaya \u00e7\u0131k\u0131\u015f\u0131 ve g\u00fcn\u00fcm\u00fczde tasar\u0131m\u0131n durdu\u011fu yer<\/h3>\n\n\n\n<p>Sonu <strong>\u00fcretimde son bulan formuyla tasar\u0131m<\/strong>, insanl\u0131k tarihinin en eski d\u00f6nemlerinden itibaren var ve o d\u00f6nemde, <strong>bir ihtiya\u00e7 kar\u015f\u0131lama ve bir \u015feye anlam katmakla<\/strong> ili\u015fkili. Ma\u011faralardaki ilkel resimlerden bug\u00fcn\u00fcn seri ve h\u0131zl\u0131 \u015fekilde \u00fcretilen y\u00fcksek teknolojik nesnelere uzanan tarih \u00e7izgisinde, d\u00f6nemin i\u00e7inden ge\u00e7ti\u011fi sosyal ve ekonomik yap\u0131, hatta toplumun d\u00fcnyaya nas\u0131l bakt\u0131\u011f\u0131, tasar\u0131m\u0131 do\u011frudan etkiledi.<\/p>\n\n\n\n<p><strong>Bug\u00fcnk\u00fc anlamda tasar\u0131m,<\/strong> yaln\u0131zca tek bir i\u015f kolu ya da meslek taraf\u0131ndan sahip \u00e7\u0131k\u0131labilecek kadar yenilir yutulur bir kavram de\u011fil. <strong>Tasar\u0131m bug\u00fcn i\u015flev olarak mimariye, m\u00fchendisli\u011fe, hatta sosyal ve fen bilimlerine dahi ucundan k\u0131y\u0131s\u0131ndan da olsa de\u011fiyor.<\/strong>&nbsp;<\/p>\n\n\n\n<p><strong>Birbiriyle pek alakal\u0131 g\u00f6r\u00fcnmese de,<\/strong> tasar\u0131m kavram\u0131 sayesinde ortak noktalar yakalayan bu disiplinler, tasar\u0131m\u0131 belki de hem \u00fcretirken hem de t\u00fcketirken \u00e7oklu okumaya a\u00e7\u0131k ve elveri\u015fli hale getiriyor.<\/p>\n\n\n\n<p>T\u00fcketime odakl\u0131 ve seri \u00fcretimle tasar\u0131m prati\u011fi aras\u0131ndaki ili\u015fki, yaln\u0131zca <strong>\u00fcr\u00fcnlerin nas\u0131l g\u00f6r\u00fcnd\u00fc\u011f\u00fcn\u00fc de\u011fil nas\u0131l t\u00fcketildi\u011finde de kendini g\u00f6steriyor<\/strong>. Bug\u00fcn\u00fcn postmodern t\u00fcketim toplumunda tasar\u0131m, <strong>bir \u00fcr\u00fcn\u00fcn kullan\u0131m de\u011ferinden \u00e7ok sembolik anlamda bir de\u011fer \u00fcretme arac\u0131<\/strong>na d\u00f6n\u00fc\u015ft\u00fc.<\/p>\n\n\n\n<p>Bununla beraber, <strong>payla\u015f\u0131m ekonomisi ve d\u00f6ng\u00fcsel ekonomi<\/strong> gibi \u00fczerinde daha fazla d\u00fc\u015f\u00fcnmeye ve konu\u015fmaya ba\u015flad\u0131\u011f\u0131m\u0131z kavramlar, tasar\u0131m\u0131n ne oldu\u011funu yeniden tan\u0131mlamam\u0131za neden oldu ve yapt\u0131\u011f\u0131m\u0131z bu tan\u0131mlar, ayn\u0131 zamanda yeni bak\u0131\u015f a\u00e7\u0131lar\u0131 geli\u015ftirmemize, hatta daha yeni bak\u0131\u015f a\u00e7\u0131lar\u0131n\u0131 bulmam\u0131z\u0131 zorunlu k\u0131ld\u0131.<\/p>\n\n\n\n<h3 class=\"wp-block-heading\">Dijital devrim tasar\u0131m k\u00fclt\u00fcr\u00fcn\u00fc nas\u0131l etkiledi?<\/h3>\n\n\n\n<p>Pek \u00e7ok alanda oldu\u011fu gibi, <strong>dijital d\u00fcnyada ya\u015fanan<\/strong> \u00f6ng\u00f6r\u00fclemez ve devaml\u0131 olarak ger\u00e7ekle\u015fen <strong>teknolojik devrim<\/strong>, tasar\u0131m k\u00fclt\u00fcr\u00fcn\u00fc olu\u015fturan temel bile\u015fenleri de g\u00fc\u00e7l\u00fc bir \u015fekilde de\u011fi\u015ftirdi.<\/p>\n\n\n\n<p>Masa\u00fcst\u00fc bilgisayarlarda \u00e7al\u0131\u015fan <strong>tasar\u0131m ve modelleme programlar\u0131yla ba\u015flayan<\/strong> bu d\u00f6n\u00fc\u015f\u00fcm\u00fc \u00fc\u00e7 boyutu yaz\u0131c\u0131lar\u0131n yayg\u0131nla\u015fmas\u0131 izledi.&nbsp;<\/p>\n\n\n\n<p>\u00c7ok yak\u0131n bir zamanda ise <strong>yapay zekan\u0131n kullan\u0131m\u0131n\u0131n ucuzlamas\u0131<\/strong> ve bununla ba\u011flant\u0131l\u0131 olarak<strong> yapay zeka ara\u00e7lar\u0131n\u0131n hemen hemen her sekt\u00f6rde dikey ve yatay bi\u00e7imde geni\u015flemesi<\/strong>, geleneksel anlamda tasar\u0131m yapmak i\u00e7in gerekli g\u00f6r\u00fclen deneyim ve becerinin ger\u00e7ekten de gerekli olup olmad\u0131\u011f\u0131n\u0131n sorgulanmas\u0131n\u0131 gibi tehlikeli d\u00fc\u015f\u00fcnceleri de beraberinde getirmesi y\u00f6n\u00fcnden ilgin\u00e7 ve beklenmedik.<\/p>\n\n\n\n<p>K\u00fcreselle\u015fme, toplumu olu\u015fturan bireylerin sahip oldu\u011fu yerel <strong>tasar\u0131m k\u00fclt\u00fcr\u00fcyle<\/strong> bir t\u00fcr <strong>standartla\u015fma aras\u0131ndaki \u00e7izgi<\/strong>yi de gitgide belirginsizle\u015ftiriyor. Her ge\u00e7en g\u00fcn daha fazla co\u011frafyada var olmaya ba\u015flayan \u00e7ok uluslu \u015firketler bir yandan kendi <strong>evrensel bir tasar\u0131m dili<\/strong>ni olu\u015fturmaya \u00e7abalarken bunun kar\u015f\u0131s\u0131ndaki <strong>bireysel olmak ve kolektif halinde hareket etmek<\/strong> davran\u0131\u015flar\u0131 devaml\u0131 olarak s\u0131nan\u0131yor.<\/p>\n\n\n\n<h3 class=\"wp-block-heading\">Markalar\u0131n tasar\u0131mla ili\u015fkisi<\/h3>\n\n\n\n<p>Kendi \u00e7al\u0131\u015fma alanlar\u0131m\u0131ndan birisi olan ve bir g\u00fcn i\u00e7inde hakk\u0131nda pek \u00e7ok kez d\u00fc\u015f\u00fcnd\u00fc\u011f\u00fcm \u00fczere, <strong>kurumsal kimlik de b\u00fct\u00fcnsel, \u00e7ok y\u00f6nl\u00fc ve kapsaml\u0131 bir tasar\u0131m \u00fcr\u00fcn\u00fc<\/strong>. Kurumsal kimlikle <strong>marka sadakati yakalamak<\/strong> aras\u0131ndaki do\u011frudan da bir ili\u015fki var.<\/p>\n\n\n\n<p>Daha \u00f6nce bahsetti\u011fim \u00fczere Apple\u2019\u0131n olduk\u00e7a minimalist olan tasar\u0131m felsefesi ile Merceders-Benz\u2019in g\u00fcven veren bir g\u00f6r\u00fcn\u00fcme sahip \u00fcr\u00fcnleri, markalar\u0131n kurumsal k\u00fclt\u00fcr\u00fcn tasar\u0131m diline nas\u0131l d\u00f6n\u00fc\u015ft\u00fc\u011f\u00fcn\u00fcn uygulamal\u0131 \u00f6rnekleri.<\/p>\n\n\n\n<p>Bir \u00fcr\u00fcn\u00fcn <strong>zihindeki bir k\u0131v\u0131lc\u0131m<\/strong>dan rafa konmas\u0131na kadar ge\u00e7en s\u00fcrede, \u00fcr\u00fcnleri ortaya \u00e7\u0131karan <strong>tasar\u0131mc\u0131lar\u0131n yarat\u0131c\u0131l\u0131\u011f\u0131<\/strong> ile bu \u00fcr\u00fcnlerin \u00fcst\u00fcndeki logonun sahibinin ticari hedefleri aras\u0131ndaki s\u00fcrekli gerginlik, geleneksel y\u00f6neti\u015fim modelleri hakk\u0131nda da yeniden d\u00fc\u015f\u00fcnmemizin vaktinin geldi\u011fini bize hat\u0131rlat\u0131yor.<\/p>\n\n\n\n<h3 class=\"wp-block-heading\">Tasar\u0131m\u0131n d\u00f6n\u00fc\u015f\u00fcm\u00fc<\/h3>\n\n\n\n<p>Yapay zekan\u0131n, <strong>insan\u0131n tasar\u0131mdaki rol\u00fc<\/strong>n\u00fc yeniden tan\u0131mlamak gibi ilk bak\u0131ld\u0131\u011f\u0131nda tehlikeli gibi g\u00f6r\u00fcnen etkisi ayn\u0131 zamanda k\u00fclt\u00fcrlerin birbiri ile olan etkile\u015fimini de derinle\u015ftirme potansiyelini ta\u015f\u0131mas\u0131 bak\u0131m\u0131ndan dikkat \u00e7ekici.<\/p>\n\n\n\n<p><strong>Tasar\u0131m k\u00fclt\u00fcr\u00fcn\u00fcn gelece\u011fi,<\/strong> art\u0131k biraz da teknolojinin nas\u0131l evrilece\u011fine ve k\u00fclt\u00fcrlerin birbiri ile nas\u0131l etkile\u015fim kuraca\u011f\u0131na da ba\u011fl\u0131. Bu s\u00fcre\u00e7te mesle\u011fi tasar\u0131m yapmak olan ya da yaln\u0131zca bir \u015feyleri merak etti\u011fi veya yatk\u0131nl\u0131k g\u00f6sterdi\u011fi i\u00e7in bir \u015feyler tasarlayan insanlar, i\u015fin yaln\u0131zca <strong>tasar\u0131m\u0131n bi\u00e7imsel boyutu<\/strong>nu de\u011fil ayn\u0131 zamanda i\u00e7inde ya\u015fad\u0131klar\u0131 sosyolojik, politik ve hatta ekolojik meseleleri de g\u00f6zeterek ortaya koyduklar\u0131 son \u00fcr\u00fcnleri \u015fekillendirmek zorunda kalacak.<\/p>\n","protected":false},"excerpt":{"rendered":"<p>Tasar\u0131m art\u0131k yaln\u0131zca \u201cbir \u00fcr\u00fcn yaratma\u201d amac\u0131 g\u00fcden bir eylem de\u011fil, bir d\u00fc\u015f\u00fcnme bi\u00e7imi, k\u00fclt\u00fcrel miras\u0131n aktar\u0131m\u0131 ve aktar\u0131m\u0131nda \u00f6nemli bir k\u00f6pr\u00fc&#8230; Basit\u00e7e tasar\u0131m k\u00fclt\u00fcr\u00fc kavram\u0131ndan bahsetti\u011fimizde, insanl\u0131k tarihi boyunca edinilen maddi ve manevi \u00fcretim s\u00fcre\u00e7lerinin netincesinde ve toplumsal de\u011ferlerle i\u00e7 i\u00e7e ge\u00e7erek bi\u00e7imlenen bir pratik ve anlam b\u00fct\u00fcn\u00fcn\u00fc ele al\u0131r\u0131z. Bahsi ge\u00e7en bu b\u00fct\u00fcnler&#8230;<\/p>\n","protected":false},"author":1,"featured_media":938,"comment_status":"open","ping_status":"open","sticky":false,"template":"","format":"standard","meta":{"_coblocks_attr":"","_coblocks_dimensions":"","_coblocks_responsive_height":"","_coblocks_accordion_ie_support":"","_uag_custom_page_level_css":"","_kadence_starter_templates_imported_post":false,"_kad_post_transparent":"","_kad_post_title":"","_kad_post_layout":"","_kad_post_sidebar_id":"","_kad_post_content_style":"","_kad_post_vertical_padding":"","_kad_post_feature":"","_kad_post_feature_position":"","_kad_post_header":false,"_kad_post_footer":false,"footnotes":""},"categories":[182],"tags":[4,5,8,10,6,7,11,9],"class_list":["post-792","post","type-post","status-publish","format-standard","has-post-thumbnail","hentry","category-tasarim","tag-dijital-devrim","tag-dongusel-ekonomi","tag-kuresellesme","tag-kurumsal-kimlik","tag-tasarim","tag-tasarim-kulturu","tag-tuketim","tag-tuketim-aliskanliklari"],"yoast_head":"<!-- This site is optimized with the Yoast SEO plugin v27.3 - https:\/\/yoast.com\/product\/yoast-seo-wordpress\/ -->\n<title>Tasar\u0131m k\u00fclt\u00fcr\u00fc nedir ve tasar\u0131m k\u00fclt\u00fcr\u00fc neleri etkiler?<\/title>\n<meta name=\"robots\" content=\"index, follow, max-snippet:-1, max-image-preview:large, max-video-preview:-1\" \/>\n<link rel=\"canonical\" href=\"https:\/\/www.kaanugrasiz.com\/tr\/tasarim-kulturu.html\" \/>\n<meta property=\"og:locale\" content=\"tr_TR\" \/>\n<meta property=\"og:type\" content=\"article\" \/>\n<meta property=\"og:title\" content=\"Tasar\u0131m k\u00fclt\u00fcr\u00fc nedir ve tasar\u0131m k\u00fclt\u00fcr\u00fc neleri etkiler?\" \/>\n<meta property=\"og:description\" content=\"Tasar\u0131m art\u0131k yaln\u0131zca \u201cbir \u00fcr\u00fcn yaratma\u201d amac\u0131 g\u00fcden bir eylem de\u011fil, bir d\u00fc\u015f\u00fcnme bi\u00e7imi, k\u00fclt\u00fcrel miras\u0131n aktar\u0131m\u0131 ve aktar\u0131m\u0131nda \u00f6nemli bir k\u00f6pr\u00fc&#8230; Basit\u00e7e tasar\u0131m k\u00fclt\u00fcr\u00fc kavram\u0131ndan bahsetti\u011fimizde, insanl\u0131k tarihi boyunca edinilen maddi ve manevi \u00fcretim s\u00fcre\u00e7lerinin netincesinde ve toplumsal de\u011ferlerle i\u00e7 i\u00e7e ge\u00e7erek bi\u00e7imlenen bir pratik ve anlam b\u00fct\u00fcn\u00fcn\u00fc ele al\u0131r\u0131z. Bahsi ge\u00e7en bu b\u00fct\u00fcnler...\" \/>\n<meta property=\"og:url\" content=\"https:\/\/www.kaanugrasiz.com\/tr\/tasarim-kulturu.html\" \/>\n<meta property=\"og:site_name\" content=\"Pazarlama ve marka ileti\u015fimi blogu - Kaan U\u011fras\u0131z\" \/>\n<meta property=\"article:published_time\" content=\"2025-05-24T04:00:03+00:00\" \/>\n<meta property=\"article:modified_time\" content=\"2025-09-26T11:03:18+00:00\" \/>\n<meta property=\"og:image\" content=\"https:\/\/www.kaanugrasiz.com\/tr\/wp-content\/uploads\/2025\/05\/tasarim-kulturu-ve-tasarim-kulturunun-etkiledikleri.webp\" \/>\n\t<meta property=\"og:image:width\" content=\"1920\" \/>\n\t<meta property=\"og:image:height\" content=\"1080\" \/>\n\t<meta property=\"og:image:type\" content=\"image\/webp\" \/>\n<meta name=\"author\" content=\"Kaan U\u011fras\u0131z\" \/>\n<meta name=\"twitter:card\" content=\"summary_large_image\" \/>\n<meta name=\"twitter:label1\" content=\"Yazan:\" \/>\n\t<meta name=\"twitter:data1\" content=\"Kaan U\u011fras\u0131z\" \/>\n\t<meta name=\"twitter:label2\" content=\"Tahmini okuma s\u00fcresi\" \/>\n\t<meta name=\"twitter:data2\" content=\"5 dakika\" \/>\n<script type=\"application\/ld+json\" class=\"yoast-schema-graph\">{\"@context\":\"https:\\\/\\\/schema.org\",\"@graph\":[{\"@type\":\"Article\",\"@id\":\"https:\\\/\\\/www.kaanugrasiz.com\\\/tr\\\/tasarim-kulturu.html#article\",\"isPartOf\":{\"@id\":\"https:\\\/\\\/www.kaanugrasiz.com\\\/tr\\\/tasarim-kulturu.html\"},\"author\":{\"name\":\"Kaan U\u011fras\u0131z\",\"@id\":\"https:\\\/\\\/www.kaanugrasiz.com\\\/tr\\\/#\\\/schema\\\/person\\\/c03ebfb2409df5381cad2561495a437e\"},\"headline\":\"Tasar\u0131m k\u00fclt\u00fcr\u00fc nedir ve tasar\u0131m k\u00fclt\u00fcr\u00fc neleri etkiler?\",\"datePublished\":\"2025-05-24T04:00:03+00:00\",\"dateModified\":\"2025-09-26T11:03:18+00:00\",\"mainEntityOfPage\":{\"@id\":\"https:\\\/\\\/www.kaanugrasiz.com\\\/tr\\\/tasarim-kulturu.html\"},\"wordCount\":1157,\"commentCount\":1,\"publisher\":{\"@id\":\"https:\\\/\\\/www.kaanugrasiz.com\\\/tr\\\/#\\\/schema\\\/person\\\/c03ebfb2409df5381cad2561495a437e\"},\"image\":{\"@id\":\"https:\\\/\\\/www.kaanugrasiz.com\\\/tr\\\/tasarim-kulturu.html#primaryimage\"},\"thumbnailUrl\":\"https:\\\/\\\/www.kaanugrasiz.com\\\/tr\\\/wp-content\\\/uploads\\\/2025\\\/05\\\/tasarim-kulturu-ve-tasarim-kulturunun-etkiledikleri.webp\",\"keywords\":[\"dijital devrim\",\"d\u00f6ng\u00fcsel ekonomi\",\"k\u00fcreselle\u015fme\",\"kurumsal kimlik\",\"tasar\u0131m\",\"tasar\u0131m k\u00fclt\u00fcr\u00fc\",\"t\u00fcketim\",\"t\u00fcketim al\u0131\u015fkanl\u0131klar\u0131\"],\"articleSection\":[\"Tasar\u0131m\"],\"inLanguage\":\"tr\",\"potentialAction\":[{\"@type\":\"CommentAction\",\"name\":\"Comment\",\"target\":[\"https:\\\/\\\/www.kaanugrasiz.com\\\/tr\\\/tasarim-kulturu.html#respond\"]}]},{\"@type\":\"WebPage\",\"@id\":\"https:\\\/\\\/www.kaanugrasiz.com\\\/tr\\\/tasarim-kulturu.html\",\"url\":\"https:\\\/\\\/www.kaanugrasiz.com\\\/tr\\\/tasarim-kulturu.html\",\"name\":\"Tasar\u0131m k\u00fclt\u00fcr\u00fc nedir ve tasar\u0131m k\u00fclt\u00fcr\u00fc neleri etkiler?\",\"isPartOf\":{\"@id\":\"https:\\\/\\\/www.kaanugrasiz.com\\\/tr\\\/#website\"},\"primaryImageOfPage\":{\"@id\":\"https:\\\/\\\/www.kaanugrasiz.com\\\/tr\\\/tasarim-kulturu.html#primaryimage\"},\"image\":{\"@id\":\"https:\\\/\\\/www.kaanugrasiz.com\\\/tr\\\/tasarim-kulturu.html#primaryimage\"},\"thumbnailUrl\":\"https:\\\/\\\/www.kaanugrasiz.com\\\/tr\\\/wp-content\\\/uploads\\\/2025\\\/05\\\/tasarim-kulturu-ve-tasarim-kulturunun-etkiledikleri.webp\",\"datePublished\":\"2025-05-24T04:00:03+00:00\",\"dateModified\":\"2025-09-26T11:03:18+00:00\",\"breadcrumb\":{\"@id\":\"https:\\\/\\\/www.kaanugrasiz.com\\\/tr\\\/tasarim-kulturu.html#breadcrumb\"},\"inLanguage\":\"tr\",\"potentialAction\":[{\"@type\":\"ReadAction\",\"target\":[\"https:\\\/\\\/www.kaanugrasiz.com\\\/tr\\\/tasarim-kulturu.html\"]}]},{\"@type\":\"ImageObject\",\"inLanguage\":\"tr\",\"@id\":\"https:\\\/\\\/www.kaanugrasiz.com\\\/tr\\\/tasarim-kulturu.html#primaryimage\",\"url\":\"https:\\\/\\\/www.kaanugrasiz.com\\\/tr\\\/wp-content\\\/uploads\\\/2025\\\/05\\\/tasarim-kulturu-ve-tasarim-kulturunun-etkiledikleri.webp\",\"contentUrl\":\"https:\\\/\\\/www.kaanugrasiz.com\\\/tr\\\/wp-content\\\/uploads\\\/2025\\\/05\\\/tasarim-kulturu-ve-tasarim-kulturunun-etkiledikleri.webp\",\"width\":1920,\"height\":1080},{\"@type\":\"BreadcrumbList\",\"@id\":\"https:\\\/\\\/www.kaanugrasiz.com\\\/tr\\\/tasarim-kulturu.html#breadcrumb\",\"itemListElement\":[{\"@type\":\"ListItem\",\"position\":1,\"name\":\"Anasayfa\",\"item\":\"https:\\\/\\\/www.kaanugrasiz.com\\\/tr\\\/\"},{\"@type\":\"ListItem\",\"position\":2,\"name\":\"Tasar\u0131m k\u00fclt\u00fcr\u00fc nedir ve tasar\u0131m k\u00fclt\u00fcr\u00fc neleri etkiler?\"}]},{\"@type\":\"WebSite\",\"@id\":\"https:\\\/\\\/www.kaanugrasiz.com\\\/tr\\\/#website\",\"url\":\"https:\\\/\\\/www.kaanugrasiz.com\\\/tr\\\/\",\"name\":\"Brand Monday TR\",\"description\":\"\",\"publisher\":{\"@id\":\"https:\\\/\\\/www.kaanugrasiz.com\\\/tr\\\/#\\\/schema\\\/person\\\/c03ebfb2409df5381cad2561495a437e\"},\"potentialAction\":[{\"@type\":\"SearchAction\",\"target\":{\"@type\":\"EntryPoint\",\"urlTemplate\":\"https:\\\/\\\/www.kaanugrasiz.com\\\/tr\\\/?s={search_term_string}\"},\"query-input\":{\"@type\":\"PropertyValueSpecification\",\"valueRequired\":true,\"valueName\":\"search_term_string\"}}],\"inLanguage\":\"tr\"},{\"@type\":[\"Person\",\"Organization\"],\"@id\":\"https:\\\/\\\/www.kaanugrasiz.com\\\/tr\\\/#\\\/schema\\\/person\\\/c03ebfb2409df5381cad2561495a437e\",\"name\":\"Kaan U\u011fras\u0131z\",\"image\":{\"@type\":\"ImageObject\",\"inLanguage\":\"tr\",\"@id\":\"https:\\\/\\\/www.kaanugrasiz.com\\\/tr\\\/wp-content\\\/uploads\\\/2026\\\/02\\\/cropped-cropped-kaanugrasiz-logo-gold.webp\",\"url\":\"https:\\\/\\\/www.kaanugrasiz.com\\\/tr\\\/wp-content\\\/uploads\\\/2026\\\/02\\\/cropped-cropped-kaanugrasiz-logo-gold.webp\",\"contentUrl\":\"https:\\\/\\\/www.kaanugrasiz.com\\\/tr\\\/wp-content\\\/uploads\\\/2026\\\/02\\\/cropped-cropped-kaanugrasiz-logo-gold.webp\",\"width\":512,\"height\":512,\"caption\":\"Kaan U\u011fras\u0131z\"},\"logo\":{\"@id\":\"https:\\\/\\\/www.kaanugrasiz.com\\\/tr\\\/wp-content\\\/uploads\\\/2026\\\/02\\\/cropped-cropped-kaanugrasiz-logo-gold.webp\"},\"description\":\"Yakla\u015f\u0131k 20 y\u0131ll\u0131k deneyime sahip bir pazarlama ileti\u015fimi profesyoneliyim ve \u00e7e\u015fitli formatlarda nitelikli, anlaml\u0131 ve etkili i\u00e7erikler \u00fcretip yay\u0131nlamaya odaklan\u0131yorum. Bir bireyin veya kurulu\u015fun \u00e7evresiyle uyumlu, d\u00fczenli ve anla\u015f\u0131l\u0131r bir ileti\u015fim kurmas\u0131, mevcut ili\u015fkileri g\u00fc\u00e7lendirmesi ve yeni ili\u015fkiler kurmas\u0131 i\u00e7in gereken t\u00fcm ara\u00e7lar\u0131 s\u0131f\u0131rdan geli\u015ftirebilir ve bu ama\u00e7la yol g\u00f6sterici haritalar olu\u015fturabilirim.\",\"sameAs\":[\"https:\\\/\\\/www.kaanugrasiz.com\\\/tr\",\"https:\\\/\\\/instagram.com\\\/kaanugrasiz\",\"https:\\\/\\\/linkedin.com\\\/in\\\/kaanugrasiz\"],\"url\":\"https:\\\/\\\/www.kaanugrasiz.com\\\/tr\\\/author\\\/travego\"}]}<\/script>\n<!-- \/ Yoast SEO plugin. -->","yoast_head_json":{"title":"Tasar\u0131m k\u00fclt\u00fcr\u00fc nedir ve tasar\u0131m k\u00fclt\u00fcr\u00fc neleri etkiler?","robots":{"index":"index","follow":"follow","max-snippet":"max-snippet:-1","max-image-preview":"max-image-preview:large","max-video-preview":"max-video-preview:-1"},"canonical":"https:\/\/www.kaanugrasiz.com\/tr\/tasarim-kulturu.html","og_locale":"tr_TR","og_type":"article","og_title":"Tasar\u0131m k\u00fclt\u00fcr\u00fc nedir ve tasar\u0131m k\u00fclt\u00fcr\u00fc neleri etkiler?","og_description":"Tasar\u0131m art\u0131k yaln\u0131zca \u201cbir \u00fcr\u00fcn yaratma\u201d amac\u0131 g\u00fcden bir eylem de\u011fil, bir d\u00fc\u015f\u00fcnme bi\u00e7imi, k\u00fclt\u00fcrel miras\u0131n aktar\u0131m\u0131 ve aktar\u0131m\u0131nda \u00f6nemli bir k\u00f6pr\u00fc&#8230; Basit\u00e7e tasar\u0131m k\u00fclt\u00fcr\u00fc kavram\u0131ndan bahsetti\u011fimizde, insanl\u0131k tarihi boyunca edinilen maddi ve manevi \u00fcretim s\u00fcre\u00e7lerinin netincesinde ve toplumsal de\u011ferlerle i\u00e7 i\u00e7e ge\u00e7erek bi\u00e7imlenen bir pratik ve anlam b\u00fct\u00fcn\u00fcn\u00fc ele al\u0131r\u0131z. Bahsi ge\u00e7en bu b\u00fct\u00fcnler...","og_url":"https:\/\/www.kaanugrasiz.com\/tr\/tasarim-kulturu.html","og_site_name":"Pazarlama ve marka ileti\u015fimi blogu - Kaan U\u011fras\u0131z","article_published_time":"2025-05-24T04:00:03+00:00","article_modified_time":"2025-09-26T11:03:18+00:00","og_image":[{"width":1920,"height":1080,"url":"https:\/\/www.kaanugrasiz.com\/tr\/wp-content\/uploads\/2025\/05\/tasarim-kulturu-ve-tasarim-kulturunun-etkiledikleri.webp","type":"image\/webp"}],"author":"Kaan U\u011fras\u0131z","twitter_card":"summary_large_image","twitter_misc":{"Yazan:":"Kaan U\u011fras\u0131z","Tahmini okuma s\u00fcresi":"5 dakika"},"schema":{"@context":"https:\/\/schema.org","@graph":[{"@type":"Article","@id":"https:\/\/www.kaanugrasiz.com\/tr\/tasarim-kulturu.html#article","isPartOf":{"@id":"https:\/\/www.kaanugrasiz.com\/tr\/tasarim-kulturu.html"},"author":{"name":"Kaan U\u011fras\u0131z","@id":"https:\/\/www.kaanugrasiz.com\/tr\/#\/schema\/person\/c03ebfb2409df5381cad2561495a437e"},"headline":"Tasar\u0131m k\u00fclt\u00fcr\u00fc nedir ve tasar\u0131m k\u00fclt\u00fcr\u00fc neleri etkiler?","datePublished":"2025-05-24T04:00:03+00:00","dateModified":"2025-09-26T11:03:18+00:00","mainEntityOfPage":{"@id":"https:\/\/www.kaanugrasiz.com\/tr\/tasarim-kulturu.html"},"wordCount":1157,"commentCount":1,"publisher":{"@id":"https:\/\/www.kaanugrasiz.com\/tr\/#\/schema\/person\/c03ebfb2409df5381cad2561495a437e"},"image":{"@id":"https:\/\/www.kaanugrasiz.com\/tr\/tasarim-kulturu.html#primaryimage"},"thumbnailUrl":"https:\/\/www.kaanugrasiz.com\/tr\/wp-content\/uploads\/2025\/05\/tasarim-kulturu-ve-tasarim-kulturunun-etkiledikleri.webp","keywords":["dijital devrim","d\u00f6ng\u00fcsel ekonomi","k\u00fcreselle\u015fme","kurumsal kimlik","tasar\u0131m","tasar\u0131m k\u00fclt\u00fcr\u00fc","t\u00fcketim","t\u00fcketim al\u0131\u015fkanl\u0131klar\u0131"],"articleSection":["Tasar\u0131m"],"inLanguage":"tr","potentialAction":[{"@type":"CommentAction","name":"Comment","target":["https:\/\/www.kaanugrasiz.com\/tr\/tasarim-kulturu.html#respond"]}]},{"@type":"WebPage","@id":"https:\/\/www.kaanugrasiz.com\/tr\/tasarim-kulturu.html","url":"https:\/\/www.kaanugrasiz.com\/tr\/tasarim-kulturu.html","name":"Tasar\u0131m k\u00fclt\u00fcr\u00fc nedir ve tasar\u0131m k\u00fclt\u00fcr\u00fc neleri etkiler?","isPartOf":{"@id":"https:\/\/www.kaanugrasiz.com\/tr\/#website"},"primaryImageOfPage":{"@id":"https:\/\/www.kaanugrasiz.com\/tr\/tasarim-kulturu.html#primaryimage"},"image":{"@id":"https:\/\/www.kaanugrasiz.com\/tr\/tasarim-kulturu.html#primaryimage"},"thumbnailUrl":"https:\/\/www.kaanugrasiz.com\/tr\/wp-content\/uploads\/2025\/05\/tasarim-kulturu-ve-tasarim-kulturunun-etkiledikleri.webp","datePublished":"2025-05-24T04:00:03+00:00","dateModified":"2025-09-26T11:03:18+00:00","breadcrumb":{"@id":"https:\/\/www.kaanugrasiz.com\/tr\/tasarim-kulturu.html#breadcrumb"},"inLanguage":"tr","potentialAction":[{"@type":"ReadAction","target":["https:\/\/www.kaanugrasiz.com\/tr\/tasarim-kulturu.html"]}]},{"@type":"ImageObject","inLanguage":"tr","@id":"https:\/\/www.kaanugrasiz.com\/tr\/tasarim-kulturu.html#primaryimage","url":"https:\/\/www.kaanugrasiz.com\/tr\/wp-content\/uploads\/2025\/05\/tasarim-kulturu-ve-tasarim-kulturunun-etkiledikleri.webp","contentUrl":"https:\/\/www.kaanugrasiz.com\/tr\/wp-content\/uploads\/2025\/05\/tasarim-kulturu-ve-tasarim-kulturunun-etkiledikleri.webp","width":1920,"height":1080},{"@type":"BreadcrumbList","@id":"https:\/\/www.kaanugrasiz.com\/tr\/tasarim-kulturu.html#breadcrumb","itemListElement":[{"@type":"ListItem","position":1,"name":"Anasayfa","item":"https:\/\/www.kaanugrasiz.com\/tr\/"},{"@type":"ListItem","position":2,"name":"Tasar\u0131m k\u00fclt\u00fcr\u00fc nedir ve tasar\u0131m k\u00fclt\u00fcr\u00fc neleri etkiler?"}]},{"@type":"WebSite","@id":"https:\/\/www.kaanugrasiz.com\/tr\/#website","url":"https:\/\/www.kaanugrasiz.com\/tr\/","name":"Brand Monday TR","description":"","publisher":{"@id":"https:\/\/www.kaanugrasiz.com\/tr\/#\/schema\/person\/c03ebfb2409df5381cad2561495a437e"},"potentialAction":[{"@type":"SearchAction","target":{"@type":"EntryPoint","urlTemplate":"https:\/\/www.kaanugrasiz.com\/tr\/?s={search_term_string}"},"query-input":{"@type":"PropertyValueSpecification","valueRequired":true,"valueName":"search_term_string"}}],"inLanguage":"tr"},{"@type":["Person","Organization"],"@id":"https:\/\/www.kaanugrasiz.com\/tr\/#\/schema\/person\/c03ebfb2409df5381cad2561495a437e","name":"Kaan U\u011fras\u0131z","image":{"@type":"ImageObject","inLanguage":"tr","@id":"https:\/\/www.kaanugrasiz.com\/tr\/wp-content\/uploads\/2026\/02\/cropped-cropped-kaanugrasiz-logo-gold.webp","url":"https:\/\/www.kaanugrasiz.com\/tr\/wp-content\/uploads\/2026\/02\/cropped-cropped-kaanugrasiz-logo-gold.webp","contentUrl":"https:\/\/www.kaanugrasiz.com\/tr\/wp-content\/uploads\/2026\/02\/cropped-cropped-kaanugrasiz-logo-gold.webp","width":512,"height":512,"caption":"Kaan U\u011fras\u0131z"},"logo":{"@id":"https:\/\/www.kaanugrasiz.com\/tr\/wp-content\/uploads\/2026\/02\/cropped-cropped-kaanugrasiz-logo-gold.webp"},"description":"Yakla\u015f\u0131k 20 y\u0131ll\u0131k deneyime sahip bir pazarlama ileti\u015fimi profesyoneliyim ve \u00e7e\u015fitli formatlarda nitelikli, anlaml\u0131 ve etkili i\u00e7erikler \u00fcretip yay\u0131nlamaya odaklan\u0131yorum. Bir bireyin veya kurulu\u015fun \u00e7evresiyle uyumlu, d\u00fczenli ve anla\u015f\u0131l\u0131r bir ileti\u015fim kurmas\u0131, mevcut ili\u015fkileri g\u00fc\u00e7lendirmesi ve yeni ili\u015fkiler kurmas\u0131 i\u00e7in gereken t\u00fcm ara\u00e7lar\u0131 s\u0131f\u0131rdan geli\u015ftirebilir ve bu ama\u00e7la yol g\u00f6sterici haritalar olu\u015fturabilirim.","sameAs":["https:\/\/www.kaanugrasiz.com\/tr","https:\/\/instagram.com\/kaanugrasiz","https:\/\/linkedin.com\/in\/kaanugrasiz"],"url":"https:\/\/www.kaanugrasiz.com\/tr\/author\/travego"}]}},"uagb_featured_image_src":{"full":["https:\/\/www.kaanugrasiz.com\/tr\/wp-content\/uploads\/2025\/05\/tasarim-kulturu-ve-tasarim-kulturunun-etkiledikleri.webp",1920,1080,false],"thumbnail":["https:\/\/www.kaanugrasiz.com\/tr\/wp-content\/uploads\/2025\/05\/tasarim-kulturu-ve-tasarim-kulturunun-etkiledikleri-150x150.webp",150,150,true],"medium":["https:\/\/www.kaanugrasiz.com\/tr\/wp-content\/uploads\/2025\/05\/tasarim-kulturu-ve-tasarim-kulturunun-etkiledikleri-300x169.webp",300,169,true],"medium_large":["https:\/\/www.kaanugrasiz.com\/tr\/wp-content\/uploads\/2025\/05\/tasarim-kulturu-ve-tasarim-kulturunun-etkiledikleri-768x432.webp",768,432,true],"large":["https:\/\/www.kaanugrasiz.com\/tr\/wp-content\/uploads\/2025\/05\/tasarim-kulturu-ve-tasarim-kulturunun-etkiledikleri-1024x576.webp",1024,576,true],"1536x1536":["https:\/\/www.kaanugrasiz.com\/tr\/wp-content\/uploads\/2025\/05\/tasarim-kulturu-ve-tasarim-kulturunun-etkiledikleri-1536x864.webp",1536,864,true],"2048x2048":["https:\/\/www.kaanugrasiz.com\/tr\/wp-content\/uploads\/2025\/05\/tasarim-kulturu-ve-tasarim-kulturunun-etkiledikleri.webp",1920,1080,false],"web-stories-poster-portrait":["https:\/\/www.kaanugrasiz.com\/tr\/wp-content\/uploads\/2025\/05\/tasarim-kulturu-ve-tasarim-kulturunun-etkiledikleri.webp",640,360,false],"web-stories-publisher-logo":["https:\/\/www.kaanugrasiz.com\/tr\/wp-content\/uploads\/2025\/05\/tasarim-kulturu-ve-tasarim-kulturunun-etkiledikleri.webp",96,54,false],"web-stories-thumbnail":["https:\/\/www.kaanugrasiz.com\/tr\/wp-content\/uploads\/2025\/05\/tasarim-kulturu-ve-tasarim-kulturunun-etkiledikleri.webp",150,84,false]},"uagb_author_info":{"display_name":"Kaan U\u011fras\u0131z","author_link":"https:\/\/www.kaanugrasiz.com\/tr\/author\/travego"},"uagb_comment_info":1,"uagb_excerpt":"Tasar\u0131m art\u0131k yaln\u0131zca \u201cbir \u00fcr\u00fcn yaratma\u201d amac\u0131 g\u00fcden bir eylem de\u011fil, bir d\u00fc\u015f\u00fcnme bi\u00e7imi, k\u00fclt\u00fcrel miras\u0131n aktar\u0131m\u0131 ve aktar\u0131m\u0131nda \u00f6nemli bir k\u00f6pr\u00fc&#8230; Basit\u00e7e tasar\u0131m k\u00fclt\u00fcr\u00fc kavram\u0131ndan bahsetti\u011fimizde, insanl\u0131k tarihi boyunca edinilen maddi ve manevi \u00fcretim s\u00fcre\u00e7lerinin netincesinde ve toplumsal de\u011ferlerle i\u00e7 i\u00e7e ge\u00e7erek bi\u00e7imlenen bir pratik ve anlam b\u00fct\u00fcn\u00fcn\u00fc ele al\u0131r\u0131z. Bahsi ge\u00e7en bu b\u00fct\u00fcnler...","_links":{"self":[{"href":"https:\/\/www.kaanugrasiz.com\/tr\/wp-json\/wp\/v2\/posts\/792","targetHints":{"allow":["GET"]}}],"collection":[{"href":"https:\/\/www.kaanugrasiz.com\/tr\/wp-json\/wp\/v2\/posts"}],"about":[{"href":"https:\/\/www.kaanugrasiz.com\/tr\/wp-json\/wp\/v2\/types\/post"}],"author":[{"embeddable":true,"href":"https:\/\/www.kaanugrasiz.com\/tr\/wp-json\/wp\/v2\/users\/1"}],"replies":[{"embeddable":true,"href":"https:\/\/www.kaanugrasiz.com\/tr\/wp-json\/wp\/v2\/comments?post=792"}],"version-history":[{"count":4,"href":"https:\/\/www.kaanugrasiz.com\/tr\/wp-json\/wp\/v2\/posts\/792\/revisions"}],"predecessor-version":[{"id":994,"href":"https:\/\/www.kaanugrasiz.com\/tr\/wp-json\/wp\/v2\/posts\/792\/revisions\/994"}],"wp:featuredmedia":[{"embeddable":true,"href":"https:\/\/www.kaanugrasiz.com\/tr\/wp-json\/wp\/v2\/media\/938"}],"wp:attachment":[{"href":"https:\/\/www.kaanugrasiz.com\/tr\/wp-json\/wp\/v2\/media?parent=792"}],"wp:term":[{"taxonomy":"category","embeddable":true,"href":"https:\/\/www.kaanugrasiz.com\/tr\/wp-json\/wp\/v2\/categories?post=792"},{"taxonomy":"post_tag","embeddable":true,"href":"https:\/\/www.kaanugrasiz.com\/tr\/wp-json\/wp\/v2\/tags?post=792"}],"curies":[{"name":"wp","href":"https:\/\/api.w.org\/{rel}","templated":true}]}}