{"id":2771,"date":"2026-02-23T07:00:00","date_gmt":"2026-02-23T04:00:00","guid":{"rendered":"https:\/\/www.kaanugrasiz.com\/tr\/?p=2771"},"modified":"2026-02-05T17:18:04","modified_gmt":"2026-02-05T14:18:04","slug":"2016","status":"publish","type":"post","link":"https:\/\/www.kaanugrasiz.com\/tr\/2016.html","title":{"rendered":"2016 y\u0131l\u0131na d\u00f6nmeyi neden bu kadar \u00e7ok sevdik ve istedik?"},"content":{"rendered":"\n<p>Takvimler 2026 y\u0131l\u0131n\u0131n ilk g\u00fcnlerini g\u00f6sterdi\u011finde, <strong>sosyal medya<\/strong>; \u00f6zellikle Instagram ve TikTok, bir <strong>zaman makinesine d\u00f6n\u00fc\u015ft\u00fc<\/strong> ve g\u00f6rsel a\u011f\u0131rl\u0131kl\u0131 payla\u015f\u0131m yap\u0131lan bu mecralarda hesab\u0131 olan kullan\u0131c\u0131lar 2016 y\u0131l\u0131ndan kalma foto\u011fraflarla videolar\u0131 o d\u00f6nemin pop\u00fcler filtreleri ve m\u00fczikleriyle yeniden payla\u015fmaya ba\u015flad\u0131.<\/p>\n\n\n<style>.kb-table-of-content-nav.kb-table-of-content-id2771_d5c9ce-5e .kb-table-of-content-wrap{padding-top:var(--global-kb-spacing-sm, 1.5rem);padding-right:var(--global-kb-spacing-sm, 1.5rem);padding-bottom:var(--global-kb-spacing-sm, 1.5rem);padding-left:var(--global-kb-spacing-sm, 1.5rem);}.kb-table-of-content-nav.kb-table-of-content-id2771_d5c9ce-5e .kb-table-of-contents-title-wrap{padding-top:0px;padding-right:0px;padding-bottom:0px;padding-left:0px;}.kb-table-of-content-nav.kb-table-of-content-id2771_d5c9ce-5e .kb-table-of-contents-title{font-weight:regular;font-style:normal;}.kb-table-of-content-nav.kb-table-of-content-id2771_d5c9ce-5e .kb-table-of-content-wrap .kb-table-of-content-list{font-weight:regular;font-style:normal;margin-top:var(--global-kb-spacing-sm, 1.5rem);margin-right:0px;margin-bottom:0px;margin-left:0px;}<\/style>\n\n\n<p>Amerika\u2019daki TikTok kullan\u0131c\u0131lar\u0131 aras\u0131nda #2016 etiketi aramalar\u0131 neredeyse be\u015f kat artarken 2016 \u015fark\u0131lar\u0131 yakla\u015f\u0131k \u00fc\u00e7 kat, 2016 makyaj\u0131 ise yakla\u015f\u0131k alt\u0131 kat artt\u0131.<\/p>\n\n\n\n<p>Bu istatistiki veriler, <strong>ge\u00e7mi\u015fte d\u00f6n\u00fc\u015f<\/strong>\u00fcn bireysel bir heves ve talepten \u00e7\u0131k\u0131p global bir ak\u0131ma d\u00f6n\u00fc\u015febilece\u011finin en \u00f6nemli g\u00f6stergesi. Bu e\u011filiminin temelinin, pandemi, sava\u015f ve ekonomik kriz gibi, toplumu derinden etkileyen olaylar\u0131n ya\u015fand\u0131\u011f\u0131 son on y\u0131l\u0131n ard\u0131ndan insanlar\u0131n <em>daha basit ya\u015fad\u0131klar\u0131 zamana duyduklar\u0131 \u00f6zlem<\/em> oldu\u011fu belirtiliyor.<\/p>\n\n\n\n<h3 class=\"wp-block-heading\">Nostalji neden ortaya \u00e7\u0131kar?<\/h3>\n\n\n\n<p><strong>Nostalji<\/strong>nin ortaya \u00e7\u0131k\u0131\u015f\u0131 genellikle belirsizliklerin yo\u011fun oldu\u011fu ve kayg\u0131n\u0131n y\u00fcksek oldu\u011fu zamanlar. Sosyal psikoloji, bunun <strong>gelecekten endi\u015fe duyan ki\u015filerin ge\u00e7mi\u015fte ya\u015fad\u0131klar\u0131 an\u0131lara s\u0131\u011f\u0131narak moral buldu\u011fu<\/strong> \u015feklinde tan\u0131ml\u0131yor.<\/p>\n\n\n\n<p>Bug\u00fcn de \u00f6zellikle yapay zekadaki geli\u015fmeler, i\u00e7inde bulundu\u011fumuz yapay krizler, ev ve i\u015f d\u00fcnyas\u0131nda ya\u015fad\u0131\u011f\u0131m\u0131z belirsizlikler halen aktif ya\u015fam\u0131n i\u00e7inde olan Y ile yeni gelen Z ku\u015faklar\u0131nda ciddi bir kayg\u0131 uyand\u0131r\u0131yor ve insanlar\u0131n 2016 gibi yak\u0131n ge\u00e7mi\u015fteki bir noktay\u0131 <strong>mutlu d\u00f6nem<\/strong> olarak konumland\u0131r\u0131lmas\u0131na neden oluyor.<\/p>\n\n\n\n<p><strong>Nostaljinin ortaya \u00e7\u0131k\u0131\u015f\u0131<\/strong> d\u00f6nemin m\u00fcziklerini yeniden ke\u015ffetmekten eski foto\u011fraf alb\u00fcmlerini tekrar a\u00e7maya kadar farkl\u0131 bi\u00e7imlerde g\u00f6r\u00fclebiliyor; temelindeyse e<strong>ski g\u00fczel hat\u0131ralar ve \u00f6zg\u00fcn hissetme arzusu<\/strong> var.<\/p>\n\n\n\n<h3 class=\"wp-block-heading\">Neden &#8220;2016&#8221;?<\/h3>\n\n\n\n<p>2016 y\u0131l\u0131, algoritmalar\u0131n bu kadar \u00f6nemli ve \u00f6n planda olmad\u0131\u011f\u0131, pandemi sonras\u0131ndaki belirsizli\u011fin yo\u011fun olarak hissedilmedi\u011fi ve dikkat \u00e7ekme bask\u0131s\u0131n\u0131n g\u00f6receli olarak daha az oldu\u011fu, hatta sosyal medyan\u0131n <em>daha samimi ve kronolojik<\/em> odakl\u0131 oldu\u011fu bir zamana denk geliyor.<\/p>\n\n\n\n<p>Bug\u00fcnk\u00fc sosyal medya ileti\u015fiminin temelinde m\u00fcmk\u00fcn oldu\u011fu kadar <em>iyile\u015ftirilmi\u015f, <\/em>optimize edilmi\u015f, bir \u00e7ok g\u00f6z\u00fcn kontrol\u00fcnden ge\u00e7mi\u015f ve payla\u015f\u0131laca\u011f\u0131 zaman iyice planlanm\u0131\u015f i\u00e7erikler var. Bu, 2016 ve civar\u0131nda yap\u0131lan bol filtreli ve geri d\u00f6n\u00fc\u015f beklentisi daha d\u00fc\u015f\u00fck i\u00e7eriklerle k\u0131yasland\u0131\u011f\u0131nda tezat olu\u015fturuyor.<\/p>\n\n\n\n<p>Sosyal medyay\u0131 izleyen ve analiz eden profesyonellere g\u00f6re, 2016\u2019n\u0131n tarz\u0131 olarak tan\u0131mlanan g\u00fcnl\u00fck ve plans\u0131z payla\u015f\u0131m davran\u0131\u015f\u0131, bug\u00fcn\u00fcn her metri\u011fi \u00f6l\u00e7me iste\u011fine kar\u015f\u0131 kullan\u0131c\u0131larda bir <strong>tepkisizlik hissi<\/strong> uyand\u0131r\u0131yor ve <strong>kullan\u0131c\u0131lar kontrol\u00fc yeniden ele ald\u0131klar\u0131n\u0131 hissetmek istiyor<\/strong>.<\/p>\n\n\n\n<p>Ge\u00e7mi\u015fe d\u00f6n\u00fc\u015f, <strong>ki\u015finin ya\u015fam\u0131n\u0131n \u00f6nceki a\u015famalar\u0131yla ba\u011f kurmas\u0131n\u0131 sa\u011flayan \u00f6nemli bir ara\u00e7<\/strong>. Pek \u00e7ok insan\u0131n gen\u00e7lik d\u00f6nemi ya da \u00fcniversite y\u0131llar\u0131nda ya\u015fad\u0131klar\u0131, bug\u00fcn kar\u015f\u0131 kar\u015f\u0131ya oldular\u0131 zorluklarla ba\u015fa \u00e7\u0131kmak i\u00e7in \u00f6nemli bir dayanak.<\/p>\n\n\n\n<p><em>Sen de \u00e7al\u0131\u015f\u0131rken okulda ald\u0131\u011f\u0131n bir dersteki bir p\u00fcf noktas\u0131n\u0131 ya da derse giren hocan\u0131n s\u00f6yledi\u011fi bir s\u00f6z\u00fc hat\u0131rl\u0131yor olmal\u0131s\u0131n. Ya da stajdayken ustaba\u015f\u0131n\u0131n yapt\u0131\u011f\u0131 bir hareketi kendin usta oldu\u011funda yap\u0131yorsundur.<\/em><\/p>\n\n\n\n<p> Minnesta &#8211; Duluyh \u00dcniversitesi\u2019nden Sosyolog <a href=\"https:\/\/cahss.d.umn.edu\/faculty-staff\/dr-janelle-wilson\">Janelle Wilson<\/a>&#8216;a g\u00f6re, 2016 y\u0131l\u0131na duyulan nostaljinin nedeni, \u00f6nemli \u00f6l\u00e7\u00fcde o y\u0131lla bug\u00fcn aras\u0131nda ya\u015fananlar. \u0130\u00e7inde bulundu\u011fumuz g\u00fcnde ya\u015fanan siyasi ve sosyal gerginlikler, insanlar\u0131n ge\u00e7mi\u015ften bir d\u00f6neme \u00f6zlem duymas\u0131n\u0131 tetikleyen ba\u015fl\u0131ca unsurlar aras\u0131nda. <em>2016 belki de yaln\u0131zca \u015fansl\u0131 olan y\u0131l.<\/em><\/p>\n\n\n\n<h3 class=\"wp-block-heading\">Ku\u015faklar aras\u0131 ba\u011f: Nostalji<\/h3>\n\n\n\n<p>Nostalji yaln\u0131zca bireysel bir duygu de\u011fil, ku\u015faklar aras\u0131nda k\u00fclt\u00fcrel ba\u011f kurmay\u0131 sa\u011flayan bir olgu.\u00a0<\/p>\n\n\n\n<p>Bug\u00fcn aktif olarak i\u015f hayat\u0131nda olan pek \u00e7ok insan, 2016 y\u0131l\u0131nda ya \u00f6\u011frenciydi ya da i\u015f hayat\u0131na girmeye haz\u0131rlan\u0131yordu. Dolay\u0131s\u0131yla bahsi ge\u00e7en bu y\u0131l pek \u00e7ok insan i\u00e7in gen\u00e7lik hat\u0131ralar\u0131 bak\u0131m\u0131ndan da olduk\u00e7a zengin ve doygun bir d\u00f6nem.<\/p>\n\n\n\n<p>Bir yandan b\u00fcy\u00fck pandemiden \u00f6nce ve <strong>sosyal medyada performans g\u00f6sterme<\/strong> bask\u0131s\u0131n\u0131n bu denli hissedilmedi\u011fi d\u00f6nemin sonuna da tekabul ediyor. Muhtemelen insanlar bir yandan eski g\u00fcnleri  hat\u0131rlarken ayn\u0131 zamanda o zaman sosyal medyada hakim olan insani taraf\u0131 aram\u0131\u015f olabilirler.<\/p>\n\n\n\n<p><strong>On y\u0131lda ger\u00e7ekten \u00e7ok fazla \u015fey oldu;<\/strong> pandemi, ekonomik krizler, teknolojik d\u00f6n\u00fc\u015f\u00fcmler, seller, depremler, orman yang\u0131nlar\u0131&#8230; 2016 y\u0131l\u0131na d\u00f6nmek sanki saatleri geri ald\u0131 ve insanlar muhtemelen o d\u00f6nemden kalan <strong>g\u00fcvende olma hissi<\/strong>ni yeniden ya\u015famak istediler.<\/p>\n\n\n\n<h3 class=\"wp-block-heading\">&#8220;Ge\u00e7mi\u015fe \u00f6zlem fantezisi&#8221; olarak sunulan nostalji<\/h3>\n\n\n\n<p>Instagram hesab\u0131n\u0131 a\u00e7 ve sayfay\u0131 a\u015fa\u011f\u0131 do\u011fru kayd\u0131r; t\u0131pk\u0131 bir zaman makinesi gibi ge\u00e7mi\u015fte senin unuttu\u011fun anlar\u0131 bile g\u00f6steriyor. Sen bakmasan bile sosyal medya hesab\u0131n sana ge\u00e7mi\u015fi hat\u0131rlat\u0131p duruyor.<\/p>\n\n\n\n<p>Dolay\u0131s\u0131yla bir yandan bug\u00fcn\u00fc ya\u015farken bir yandan da <em>ge\u00e7mi\u015fteki sen<\/em> ile ileti\u015fim halinde kal\u0131yor, g\u00fcnl\u00fck ya\u015famdan biraz olsun uzakla\u015f\u0131yorsun.<\/p>\n\n\n\n<p>Sosyal medya platformlar\u0131n\u0131n ge\u00e7mi\u015fi hat\u0131rlatma i\u015flevi iki y\u00f6nl\u00fc; bir taraftan <strong>ge\u00e7mi\u015fte ya\u015fanm\u0131\u015f ve orada kalm\u0131\u015f<\/strong>, bug\u00fcn <strong>art\u0131k de\u011fi\u015fmi\u015f<\/strong> olan\u0131 somut \u015fekilde \u00f6n\u00fcne koyuyor, \u00f6te yandan nostaljik anlar\u0131 ger\u00e7e\u011fin yerine ge\u00e7irebilir. <\/p>\n\n\n\n<p>Sosyal medyay\u0131 bu nedenle bir t\u00fcr zaman makinesi gibi g\u00f6rebiliriz; fakat g\u00f6sterdi\u011fi \u015feylerin \u00e7o\u011funun bir t\u00fcr \u00f6zlem fantazisine hitap etti\u011fini de unutumamak \u00f6nemli.<\/p>\n\n\n\n<p>&#8230;<\/p>\n\n\n\n<p>2016 nostaljisi hem ki\u015fisel hem de toplumsal olarak bir \u00e7ok fakt\u00f6r\u00fcn kesi\u015fiminde.<\/p>\n\n\n\n<p>Kullan\u0131c\u0131lar, \u015fu anda i\u00e7inde ya\u015fad\u0131klar\u0131 ve belirsizliklerle dolu ortamda daha gen\u00e7 olduklar\u0131 ve \u00f6zg\u00fcr hissettikleri bir d\u00f6nemi hat\u0131rlayarak bir t\u00fcr rahatlama ya\u015famak istediler.<\/p>\n\n\n\n<p>Bu bir yandan eski ve samimi g\u00fcnleri an\u0131msamak i\u00e7in etkili bir \u015feye d\u00f6n\u00fc\u015ft\u00fc, ayn\u0131 zamanda bug\u00fcn i\u00e7inde ya\u015fad\u0131\u011fm\u0131z sosyal bask\u0131lar\u0131na kar\u015f\u0131 da bir tepkisizlik i\u015flevi g\u00f6rd\u00fc.<\/p>\n\n\n\n<p>K\u0131saca, \u201cbiraz ara vermi\u015f\u201d olduk. Bu bir yandan i\u00e7sel bir yolculuk, bir yandan h\u0131zl\u0131 dijital d\u00fcnyada insanlar\u0131n ge\u00e7mi\u015fle ba\u011f kurdu\u011fu bir alan olarak g\u00f6r\u00fclebilir&#8230;<\/p>\n\n\n\n<p><strong>Kaynaklar ve ileri okuma<\/strong><\/p>\n\n\n\n<ul class=\"wp-block-list\">\n<li><a href=\"https:\/\/people.com\/2026-is-new-2016-trend-explained-11885444\">Is 2026 the new 2016? All about the throwback trend taking over the internet<\/a><\/li>\n\n\n\n<li><a href=\"https:\/\/tixel.com\/us\/news\/2026\/01\/16\/social-media-users-revive-2016-trends-in\">Social media users revive 2016 trends in nostalgic TikTok wave<\/a><\/li>\n\n\n\n<li><a href=\"https:\/\/www.ndtv.com\/lifestyle\/why-2026-is-the-new-2016-all-about-the-viral-trend-on-social-media-10772903\">Why &#8216;2026 is the new 2016&#8217;?<\/a><\/li>\n\n\n\n<li><a href=\"https:\/\/www.voguearabia.com\/article\/2016-nostalgia-taking-over-social-media\">Why is 2016 nostalgia taking over social media?<\/a><\/li>\n\n\n\n<li><a href=\"https:\/\/apnews.com\/article\/2016-online-trend-nostalgia-b54afa2d8259e5228012ba67044b19f6\">Why everyone is suddenly reliving 2016 online?<\/a><\/li>\n<\/ul>\n","protected":false},"excerpt":{"rendered":"<p>Takvimler 2026 y\u0131l\u0131n\u0131n ilk g\u00fcnlerini g\u00f6sterdi\u011finde, sosyal medya; \u00f6zellikle Instagram ve TikTok, bir zaman makinesine d\u00f6n\u00fc\u015ft\u00fc ve g\u00f6rsel a\u011f\u0131rl\u0131kl\u0131 payla\u015f\u0131m yap\u0131lan bu mecralarda hesab\u0131 olan kullan\u0131c\u0131lar 2016 y\u0131l\u0131ndan kalma foto\u011fraflarla videolar\u0131 o d\u00f6nemin pop\u00fcler filtreleri ve m\u00fczikleriyle yeniden payla\u015fmaya ba\u015flad\u0131. Amerika\u2019daki TikTok kullan\u0131c\u0131lar\u0131 aras\u0131nda #2016 etiketi aramalar\u0131 neredeyse be\u015f kat artarken 2016 \u015fark\u0131lar\u0131 yakla\u015f\u0131k \u00fc\u00e7&#8230;<\/p>\n","protected":false},"author":1,"featured_media":2796,"comment_status":"open","ping_status":"open","sticky":false,"template":"","format":"standard","meta":{"_coblocks_attr":"","_coblocks_dimensions":"","_coblocks_responsive_height":"","_coblocks_accordion_ie_support":"","_uag_custom_page_level_css":"","_kadence_starter_templates_imported_post":false,"_kad_post_transparent":"","_kad_post_title":"","_kad_post_layout":"","_kad_post_sidebar_id":"","_kad_post_content_style":"","_kad_post_vertical_padding":"","_kad_post_feature":"","_kad_post_feature_position":"","_kad_post_header":false,"_kad_post_footer":false,"footnotes":""},"categories":[376,185],"tags":[1362,1371,1364,1381,1369,1380,1363,1370,1375,1379,1378,1367,1373,1376,1374,1368,1365,1377,1372,1366],"class_list":["post-2771","post","type-post","status-publish","format-standard","has-post-thumbnail","hentry","category-iletisim","category-kahve-molasi","tag-2016-nostaljisi","tag-algoritma-oncesi-donem","tag-belirsizlik-donemi","tag-dijital-hafiza","tag-dijital-samimiyet","tag-duygusal-siginak","tag-filtreli-estetik","tag-gecmise-ozlem","tag-gecmise-ozlem-duymak","tag-gecmisle-bag-kurma","tag-genclik-hatiralari","tag-kolektif-kaygi","tag-kontrol-duygusu","tag-kulturel-geri-donus","tag-kusaklar-arasi-bag","tag-muzik-trendleri","tag-pandemi-sonrasi-etki","tag-performans-baskisi","tag-sosyal-medya-optimizasyonu","tag-sosyal-medya-zaman-makinesi"],"yoast_head":"<!-- This site is optimized with the Yoast SEO plugin v27.3 - https:\/\/yoast.com\/product\/yoast-seo-wordpress\/ -->\n<title>2016 y\u0131l\u0131na d\u00f6nmeyi neden bu kadar \u00e7ok sevdik ve istedik?<\/title>\n<meta name=\"description\" content=\"Neden 2016 y\u0131l\u0131na geri d\u00f6nmeye karar verdik, nostalji neden zaman zaman kendini bu \u015fekilde g\u00f6steriyor?\" \/>\n<meta name=\"robots\" content=\"index, follow, max-snippet:-1, max-image-preview:large, max-video-preview:-1\" \/>\n<link rel=\"canonical\" href=\"https:\/\/www.kaanugrasiz.com\/tr\/2016.html\" \/>\n<meta property=\"og:locale\" content=\"tr_TR\" \/>\n<meta property=\"og:type\" content=\"article\" \/>\n<meta property=\"og:title\" content=\"2016 y\u0131l\u0131na d\u00f6nmeyi neden bu kadar \u00e7ok sevdik ve istedik?\" \/>\n<meta property=\"og:description\" content=\"Neden 2016 y\u0131l\u0131na geri d\u00f6nmeye karar verdik, nostalji neden zaman zaman kendini bu \u015fekilde g\u00f6steriyor?\" \/>\n<meta property=\"og:url\" content=\"https:\/\/www.kaanugrasiz.com\/tr\/2016.html\" \/>\n<meta property=\"og:site_name\" content=\"Pazarlama ve marka ileti\u015fimi blogu - Kaan U\u011fras\u0131z\" \/>\n<meta property=\"article:published_time\" content=\"2026-02-23T04:00:00+00:00\" \/>\n<meta property=\"og:image\" content=\"https:\/\/www.kaanugrasiz.com\/tr\/wp-content\/uploads\/2026\/02\/2016-yilina-donmeyi-neden-bu-kadar-cok-sevdik-ve-istedik-3.webp\" \/>\n\t<meta property=\"og:image:width\" content=\"1280\" \/>\n\t<meta property=\"og:image:height\" content=\"896\" \/>\n\t<meta property=\"og:image:type\" content=\"image\/webp\" \/>\n<meta name=\"author\" content=\"Kaan U\u011fras\u0131z\" \/>\n<meta name=\"twitter:card\" content=\"summary_large_image\" \/>\n<meta name=\"twitter:label1\" content=\"Yazan:\" \/>\n\t<meta name=\"twitter:data1\" content=\"Kaan U\u011fras\u0131z\" \/>\n\t<meta name=\"twitter:label2\" content=\"Tahmini okuma s\u00fcresi\" \/>\n\t<meta name=\"twitter:data2\" content=\"6 dakika\" \/>\n<script type=\"application\/ld+json\" class=\"yoast-schema-graph\">{\"@context\":\"https:\\\/\\\/schema.org\",\"@graph\":[{\"@type\":\"Article\",\"@id\":\"https:\\\/\\\/www.kaanugrasiz.com\\\/tr\\\/2016.html#article\",\"isPartOf\":{\"@id\":\"https:\\\/\\\/www.kaanugrasiz.com\\\/tr\\\/2016.html\"},\"author\":{\"name\":\"Kaan U\u011fras\u0131z\",\"@id\":\"https:\\\/\\\/www.kaanugrasiz.com\\\/tr\\\/#\\\/schema\\\/person\\\/c03ebfb2409df5381cad2561495a437e\"},\"headline\":\"2016 y\u0131l\u0131na d\u00f6nmeyi neden bu kadar \u00e7ok sevdik ve istedik?\",\"datePublished\":\"2026-02-23T04:00:00+00:00\",\"mainEntityOfPage\":{\"@id\":\"https:\\\/\\\/www.kaanugrasiz.com\\\/tr\\\/2016.html\"},\"wordCount\":1149,\"commentCount\":0,\"publisher\":{\"@id\":\"https:\\\/\\\/www.kaanugrasiz.com\\\/tr\\\/#\\\/schema\\\/person\\\/c03ebfb2409df5381cad2561495a437e\"},\"image\":{\"@id\":\"https:\\\/\\\/www.kaanugrasiz.com\\\/tr\\\/2016.html#primaryimage\"},\"thumbnailUrl\":\"https:\\\/\\\/www.kaanugrasiz.com\\\/tr\\\/wp-content\\\/uploads\\\/2026\\\/02\\\/2016-yilina-donmeyi-neden-bu-kadar-cok-sevdik-ve-istedik-3.webp\",\"keywords\":[\"2016 nostaljisi\",\"algoritma \u00f6ncesi d\u00f6nem\",\"belirsizlik d\u00f6nemi\",\"dijital haf\u0131za\",\"dijital samimiyet\",\"duygusal s\u0131\u011f\u0131nak\",\"filtreli estetik\",\"ge\u00e7mi\u015fe \u00f6zlem\",\"ge\u00e7mi\u015fe \u00f6zlem duymak\",\"ge\u00e7mi\u015fle ba\u011f kurma\",\"gen\u00e7lik hat\u0131ralar\u0131\",\"kolektif kayg\u0131\",\"kontrol duygusu\",\"k\u00fclt\u00fcrel geri d\u00f6n\u00fc\u015f\",\"ku\u015faklar aras\u0131 ba\u011f\",\"m\u00fczik trendleri\",\"pandemi sonras\u0131 etki\",\"performans bask\u0131s\u0131\",\"sosyal medya optimizasyonu\",\"sosyal medya zaman makinesi\"],\"articleSection\":[\"\u0130leti\u015fim\",\"Kahve molas\u0131\"],\"inLanguage\":\"tr\",\"potentialAction\":[{\"@type\":\"CommentAction\",\"name\":\"Comment\",\"target\":[\"https:\\\/\\\/www.kaanugrasiz.com\\\/tr\\\/2016.html#respond\"]}]},{\"@type\":\"WebPage\",\"@id\":\"https:\\\/\\\/www.kaanugrasiz.com\\\/tr\\\/2016.html\",\"url\":\"https:\\\/\\\/www.kaanugrasiz.com\\\/tr\\\/2016.html\",\"name\":\"2016 y\u0131l\u0131na d\u00f6nmeyi neden bu kadar \u00e7ok sevdik ve istedik?\",\"isPartOf\":{\"@id\":\"https:\\\/\\\/www.kaanugrasiz.com\\\/tr\\\/#website\"},\"primaryImageOfPage\":{\"@id\":\"https:\\\/\\\/www.kaanugrasiz.com\\\/tr\\\/2016.html#primaryimage\"},\"image\":{\"@id\":\"https:\\\/\\\/www.kaanugrasiz.com\\\/tr\\\/2016.html#primaryimage\"},\"thumbnailUrl\":\"https:\\\/\\\/www.kaanugrasiz.com\\\/tr\\\/wp-content\\\/uploads\\\/2026\\\/02\\\/2016-yilina-donmeyi-neden-bu-kadar-cok-sevdik-ve-istedik-3.webp\",\"datePublished\":\"2026-02-23T04:00:00+00:00\",\"description\":\"Neden 2016 y\u0131l\u0131na geri d\u00f6nmeye karar verdik, nostalji neden zaman zaman kendini bu \u015fekilde g\u00f6steriyor?\",\"breadcrumb\":{\"@id\":\"https:\\\/\\\/www.kaanugrasiz.com\\\/tr\\\/2016.html#breadcrumb\"},\"inLanguage\":\"tr\",\"potentialAction\":[{\"@type\":\"ReadAction\",\"target\":[\"https:\\\/\\\/www.kaanugrasiz.com\\\/tr\\\/2016.html\"]}]},{\"@type\":\"ImageObject\",\"inLanguage\":\"tr\",\"@id\":\"https:\\\/\\\/www.kaanugrasiz.com\\\/tr\\\/2016.html#primaryimage\",\"url\":\"https:\\\/\\\/www.kaanugrasiz.com\\\/tr\\\/wp-content\\\/uploads\\\/2026\\\/02\\\/2016-yilina-donmeyi-neden-bu-kadar-cok-sevdik-ve-istedik-3.webp\",\"contentUrl\":\"https:\\\/\\\/www.kaanugrasiz.com\\\/tr\\\/wp-content\\\/uploads\\\/2026\\\/02\\\/2016-yilina-donmeyi-neden-bu-kadar-cok-sevdik-ve-istedik-3.webp\",\"width\":1280,\"height\":896},{\"@type\":\"BreadcrumbList\",\"@id\":\"https:\\\/\\\/www.kaanugrasiz.com\\\/tr\\\/2016.html#breadcrumb\",\"itemListElement\":[{\"@type\":\"ListItem\",\"position\":1,\"name\":\"Anasayfa\",\"item\":\"https:\\\/\\\/www.kaanugrasiz.com\\\/tr\\\/\"},{\"@type\":\"ListItem\",\"position\":2,\"name\":\"2016 y\u0131l\u0131na d\u00f6nmeyi neden bu kadar \u00e7ok sevdik ve istedik?\"}]},{\"@type\":\"WebSite\",\"@id\":\"https:\\\/\\\/www.kaanugrasiz.com\\\/tr\\\/#website\",\"url\":\"https:\\\/\\\/www.kaanugrasiz.com\\\/tr\\\/\",\"name\":\"Brand Monday TR\",\"description\":\"\",\"publisher\":{\"@id\":\"https:\\\/\\\/www.kaanugrasiz.com\\\/tr\\\/#\\\/schema\\\/person\\\/c03ebfb2409df5381cad2561495a437e\"},\"potentialAction\":[{\"@type\":\"SearchAction\",\"target\":{\"@type\":\"EntryPoint\",\"urlTemplate\":\"https:\\\/\\\/www.kaanugrasiz.com\\\/tr\\\/?s={search_term_string}\"},\"query-input\":{\"@type\":\"PropertyValueSpecification\",\"valueRequired\":true,\"valueName\":\"search_term_string\"}}],\"inLanguage\":\"tr\"},{\"@type\":[\"Person\",\"Organization\"],\"@id\":\"https:\\\/\\\/www.kaanugrasiz.com\\\/tr\\\/#\\\/schema\\\/person\\\/c03ebfb2409df5381cad2561495a437e\",\"name\":\"Kaan U\u011fras\u0131z\",\"image\":{\"@type\":\"ImageObject\",\"inLanguage\":\"tr\",\"@id\":\"https:\\\/\\\/www.kaanugrasiz.com\\\/tr\\\/wp-content\\\/uploads\\\/2026\\\/02\\\/cropped-cropped-kaanugrasiz-logo-gold.webp\",\"url\":\"https:\\\/\\\/www.kaanugrasiz.com\\\/tr\\\/wp-content\\\/uploads\\\/2026\\\/02\\\/cropped-cropped-kaanugrasiz-logo-gold.webp\",\"contentUrl\":\"https:\\\/\\\/www.kaanugrasiz.com\\\/tr\\\/wp-content\\\/uploads\\\/2026\\\/02\\\/cropped-cropped-kaanugrasiz-logo-gold.webp\",\"width\":512,\"height\":512,\"caption\":\"Kaan U\u011fras\u0131z\"},\"logo\":{\"@id\":\"https:\\\/\\\/www.kaanugrasiz.com\\\/tr\\\/wp-content\\\/uploads\\\/2026\\\/02\\\/cropped-cropped-kaanugrasiz-logo-gold.webp\"},\"description\":\"Yakla\u015f\u0131k 20 y\u0131ll\u0131k deneyime sahip bir pazarlama ileti\u015fimi profesyoneliyim ve \u00e7e\u015fitli formatlarda nitelikli, anlaml\u0131 ve etkili i\u00e7erikler \u00fcretip yay\u0131nlamaya odaklan\u0131yorum. Bir bireyin veya kurulu\u015fun \u00e7evresiyle uyumlu, d\u00fczenli ve anla\u015f\u0131l\u0131r bir ileti\u015fim kurmas\u0131, mevcut ili\u015fkileri g\u00fc\u00e7lendirmesi ve yeni ili\u015fkiler kurmas\u0131 i\u00e7in gereken t\u00fcm ara\u00e7lar\u0131 s\u0131f\u0131rdan geli\u015ftirebilir ve bu ama\u00e7la yol g\u00f6sterici haritalar olu\u015fturabilirim.\",\"sameAs\":[\"https:\\\/\\\/www.kaanugrasiz.com\\\/tr\",\"https:\\\/\\\/instagram.com\\\/kaanugrasiz\",\"https:\\\/\\\/linkedin.com\\\/in\\\/kaanugrasiz\"],\"url\":\"https:\\\/\\\/www.kaanugrasiz.com\\\/tr\\\/author\\\/travego\"}]}<\/script>\n<!-- \/ Yoast SEO plugin. -->","yoast_head_json":{"title":"2016 y\u0131l\u0131na d\u00f6nmeyi neden bu kadar \u00e7ok sevdik ve istedik?","description":"Neden 2016 y\u0131l\u0131na geri d\u00f6nmeye karar verdik, nostalji neden zaman zaman kendini bu \u015fekilde g\u00f6steriyor?","robots":{"index":"index","follow":"follow","max-snippet":"max-snippet:-1","max-image-preview":"max-image-preview:large","max-video-preview":"max-video-preview:-1"},"canonical":"https:\/\/www.kaanugrasiz.com\/tr\/2016.html","og_locale":"tr_TR","og_type":"article","og_title":"2016 y\u0131l\u0131na d\u00f6nmeyi neden bu kadar \u00e7ok sevdik ve istedik?","og_description":"Neden 2016 y\u0131l\u0131na geri d\u00f6nmeye karar verdik, nostalji neden zaman zaman kendini bu \u015fekilde g\u00f6steriyor?","og_url":"https:\/\/www.kaanugrasiz.com\/tr\/2016.html","og_site_name":"Pazarlama ve marka ileti\u015fimi blogu - Kaan U\u011fras\u0131z","article_published_time":"2026-02-23T04:00:00+00:00","og_image":[{"width":1280,"height":896,"url":"https:\/\/www.kaanugrasiz.com\/tr\/wp-content\/uploads\/2026\/02\/2016-yilina-donmeyi-neden-bu-kadar-cok-sevdik-ve-istedik-3.webp","type":"image\/webp"}],"author":"Kaan U\u011fras\u0131z","twitter_card":"summary_large_image","twitter_misc":{"Yazan:":"Kaan U\u011fras\u0131z","Tahmini okuma s\u00fcresi":"6 dakika"},"schema":{"@context":"https:\/\/schema.org","@graph":[{"@type":"Article","@id":"https:\/\/www.kaanugrasiz.com\/tr\/2016.html#article","isPartOf":{"@id":"https:\/\/www.kaanugrasiz.com\/tr\/2016.html"},"author":{"name":"Kaan U\u011fras\u0131z","@id":"https:\/\/www.kaanugrasiz.com\/tr\/#\/schema\/person\/c03ebfb2409df5381cad2561495a437e"},"headline":"2016 y\u0131l\u0131na d\u00f6nmeyi neden bu kadar \u00e7ok sevdik ve istedik?","datePublished":"2026-02-23T04:00:00+00:00","mainEntityOfPage":{"@id":"https:\/\/www.kaanugrasiz.com\/tr\/2016.html"},"wordCount":1149,"commentCount":0,"publisher":{"@id":"https:\/\/www.kaanugrasiz.com\/tr\/#\/schema\/person\/c03ebfb2409df5381cad2561495a437e"},"image":{"@id":"https:\/\/www.kaanugrasiz.com\/tr\/2016.html#primaryimage"},"thumbnailUrl":"https:\/\/www.kaanugrasiz.com\/tr\/wp-content\/uploads\/2026\/02\/2016-yilina-donmeyi-neden-bu-kadar-cok-sevdik-ve-istedik-3.webp","keywords":["2016 nostaljisi","algoritma \u00f6ncesi d\u00f6nem","belirsizlik d\u00f6nemi","dijital haf\u0131za","dijital samimiyet","duygusal s\u0131\u011f\u0131nak","filtreli estetik","ge\u00e7mi\u015fe \u00f6zlem","ge\u00e7mi\u015fe \u00f6zlem duymak","ge\u00e7mi\u015fle ba\u011f kurma","gen\u00e7lik hat\u0131ralar\u0131","kolektif kayg\u0131","kontrol duygusu","k\u00fclt\u00fcrel geri d\u00f6n\u00fc\u015f","ku\u015faklar aras\u0131 ba\u011f","m\u00fczik trendleri","pandemi sonras\u0131 etki","performans bask\u0131s\u0131","sosyal medya optimizasyonu","sosyal medya zaman makinesi"],"articleSection":["\u0130leti\u015fim","Kahve molas\u0131"],"inLanguage":"tr","potentialAction":[{"@type":"CommentAction","name":"Comment","target":["https:\/\/www.kaanugrasiz.com\/tr\/2016.html#respond"]}]},{"@type":"WebPage","@id":"https:\/\/www.kaanugrasiz.com\/tr\/2016.html","url":"https:\/\/www.kaanugrasiz.com\/tr\/2016.html","name":"2016 y\u0131l\u0131na d\u00f6nmeyi neden bu kadar \u00e7ok sevdik ve istedik?","isPartOf":{"@id":"https:\/\/www.kaanugrasiz.com\/tr\/#website"},"primaryImageOfPage":{"@id":"https:\/\/www.kaanugrasiz.com\/tr\/2016.html#primaryimage"},"image":{"@id":"https:\/\/www.kaanugrasiz.com\/tr\/2016.html#primaryimage"},"thumbnailUrl":"https:\/\/www.kaanugrasiz.com\/tr\/wp-content\/uploads\/2026\/02\/2016-yilina-donmeyi-neden-bu-kadar-cok-sevdik-ve-istedik-3.webp","datePublished":"2026-02-23T04:00:00+00:00","description":"Neden 2016 y\u0131l\u0131na geri d\u00f6nmeye karar verdik, nostalji neden zaman zaman kendini bu \u015fekilde g\u00f6steriyor?","breadcrumb":{"@id":"https:\/\/www.kaanugrasiz.com\/tr\/2016.html#breadcrumb"},"inLanguage":"tr","potentialAction":[{"@type":"ReadAction","target":["https:\/\/www.kaanugrasiz.com\/tr\/2016.html"]}]},{"@type":"ImageObject","inLanguage":"tr","@id":"https:\/\/www.kaanugrasiz.com\/tr\/2016.html#primaryimage","url":"https:\/\/www.kaanugrasiz.com\/tr\/wp-content\/uploads\/2026\/02\/2016-yilina-donmeyi-neden-bu-kadar-cok-sevdik-ve-istedik-3.webp","contentUrl":"https:\/\/www.kaanugrasiz.com\/tr\/wp-content\/uploads\/2026\/02\/2016-yilina-donmeyi-neden-bu-kadar-cok-sevdik-ve-istedik-3.webp","width":1280,"height":896},{"@type":"BreadcrumbList","@id":"https:\/\/www.kaanugrasiz.com\/tr\/2016.html#breadcrumb","itemListElement":[{"@type":"ListItem","position":1,"name":"Anasayfa","item":"https:\/\/www.kaanugrasiz.com\/tr\/"},{"@type":"ListItem","position":2,"name":"2016 y\u0131l\u0131na d\u00f6nmeyi neden bu kadar \u00e7ok sevdik ve istedik?"}]},{"@type":"WebSite","@id":"https:\/\/www.kaanugrasiz.com\/tr\/#website","url":"https:\/\/www.kaanugrasiz.com\/tr\/","name":"Brand Monday TR","description":"","publisher":{"@id":"https:\/\/www.kaanugrasiz.com\/tr\/#\/schema\/person\/c03ebfb2409df5381cad2561495a437e"},"potentialAction":[{"@type":"SearchAction","target":{"@type":"EntryPoint","urlTemplate":"https:\/\/www.kaanugrasiz.com\/tr\/?s={search_term_string}"},"query-input":{"@type":"PropertyValueSpecification","valueRequired":true,"valueName":"search_term_string"}}],"inLanguage":"tr"},{"@type":["Person","Organization"],"@id":"https:\/\/www.kaanugrasiz.com\/tr\/#\/schema\/person\/c03ebfb2409df5381cad2561495a437e","name":"Kaan U\u011fras\u0131z","image":{"@type":"ImageObject","inLanguage":"tr","@id":"https:\/\/www.kaanugrasiz.com\/tr\/wp-content\/uploads\/2026\/02\/cropped-cropped-kaanugrasiz-logo-gold.webp","url":"https:\/\/www.kaanugrasiz.com\/tr\/wp-content\/uploads\/2026\/02\/cropped-cropped-kaanugrasiz-logo-gold.webp","contentUrl":"https:\/\/www.kaanugrasiz.com\/tr\/wp-content\/uploads\/2026\/02\/cropped-cropped-kaanugrasiz-logo-gold.webp","width":512,"height":512,"caption":"Kaan U\u011fras\u0131z"},"logo":{"@id":"https:\/\/www.kaanugrasiz.com\/tr\/wp-content\/uploads\/2026\/02\/cropped-cropped-kaanugrasiz-logo-gold.webp"},"description":"Yakla\u015f\u0131k 20 y\u0131ll\u0131k deneyime sahip bir pazarlama ileti\u015fimi profesyoneliyim ve \u00e7e\u015fitli formatlarda nitelikli, anlaml\u0131 ve etkili i\u00e7erikler \u00fcretip yay\u0131nlamaya odaklan\u0131yorum. Bir bireyin veya kurulu\u015fun \u00e7evresiyle uyumlu, d\u00fczenli ve anla\u015f\u0131l\u0131r bir ileti\u015fim kurmas\u0131, mevcut ili\u015fkileri g\u00fc\u00e7lendirmesi ve yeni ili\u015fkiler kurmas\u0131 i\u00e7in gereken t\u00fcm ara\u00e7lar\u0131 s\u0131f\u0131rdan geli\u015ftirebilir ve bu ama\u00e7la yol g\u00f6sterici haritalar olu\u015fturabilirim.","sameAs":["https:\/\/www.kaanugrasiz.com\/tr","https:\/\/instagram.com\/kaanugrasiz","https:\/\/linkedin.com\/in\/kaanugrasiz"],"url":"https:\/\/www.kaanugrasiz.com\/tr\/author\/travego"}]}},"uagb_featured_image_src":{"full":["https:\/\/www.kaanugrasiz.com\/tr\/wp-content\/uploads\/2026\/02\/2016-yilina-donmeyi-neden-bu-kadar-cok-sevdik-ve-istedik-3.webp",1280,896,false],"thumbnail":["https:\/\/www.kaanugrasiz.com\/tr\/wp-content\/uploads\/2026\/02\/2016-yilina-donmeyi-neden-bu-kadar-cok-sevdik-ve-istedik-3-150x150.webp",150,150,true],"medium":["https:\/\/www.kaanugrasiz.com\/tr\/wp-content\/uploads\/2026\/02\/2016-yilina-donmeyi-neden-bu-kadar-cok-sevdik-ve-istedik-3-300x210.webp",300,210,true],"medium_large":["https:\/\/www.kaanugrasiz.com\/tr\/wp-content\/uploads\/2026\/02\/2016-yilina-donmeyi-neden-bu-kadar-cok-sevdik-ve-istedik-3-768x538.webp",768,538,true],"large":["https:\/\/www.kaanugrasiz.com\/tr\/wp-content\/uploads\/2026\/02\/2016-yilina-donmeyi-neden-bu-kadar-cok-sevdik-ve-istedik-3-1024x717.webp",1024,717,true],"1536x1536":["https:\/\/www.kaanugrasiz.com\/tr\/wp-content\/uploads\/2026\/02\/2016-yilina-donmeyi-neden-bu-kadar-cok-sevdik-ve-istedik-3.webp",1280,896,false],"2048x2048":["https:\/\/www.kaanugrasiz.com\/tr\/wp-content\/uploads\/2026\/02\/2016-yilina-donmeyi-neden-bu-kadar-cok-sevdik-ve-istedik-3.webp",1280,896,false],"web-stories-poster-portrait":["https:\/\/www.kaanugrasiz.com\/tr\/wp-content\/uploads\/2026\/02\/2016-yilina-donmeyi-neden-bu-kadar-cok-sevdik-ve-istedik-3.webp",640,448,false],"web-stories-publisher-logo":["https:\/\/www.kaanugrasiz.com\/tr\/wp-content\/uploads\/2026\/02\/2016-yilina-donmeyi-neden-bu-kadar-cok-sevdik-ve-istedik-3.webp",96,67,false],"web-stories-thumbnail":["https:\/\/www.kaanugrasiz.com\/tr\/wp-content\/uploads\/2026\/02\/2016-yilina-donmeyi-neden-bu-kadar-cok-sevdik-ve-istedik-3.webp",150,105,false]},"uagb_author_info":{"display_name":"Kaan U\u011fras\u0131z","author_link":"https:\/\/www.kaanugrasiz.com\/tr\/author\/travego"},"uagb_comment_info":0,"uagb_excerpt":"Takvimler 2026 y\u0131l\u0131n\u0131n ilk g\u00fcnlerini g\u00f6sterdi\u011finde, sosyal medya; \u00f6zellikle Instagram ve TikTok, bir zaman makinesine d\u00f6n\u00fc\u015ft\u00fc ve g\u00f6rsel a\u011f\u0131rl\u0131kl\u0131 payla\u015f\u0131m yap\u0131lan bu mecralarda hesab\u0131 olan kullan\u0131c\u0131lar 2016 y\u0131l\u0131ndan kalma foto\u011fraflarla videolar\u0131 o d\u00f6nemin pop\u00fcler filtreleri ve m\u00fczikleriyle yeniden payla\u015fmaya ba\u015flad\u0131. Amerika\u2019daki TikTok kullan\u0131c\u0131lar\u0131 aras\u0131nda #2016 etiketi aramalar\u0131 neredeyse be\u015f kat artarken 2016 \u015fark\u0131lar\u0131 yakla\u015f\u0131k \u00fc\u00e7...","_links":{"self":[{"href":"https:\/\/www.kaanugrasiz.com\/tr\/wp-json\/wp\/v2\/posts\/2771","targetHints":{"allow":["GET"]}}],"collection":[{"href":"https:\/\/www.kaanugrasiz.com\/tr\/wp-json\/wp\/v2\/posts"}],"about":[{"href":"https:\/\/www.kaanugrasiz.com\/tr\/wp-json\/wp\/v2\/types\/post"}],"author":[{"embeddable":true,"href":"https:\/\/www.kaanugrasiz.com\/tr\/wp-json\/wp\/v2\/users\/1"}],"replies":[{"embeddable":true,"href":"https:\/\/www.kaanugrasiz.com\/tr\/wp-json\/wp\/v2\/comments?post=2771"}],"version-history":[{"count":3,"href":"https:\/\/www.kaanugrasiz.com\/tr\/wp-json\/wp\/v2\/posts\/2771\/revisions"}],"predecessor-version":[{"id":2775,"href":"https:\/\/www.kaanugrasiz.com\/tr\/wp-json\/wp\/v2\/posts\/2771\/revisions\/2775"}],"wp:featuredmedia":[{"embeddable":true,"href":"https:\/\/www.kaanugrasiz.com\/tr\/wp-json\/wp\/v2\/media\/2796"}],"wp:attachment":[{"href":"https:\/\/www.kaanugrasiz.com\/tr\/wp-json\/wp\/v2\/media?parent=2771"}],"wp:term":[{"taxonomy":"category","embeddable":true,"href":"https:\/\/www.kaanugrasiz.com\/tr\/wp-json\/wp\/v2\/categories?post=2771"},{"taxonomy":"post_tag","embeddable":true,"href":"https:\/\/www.kaanugrasiz.com\/tr\/wp-json\/wp\/v2\/tags?post=2771"}],"curies":[{"name":"wp","href":"https:\/\/api.w.org\/{rel}","templated":true}]}}