{"id":2709,"date":"2026-02-04T07:00:00","date_gmt":"2026-02-04T04:00:00","guid":{"rendered":"https:\/\/www.kaanugrasiz.com\/tr\/?p=2709"},"modified":"2026-03-23T14:22:50","modified_gmt":"2026-03-23T11:22:50","slug":"trendleri-yakalamak","status":"publish","type":"post","link":"https:\/\/www.kaanugrasiz.com\/tr\/trendleri-yakalamak.html","title":{"rendered":"Markalar her trendin tam ortas\u0131nda yer almak zorunda m\u0131?"},"content":{"rendered":"\n<p>Sosyal medyada <strong>trend sahiplenme<\/strong>yi, bir markan\u0131n <strong>o an pop\u00fcler olan konu hakk\u0131nda kendi ileti\u015fimini yapmas\u0131<\/strong> olarak \u00f6zetlemek yanl\u0131\u015f olmaz. Hedef de belli; <strong>daha fazla g\u00f6r\u00fcn\u00fcr olmak<\/strong>. Bununla ilgili ba\u015fka yaz\u0131lar da yazm\u0131\u015ft\u0131m daha \u00f6nce.<\/p>\n\n\n\n<p><strong>Sosyal medya h\u0131zl\u0131 olmak gereken bir pazarlama mecras\u0131<\/strong> ve ayn\u0131 zamanda h\u0131zl\u0131 t\u00fcketim arac\u0131. Dolay\u0131s\u0131yla sosyal medyada trendler de t\u00fcketim h\u0131z\u0131na ba\u011fl\u0131 olarak \u00e7abuk y\u00fckseliyor ve k\u0131sa s\u00fcrede unutuluyor. Bu r\u00fczgar\u0131n etkisinden yararlanmak isteyen kullan\u0131c\u0131lar <strong>algoritman\u0131n dikkatini \u00e7ekmek<\/strong> ve kendi g\u00f6r\u00fcn\u00fcrl\u00fckleriyle etkile\u015fimlerini artt\u0131rmak i\u00e7in buna bir an \u00f6nce dahil olmaya \u00e7al\u0131\u015f\u0131yor. Bu davran\u0131\u015f\u0131n ard\u0131nda, trend olan konu etraf\u0131nda <strong>g\u00f6r\u00fcn\u00fcr olmak<\/strong> ve etkile\u015fim yakalamak var, bununla ilgili olarak <a href=\"https:\/\/www.kaanugrasiz.com\/tr\/gorunurlugu-kaybetmek.html\" type=\"post\" id=\"1290\">G\u00f6r\u00fcn\u00fcrl\u00fc\u011f\u00fc kaybetmek<\/a> isimli yaz\u0131ya g\u00f6z atmak isteyebilirsiniz.<\/p>\n\n\n<style>.kb-table-of-content-nav.kb-table-of-content-id2709_7981d3-4e .kb-table-of-content-wrap{padding-top:var(--global-kb-spacing-sm, 1.5rem);padding-right:var(--global-kb-spacing-sm, 1.5rem);padding-bottom:var(--global-kb-spacing-sm, 1.5rem);padding-left:var(--global-kb-spacing-sm, 1.5rem);}.kb-table-of-content-nav.kb-table-of-content-id2709_7981d3-4e .kb-table-of-contents-title-wrap{padding-top:0px;padding-right:0px;padding-bottom:0px;padding-left:0px;}.kb-table-of-content-nav.kb-table-of-content-id2709_7981d3-4e .kb-table-of-contents-title{font-weight:regular;font-style:normal;}.kb-table-of-content-nav.kb-table-of-content-id2709_7981d3-4e .kb-table-of-content-wrap .kb-table-of-content-list{font-weight:regular;font-style:normal;margin-top:var(--global-kb-spacing-sm, 1.5rem);margin-right:0px;margin-bottom:0px;margin-left:0px;}<\/style>\n\n<style>.kt-accordion-id2709_f5f440-a6 .kt-accordion-inner-wrap{column-gap:var(--global-kb-gap-md, 2rem);row-gap:0px;}.kt-accordion-id2709_f5f440-a6 .kt-accordion-panel-inner{border-top:0px solid transparent;border-right:0px solid transparent;border-bottom:0px solid transparent;border-left:0px solid transparent;background:var(--global-palette8, #F7FAFC);padding-top:var(--global-kb-spacing-sm, 1.5rem);padding-right:var(--global-kb-spacing-sm, 1.5rem);padding-bottom:var(--global-kb-spacing-sm, 1.5rem);padding-left:var(--global-kb-spacing-sm, 1.5rem);}.kt-accordion-id2709_f5f440-a6 > .kt-accordion-inner-wrap > .wp-block-kadence-pane > .kt-accordion-header-wrap > .kt-blocks-accordion-header{border-top-color:var(--global-palette9, #ffffff);border-top-style:solid;border-right-color:var(--global-palette9, #ffffff);border-right-style:solid;border-bottom:1px solid var(--global-palette9, #ffffff);border-left-color:var(--global-palette9, #ffffff);border-left-style:solid;background:var(--global-palette7, #EDF2F7);color:#555555;padding-top:20px;padding-right:10px;padding-bottom:20px;padding-left:10px;}.kt-accordion-id2709_f5f440-a6:not( .kt-accodion-icon-style-basiccircle ):not( .kt-accodion-icon-style-xclosecircle ):not( .kt-accodion-icon-style-arrowcircle )  > .kt-accordion-inner-wrap > .wp-block-kadence-pane > .kt-accordion-header-wrap .kt-blocks-accordion-icon-trigger:after, .kt-accordion-id2709_f5f440-a6:not( .kt-accodion-icon-style-basiccircle ):not( .kt-accodion-icon-style-xclosecircle ):not( .kt-accodion-icon-style-arrowcircle )  > .kt-accordion-inner-wrap > .wp-block-kadence-pane > .kt-accordion-header-wrap .kt-blocks-accordion-icon-trigger:before{background:#555555;}.kt-accordion-id2709_f5f440-a6:not( .kt-accodion-icon-style-basic ):not( .kt-accodion-icon-style-xclose ):not( .kt-accodion-icon-style-arrow ) .kt-blocks-accordion-icon-trigger{background:#555555;}.kt-accordion-id2709_f5f440-a6:not( .kt-accodion-icon-style-basic ):not( .kt-accodion-icon-style-xclose ):not( .kt-accodion-icon-style-arrow ) .kt-blocks-accordion-icon-trigger:after, .kt-accordion-id2709_f5f440-a6:not( .kt-accodion-icon-style-basic ):not( .kt-accodion-icon-style-xclose ):not( .kt-accodion-icon-style-arrow ) .kt-blocks-accordion-icon-trigger:before{background:var(--global-palette7, #EDF2F7);}.kt-accordion-id2709_f5f440-a6 > .kt-accordion-inner-wrap > .wp-block-kadence-pane > .kt-accordion-header-wrap > .kt-blocks-accordion-header:hover, \n\t\t\t\tbody:not(.hide-focus-outline) .kt-accordion-id2709_f5f440-a6 .kt-blocks-accordion-header:focus-visible{color:#444444;background:#eeeeee;border-top:1px solid #878787;border-right:1px solid #878787;border-bottom:1px solid #878787;border-left:1px solid #878787;}.kt-accordion-id2709_f5f440-a6:not( .kt-accodion-icon-style-basiccircle ):not( .kt-accodion-icon-style-xclosecircle ):not( .kt-accodion-icon-style-arrowcircle ) .kt-accordion-header-wrap .kt-blocks-accordion-header:hover .kt-blocks-accordion-icon-trigger:after, .kt-accordion-id2709_f5f440-a6:not( .kt-accodion-icon-style-basiccircle ):not( .kt-accodion-icon-style-xclosecircle ):not( .kt-accodion-icon-style-arrowcircle ) .kt-accordion-header-wrap .kt-blocks-accordion-header:hover .kt-blocks-accordion-icon-trigger:before, body:not(.hide-focus-outline) .kt-accordion-id2709_f5f440-a6:not( .kt-accodion-icon-style-basiccircle ):not( .kt-accodion-icon-style-xclosecircle ):not( .kt-accodion-icon-style-arrowcircle ) .kt-blocks-accordion--visible .kt-blocks-accordion-icon-trigger:after, body:not(.hide-focus-outline) .kt-accordion-id2709_f5f440-a6:not( .kt-accodion-icon-style-basiccircle ):not( .kt-accodion-icon-style-xclosecircle ):not( .kt-accodion-icon-style-arrowcircle ) .kt-blocks-accordion-header:focus-visible .kt-blocks-accordion-icon-trigger:before{background:#444444;}.kt-accordion-id2709_f5f440-a6:not( .kt-accodion-icon-style-basic ):not( .kt-accodion-icon-style-xclose ):not( .kt-accodion-icon-style-arrow ) .kt-accordion-header-wrap .kt-blocks-accordion-header:hover .kt-blocks-accordion-icon-trigger, body:not(.hide-focus-outline) .kt-accordion-id2709_f5f440-a6:not( .kt-accodion-icon-style-basic ):not( .kt-accodion-icon-style-xclose ):not( .kt-accodion-icon-style-arrow ) .kt-accordion-header-wrap .kt-blocks-accordion-header:focus-visible .kt-blocks-accordion-icon-trigger{background:#444444;}.kt-accordion-id2709_f5f440-a6:not( .kt-accodion-icon-style-basic ):not( .kt-accodion-icon-style-xclose ):not( .kt-accodion-icon-style-arrow ) .kt-accordion-header-wrap .kt-blocks-accordion-header:hover .kt-blocks-accordion-icon-trigger:after, .kt-accordion-id2709_f5f440-a6:not( .kt-accodion-icon-style-basic ):not( .kt-accodion-icon-style-xclose ):not( .kt-accodion-icon-style-arrow ) .kt-accordion-header-wrap .kt-blocks-accordion-header:hover .kt-blocks-accordion-icon-trigger:before, body:not(.hide-focus-outline) .kt-accordion-id2709_f5f440-a6:not( .kt-accodion-icon-style-basic ):not( .kt-accodion-icon-style-xclose ):not( .kt-accodion-icon-style-arrow ) .kt-accordion-header-wrap .kt-blocks-accordion-header:focus-visible .kt-blocks-accordion-icon-trigger:after, body:not(.hide-focus-outline) .kt-accordion-id2709_f5f440-a6:not( .kt-accodion-icon-style-basic ):not( .kt-accodion-icon-style-xclose ):not( .kt-accodion-icon-style-arrow ) .kt-accordion-header-wrap .kt-blocks-accordion-header:focus-visible .kt-blocks-accordion-icon-trigger:before{background:#eeeeee;}.kt-accordion-id2709_f5f440-a6 .kt-accordion-header-wrap .kt-blocks-accordion-header:focus-visible,\n\t\t\t\t.kt-accordion-id2709_f5f440-a6 > .kt-accordion-inner-wrap > .wp-block-kadence-pane > .kt-accordion-header-wrap > .kt-blocks-accordion-header.kt-accordion-panel-active{color:#ffffff;background:var(--global-palette2, #2B6CB0);border-top:1px solid #444444;border-right:1px solid #444444;border-bottom:1px solid #444444;border-left:1px solid #444444;}.kt-accordion-id2709_f5f440-a6:not( .kt-accodion-icon-style-basiccircle ):not( .kt-accodion-icon-style-xclosecircle ):not( .kt-accodion-icon-style-arrowcircle )  > .kt-accordion-inner-wrap > .wp-block-kadence-pane > .kt-accordion-header-wrap > .kt-blocks-accordion-header.kt-accordion-panel-active .kt-blocks-accordion-icon-trigger:after, .kt-accordion-id2709_f5f440-a6:not( .kt-accodion-icon-style-basiccircle ):not( .kt-accodion-icon-style-xclosecircle ):not( .kt-accodion-icon-style-arrowcircle )  > .kt-accordion-inner-wrap > .wp-block-kadence-pane > .kt-accordion-header-wrap > .kt-blocks-accordion-header.kt-accordion-panel-active .kt-blocks-accordion-icon-trigger:before{background:#ffffff;}.kt-accordion-id2709_f5f440-a6:not( .kt-accodion-icon-style-basic ):not( .kt-accodion-icon-style-xclose ):not( .kt-accodion-icon-style-arrow ) .kt-blocks-accordion-header.kt-accordion-panel-active .kt-blocks-accordion-icon-trigger{background:#ffffff;}.kt-accordion-id2709_f5f440-a6:not( .kt-accodion-icon-style-basic ):not( .kt-accodion-icon-style-xclose ):not( .kt-accodion-icon-style-arrow ) .kt-blocks-accordion-header.kt-accordion-panel-active .kt-blocks-accordion-icon-trigger:after, .kt-accordion-id2709_f5f440-a6:not( .kt-accodion-icon-style-basic ):not( .kt-accodion-icon-style-xclose ):not( .kt-accodion-icon-style-arrow ) .kt-blocks-accordion-header.kt-accordion-panel-active .kt-blocks-accordion-icon-trigger:before{background:var(--global-palette2, #2B6CB0);}@media all and (max-width: 1024px){.kt-accordion-id2709_f5f440-a6 .kt-accordion-panel-inner{border-top:0px solid transparent;border-right:0px solid transparent;border-bottom:0px solid transparent;border-left:0px solid transparent;}}@media all and (max-width: 1024px){.kt-accordion-id2709_f5f440-a6 > .kt-accordion-inner-wrap > .wp-block-kadence-pane > .kt-accordion-header-wrap > .kt-blocks-accordion-header{border-top-color:var(--global-palette9, #ffffff);border-top-style:solid;border-right-color:var(--global-palette9, #ffffff);border-right-style:solid;border-bottom:1px solid var(--global-palette9, #ffffff);border-left-color:var(--global-palette9, #ffffff);border-left-style:solid;}}@media all and (max-width: 1024px){.kt-accordion-id2709_f5f440-a6 > .kt-accordion-inner-wrap > .wp-block-kadence-pane > .kt-accordion-header-wrap > .kt-blocks-accordion-header:hover, \n\t\t\t\tbody:not(.hide-focus-outline) .kt-accordion-id2709_f5f440-a6 .kt-blocks-accordion-header:focus-visible{border-top:1px solid #878787;border-right:1px solid #878787;border-bottom:1px solid #878787;border-left:1px solid #878787;}}@media all and (max-width: 1024px){.kt-accordion-id2709_f5f440-a6 .kt-accordion-header-wrap .kt-blocks-accordion-header:focus-visible,\n\t\t\t\t.kt-accordion-id2709_f5f440-a6 > .kt-accordion-inner-wrap > .wp-block-kadence-pane > .kt-accordion-header-wrap > .kt-blocks-accordion-header.kt-accordion-panel-active{border-top:1px solid #444444;border-right:1px solid #444444;border-bottom:1px solid #444444;border-left:1px solid #444444;}}@media all and (max-width: 767px){.kt-accordion-id2709_f5f440-a6 .kt-accordion-inner-wrap{display:block;}.kt-accordion-id2709_f5f440-a6 .kt-accordion-inner-wrap .kt-accordion-pane:not(:first-child){margin-top:0px;}.kt-accordion-id2709_f5f440-a6 .kt-accordion-panel-inner{border-top:0px solid transparent;border-right:0px solid transparent;border-bottom:0px solid transparent;border-left:0px solid transparent;}.kt-accordion-id2709_f5f440-a6 > .kt-accordion-inner-wrap > .wp-block-kadence-pane > .kt-accordion-header-wrap > .kt-blocks-accordion-header{border-top-color:var(--global-palette9, #ffffff);border-top-style:solid;border-right-color:var(--global-palette9, #ffffff);border-right-style:solid;border-bottom:1px solid var(--global-palette9, #ffffff);border-left-color:var(--global-palette9, #ffffff);border-left-style:solid;}.kt-accordion-id2709_f5f440-a6 > .kt-accordion-inner-wrap > .wp-block-kadence-pane > .kt-accordion-header-wrap > .kt-blocks-accordion-header:hover, \n\t\t\t\tbody:not(.hide-focus-outline) .kt-accordion-id2709_f5f440-a6 .kt-blocks-accordion-header:focus-visible{border-top:1px solid #878787;border-right:1px solid #878787;border-bottom:1px solid #878787;border-left:1px solid #878787;}.kt-accordion-id2709_f5f440-a6 .kt-accordion-header-wrap .kt-blocks-accordion-header:focus-visible,\n\t\t\t\t.kt-accordion-id2709_f5f440-a6 > .kt-accordion-inner-wrap > .wp-block-kadence-pane > .kt-accordion-header-wrap > .kt-blocks-accordion-header.kt-accordion-panel-active{border-top:1px solid #444444;border-right:1px solid #444444;border-bottom:1px solid #444444;border-left:1px solid #444444;}}<\/style>\n<div class=\"wp-block-kadence-accordion alignnone\"><div class=\"kt-accordion-wrap kt-accordion-id2709_f5f440-a6 kt-accordion-has-6-panes kt-active-pane-0 kt-accordion-block kt-pane-header-alignment-left kt-accodion-icon-style-arrow kt-accodion-icon-side-left\" style=\"max-width:none\"><div class=\"kt-accordion-inner-wrap\" data-allow-multiple-open=\"false\" data-start-open=\"none\">\n<div class=\"wp-block-kadence-pane kt-accordion-pane kt-accordion-pane-1 kt-pane2709_9b7201-47\"><h3 class=\"kt-accordion-header-wrap\"><button class=\"kt-blocks-accordion-header kt-acccordion-button-label-show\" type=\"button\"><span class=\"kt-blocks-accordion-title-wrap\"><span class=\"kt-blocks-accordion-title\">Trendleri takip etmek ve benimsemeye karar vermek<\/span><\/span><span class=\"kt-blocks-accordion-icon-trigger\"><\/span><\/button><\/h3><div class=\"kt-accordion-panel kt-accordion-panel-hidden\"><div class=\"kt-accordion-panel-inner\">\n<p>Trendi ba\u011flam\u0131ndan koparmak, <strong>duyarl\u0131l\u0131k gerektiren<\/strong> konular\u0131n bir t\u00fcr <strong>s\u00f6m\u00fcr\u00fc arac\u0131<\/strong> haline d\u00f6n\u00fc\u015fmesine neden oluyor. \u00d6zellikle do\u011fa ve ya\u015famla ilgili trajedilerle ilgili konular\u0131n bir pazarlama konusu haline gelip gelmemesi konusunda daha fazla konu\u015fmam\u0131z gerekiyor.<\/p>\n\n\n\n<p>Bug\u00fcn hangi ileti\u015fim t\u00fcr\u00fc kullan\u0131l\u0131rsa kullan\u0131ls\u0131n, markalar yaln\u0131zca \u00fcr\u00fcn\u00fcn ne i\u015fe yarad\u0131\u011f\u0131na de\u011fil, t\u00fcketicide <strong>hangi duyguyu uyand\u0131raca\u011f\u0131na da odaklan\u0131yor<\/strong> ve bununla ilgili planlama yap\u0131yor. Dolay\u0131s\u0131yla \u00fcr\u00fcn t\u00fcketicilerin nezdinde yaln\u0131zca bir ihtiya\u00e7 olmaktan \u00e7\u0131k\u0131yor; <strong>bir his, bir anlam hatta deneyim<\/strong> olarak konumland\u0131r\u0131l\u0131yor.<\/p>\n\n\n\n<p>G\u00f6r\u00fcn\u00fcr olmak i\u00e7in h\u0131zla sahiplenilen trendler, \u00e7o\u011fu zaman markan\u0131n ne yapt\u0131\u011f\u0131yla ve kendini nereye konumland\u0131rd\u0131\u011f\u0131yla \u00f6rt\u00fc\u015fmez. Bu y\u00fczden aceleyle \u00fcretilen i\u00e7erikler markan\u0131n \u00fczerinde yapay ve e\u011freti durur.<\/p>\n\n\n\n<p>Bir markan\u0131n g\u00fcndemde olan <strong>bir trendi sahiplenmeden \u00f6nce<\/strong>, trendin kendiyle ne t\u00fcr bir ili\u015fkisi oldu\u011funu, bu trendi kullanarak kendi hedef kitlesiyle nas\u0131l bir ba\u011f kuraca\u011f\u0131n\u0131 \/ ba\u011f\u0131n\u0131 g\u00fc\u00e7lendirece\u011fini, trende dahil olman\u0131n etkilerini ve trende kataca\u011f\u0131 de\u011feri kapsaml\u0131 \u015fekilde de\u011ferlendirmesi gerekiyor.<\/p>\n\n\n\n<p>Bunlar bir yandan iyi bir marka ileti\u015fimi i\u00e7in dikkat edilmesi gereken hususlar olmakla birlikte bir yandan da h\u0131zl hareket etmeyi k\u0131s\u0131tlayan unsurlar.<\/p>\n\n\n\n<p>G\u00f6zden ka\u00e7\u0131rmamak gereken \u015fey \u015fu ki, markan\u0131n kendine katk\u0131 sa\u011flamayan, yaln\u0131zca dikkat \u00e7ekmek i\u00e7in bir trendin i\u00e7inde &#8220;poz vermesi&#8221; k\u0131sa vadede i\u015fe yarasa bile uzun vadede g\u00fcven kayb\u0131yla sonu\u00e7lan\u0131yor. Bazen<strong> sessiz kalmak<\/strong> daha iyi bir dayan\u0131\u015fma bi\u00e7imi olarak g\u00f6r\u00fcl\u00fcr ve daha samimi ve sayg\u0131l\u0131 bir tutumdur.<\/p>\n<\/div><\/div><\/div>\n\n\n\n<div class=\"wp-block-kadence-pane kt-accordion-pane kt-accordion-pane-2 kt-pane2709_264cb9-8c\"><h3 class=\"kt-accordion-header-wrap\"><button class=\"kt-blocks-accordion-header kt-acccordion-button-label-show\" type=\"button\"><span class=\"kt-blocks-accordion-title-wrap\"><span class=\"kt-blocks-accordion-title\">Bir marka trend olan her \u015feyi sahiplenmek zorunda m\u0131?<\/span><\/span><span class=\"kt-blocks-accordion-icon-trigger\"><\/span><\/button><\/h3><div class=\"kt-accordion-panel kt-accordion-panel-hidden\"><div class=\"kt-accordion-panel-inner\">\n<p>Soruya ba\u015f\u0131ndan yan\u0131t veriyorum: hay\u0131r.<\/p>\n\n\n\n<p>Bunun ilk nedeni markan\u0131n kimli\u011fi ve duru\u015fuyla ilgili. \u0130kincisi ise bir t\u00fcr <strong>yetkinlik eksikli\u011fi<\/strong>. \u00d6zellikle travma, sa\u011fl\u0131k ve politika gibi hassas konularda i\u00e7erik \u00fcretimi daha fazla dikkat ister ve uzmanl\u0131k gerektirir. Bir markan\u0131n <strong>hassas bir konu hakk\u0131nda h\u0131zl\u0131 reaksiyon alma<\/strong>s\u0131 ve senaryoyla ilgili gidi\u015fat\u0131n i\u00e7ine kendini konumland\u0131rmas\u0131 olay\u0131 <strong>hafife almak<\/strong>, <strong>basitle\u015ftirmek hatta estetize etmek<\/strong> olarak g\u00f6r\u00fclebilir.<\/p>\n\n\n\n<p>Trendlerin markalar\u0131n \u00fczerinde e\u011freti durmas\u0131n\u0131n temel nedenleri aras\u0131nda olaya ani ve tek seferlik duyarl\u0131l\u0131k g\u00f6stermek, kli\u015fe i\u00e7erikler kullanmak ve belki de en \u00f6nemlisi, ba\u011flamdan koparmay\u0131 sayabiliriz.<\/p>\n<\/div><\/div><\/div>\n\n\n\n<div class=\"wp-block-kadence-pane kt-accordion-pane kt-accordion-pane-3 kt-pane2709_e3995d-0d\"><h3 class=\"kt-accordion-header-wrap\"><button class=\"kt-blocks-accordion-header kt-acccordion-button-label-show\" type=\"button\"><span class=\"kt-blocks-accordion-title-wrap\"><span class=\"kt-blocks-accordion-title\">S\u00fcr\u00fcden ayr\u0131lan penguen ve insanlar\u0131n arad\u0131klar\u0131 derin anlam<\/span><\/span><span class=\"kt-blocks-accordion-icon-trigger\"><\/span><\/button><\/h3><div class=\"kt-accordion-panel kt-accordion-panel-hidden\"><div class=\"kt-accordion-panel-inner\">\n<p>Werner Herzog\u2019un 2007 y\u0131l\u0131nda \u00e7ekti\u011fi <strong>Encounters at the End of the World<\/strong> isimli belgeselindeki bir sahnede, bir penguen s\u00fcr\u00fcs\u00fcnden ayr\u0131larak tek ba\u015f\u0131na ba\u015fka bir y\u00f6ne do\u011fru ilerliyor. Penguen sosyal medyada <em>nihilist penguen<\/em> olarak bir \u00e7ok ki\u015fi taraf\u0131ndan payla\u015f\u0131ld\u0131ktan sonra bir trende d\u00f6n\u00fc\u015ft\u00fc ve markalar bu sahneyi sahiplenerek birbiri ard\u0131na i\u00e7erik payla\u015fmaya ba\u015flad\u0131lar.<\/p>\n\n\n\n<p>Penguenin yaln\u0131z ba\u015f\u0131na s\u00fcr\u00fcden ayr\u0131l\u0131\u015f\u0131 ve tek ba\u015f\u0131na y\u00fcr\u00fcy\u00fc\u015f\u00fc <strong>bireysel t\u00fckenmi\u015flik, i\u00e7sel kopu\u015f<\/strong> ve <strong>modern insan\u0131n anlam aray\u0131\u015f\u0131<\/strong> ile ili\u015fkilendirildi.&nbsp;<em>\u00d6yle ya, hangimiz t\u00fckenmedik, hangimizin i\u00e7inde \u00e7a\u011flayanlar yok, hangimiz yeni bir yerde yeni bir \u015feylere ba\u015flamay\u0131 istemiyor&#8230;<\/em><\/p>\n\n\n\n<p>Markalar\u0131n penguen temal\u0131 i\u00e7eriklerini g\u00f6rd\u00fckten sonra kafamda beliren ilk soru, &#8220;<em>penguen s\u00fcr\u00fcden senin ucuzluk marketine, hamburger d\u00fckkan\u0131na ya da petshop\u2019\u0131na gelmek i\u00e7in mi ayr\u0131ld\u0131?<\/em>&#8221; oldu.<\/p>\n\n\n\n<p>Bu <strong>ger\u00e7ek zamanl\u0131 pazarlama \u00f6rne\u011fi<\/strong>, bir yandan <strong>ani ve tek seferlik bir duyarl\u0131l\u0131k<\/strong>la ilgili olmakla birlikte markalar\u0131n kendine sormay\u0131 ihmal etti\u011fi soru, bu anlat\u0131n\u0131n i\u00e7ine ger\u00e7ekten var olmak zorunda olup olmad\u0131klar\u0131. Bir marka yayg\u0131nla\u015fm\u0131\u015f genel bir anlat\u0131y\u0131 ger\u00e7ekten sahiplenmeli mi yoksa ak\u0131m\u0131n yan\u0131ndan ge\u00e7ip gitmesine izin mi vermeli?<\/p>\n\n\n\n<p>\u00c7o\u011funun yapay zeka i\u015fi oldu\u011fu \u00fcretimlerde g\u00f6rd\u00fc\u011f\u00fcm temel bir s\u00f6ylem var; \u201cyan\u0131nday\u0131z\u201d.&nbsp;<\/p>\n\n\n\n<p>Penguene kahve ya da \u00e7ikolata uzatan hatta ona bir mont giydiren bir marka, ger\u00e7ek hayat\u0131nda bunu ger\u00e7ek bir insana yap\u0131yor mu? Ger\u00e7ek hisleri b\u00f6yle g\u00f6stermelik rollere mi indirgiyoruz art\u0131k? <\/p>\n\n\n\n<p>Bence bu noktada markalar\u0131n d\u00fcr\u00fcst\u00e7e bir ayr\u0131m\u0131 yapmalar\u0131 gerekiyor; konuya<strong> ger\u00e7ek bir duyarl\u0131l\u0131k<\/strong> m\u0131 g\u00f6steriliyor yoksa yaln\u0131zca bu <strong>bir t\u00fcr g\u00f6r\u00fcn\u00fcr olma \u00e7abas\u0131<\/strong> m\u0131?<\/p>\n\n\n\n<p>Ya\u015fanan travman\u0131n bir i\u00e7eri\u011fe d\u00f6n\u00fc\u015fmesi teknik olarak empati ve strateji aras\u0131ndaki \u00e7izgiyi daha da&nbsp; belirsizle\u015ftiriyor. \u0130nsanlar\u0131n duygular\u0131 daha kolay \u00f6l\u00e7\u00fclebilen etkile\u015fim metriklerine indirgeniyor.<\/p>\n\n\n\n<p>Varmak istedi\u011fimiz nokta ger\u00e7ekten bu mu?<\/p>\n<\/div><\/div><\/div>\n\n\n\n<div class=\"wp-block-kadence-pane kt-accordion-pane kt-accordion-pane-4 kt-pane2709_e1254b-04\"><h3 class=\"kt-accordion-header-wrap\"><button class=\"kt-blocks-accordion-header kt-acccordion-button-label-show\" type=\"button\"><span class=\"kt-blocks-accordion-title-wrap\"><span class=\"kt-blocks-accordion-title\">Markalar yanl\u0131\u015f y\u00f6nlendiriliyor olabilir mi?<\/span><\/span><span class=\"kt-blocks-accordion-icon-trigger\"><\/span><\/button><\/h3><div class=\"kt-accordion-panel kt-accordion-panel-hidden\"><div class=\"kt-accordion-panel-inner\">\n<p>Sosyal medya ileti\u015fimcilerinin \u00e7o\u011fu sosyal medyadaki her trendin <strong>ka\u00e7\u0131r\u0131lmamas\u0131 gereken f\u0131rsatlar<\/strong> olarak g\u00f6r\u00fclmesi gerekti\u011fini savunuyor. Fakat bu refleksi g\u00f6stermeden \u00f6nce <strong>ba\u011flam\u0131n sorgulanmas\u0131<\/strong> hatta <strong>etik s\u0131n\u0131rlar\u0131n tart\u0131\u015f\u0131lmas\u0131<\/strong> gerekti\u011finden bahsetmiyor. Her ko\u015fulda her ak\u0131ma dahil olma arzusu, markalar\u0131<strong> samimi olmaktan uzakla\u015ft\u0131ran<\/strong> hatal\u0131 bir yakla\u015f\u0131m.<\/p>\n\n\n\n<p>T\u00fcketici taraf\u0131ndan da bildiriyorum, art\u0131k daha \u00e7ok insan sosyal medyada <strong>verilen mesajlar\u0131n nedenini sorguluyor<\/strong>. Kald\u0131 ki markalar\u0131n asli g\u00f6revi duygulardan bir buket yap\u0131p ortak hisleri estetize etmek ve s\u0131radanla\u015ft\u0131rmak m\u0131 yoksa yapt\u0131klar\u0131 i\u015fi yapmaya devam etmek mi?<\/p>\n\n\n\n<p>Markalara ileti\u015fim dan\u0131\u015fmanl\u0131\u011f\u0131 veren profesyonellerin dikkat etmesi gereken en \u00f6nemli \u015fey de bu. S\u0131rf <strong>g\u00f6r\u00fcn\u00fcr olmak i\u00e7in<\/strong> hislerin t\u00fcketilebilir bir forma d\u00f6n\u00fc\u015ft\u00fcr\u00fclmesi g\u00fcndemin bir t\u00fcr hikaye f\u0131rsat\u0131 olarak g\u00f6r\u00fclmemesi gerekiyor. Bu bir yandan da i\u00e7erik \u00fcretme bask\u0131s\u0131yla da do\u011frudan ili\u015fkili, bir yandan da kolaya ka\u00e7mak.<\/p>\n<\/div><\/div><\/div>\n\n\n\n<div class=\"wp-block-kadence-pane kt-accordion-pane kt-accordion-pane-5 kt-pane2709_1dbe7d-7a\"><h3 class=\"kt-accordion-header-wrap\"><button class=\"kt-blocks-accordion-header kt-acccordion-button-label-show\" type=\"button\"><span class=\"kt-blocks-accordion-title-wrap\"><span class=\"kt-blocks-accordion-title\">Sessiz kalmak riskli mi?<\/span><\/span><span class=\"kt-blocks-accordion-icon-trigger\"><\/span><\/button><\/h3><div class=\"kt-accordion-panel kt-accordion-panel-hidden\"><div class=\"kt-accordion-panel-inner\">\n<p>\u0130\u00e7erik ak\u0131\u015f\u0131n\u0131n olduk\u00e7a h\u0131zl\u0131 oldu\u011fu bu d\u00f6nemde, markalar herhangi bir konuda sessiz kalmay\u0131 <strong>bir t\u00fcr risk olarak alg\u0131l\u0131yor<\/strong>. Fakat nas\u0131l ki bir insan her konu hakk\u0131nda konu\u015fmak zorunda de\u011filse bu markalar i\u00e7in de ge\u00e7erli; sessizlik \u00e7o\u011fu zaman daha sayg\u0131l\u0131 ve g\u00fc\u00e7l\u00fc bir duru\u015ftur.<\/p>\n<\/div><\/div><\/div>\n\n\n\n<div class=\"wp-block-kadence-pane kt-accordion-pane kt-accordion-pane-6 kt-pane2709_f36edf-3e\"><h3 class=\"kt-accordion-header-wrap\"><button class=\"kt-blocks-accordion-header kt-acccordion-button-label-show\" type=\"button\"><span class=\"kt-blocks-accordion-title-wrap\"><span class=\"kt-blocks-accordion-title\">Bir duru\u015f bi\u00e7imi olarak duyarl\u0131l\u0131k<\/span><\/span><span class=\"kt-blocks-accordion-icon-trigger\"><\/span><\/button><\/h3><div class=\"kt-accordion-panel kt-accordion-panel-hidden\"><div class=\"kt-accordion-panel-inner\">\n<p><strong>Duyarl\u0131l\u0131k<\/strong>, markalar i\u00e7in bir strateji de\u011fil <strong>duru\u015f olarak d\u00fc\u015f\u00fcn\u00fclmeli<\/strong>. E\u011fer bir marka, g\u00fcndemde olan bir trende ger\u00e7ek bir katk\u0131 sa\u011flam\u0131yorsa, <strong>yaln\u0131zca g\u00f6r\u00fcn\u00fcr olmak i\u00e7in konuyu sahiplenmemeli<\/strong>. E\u011fer katk\u0131s\u0131z bir sahiplenme s\u00f6z konusuysa, bu <strong>travman\u0131n kendini sahiplenmek<\/strong>ten ba\u015fka bir \u015fey olmaz.<\/p>\n\n\n\n<p>\u0130\u00e7eri\u011fin ard\u0131ndaki niyet i\u00e7erikten daha \u00f6nemli bir yere geldi. Bu y\u00fczden \u201csahici\u201d&nbsp; g\u00f6r\u00fcnmeyen her mesaj art\u0131k \u00f6yle ya da b\u00f6yle markan\u0131n itibar\u0131na zarar veriyor.<\/p>\n\n\n\n<p>S\u00fcr\u00fcden ayr\u0131lan penguen \u00f6rne\u011finde de bu oldu. Penguen muhtemelen hayatta kalamayaca\u011f\u0131 bir yola \u00e7\u0131kt\u0131, markalar onun bir yere varmas\u0131n\u0131 arzu ettiler, fakat penguenin vard\u0131\u011f\u0131 yerin kendi markalar\u0131na ait mekanlar olaca\u011f\u0131n\u0131 kurgulad\u0131lar.<\/p>\n\n\n\n<p><strong>Travmalar\u0131 birer pazarlama malzemesi haline \u00e7eviremeyiz.<\/strong> Ac\u0131, \u00fcz\u00fcnt\u00fc ve k\u0131rg\u0131nl\u0131k hatta k\u0131zg\u0131nl\u0131k gibi hisler ileti\u015fim arac\u0131 de\u011fil sayg\u0131, anlay\u0131\u015f ve mesafe gerektiren birer ger\u00e7ek. Bir markan\u0131n bunu trend olarak ele almas\u0131 <strong>yaln\u0131zca bir ileti\u015fim sorunu de\u011fil ayn\u0131 zamanda etik bir problem<\/strong>.<\/p>\n<\/div><\/div><\/div>\n<\/div><\/div><\/div>\n\n\n<style>.wp-block-kadence-spacer.kt-block-spacer-2709_e14eca-b9 .kt-block-spacer{height:50px;}.wp-block-kadence-spacer.kt-block-spacer-2709_e14eca-b9 .kt-divider{border-top-width:1px;height:1px;border-top-color:#eee;width:10%;border-top-style:solid;}<\/style>\n<div class=\"wp-block-kadence-spacer aligncenter kt-block-spacer-2709_e14eca-b9\"><div class=\"kt-block-spacer kt-block-spacer-halign-center\"><hr class=\"kt-divider\"\/><\/div><\/div>\n\n\n<style>.kb-image2709_c6ba14-11 .kb-image-has-overlay:after{opacity:0.3;}<\/style>\n<figure class=\"wp-block-kadence-image kb-image2709_c6ba14-11 size-large\"><img loading=\"lazy\" decoding=\"async\" width=\"1024\" height=\"717\" src=\"https:\/\/www.kaanugrasiz.com\/tr\/wp-content\/uploads\/2026\/02\/Suruden-ayrilan-penguen-ve-insanlarin-hayata-dair-aradiklari-derin-anlam-1024x717.webp\" alt=\"\" class=\"kb-img wp-image-2714\" srcset=\"https:\/\/www.kaanugrasiz.com\/tr\/wp-content\/uploads\/2026\/02\/Suruden-ayrilan-penguen-ve-insanlarin-hayata-dair-aradiklari-derin-anlam-1024x717.webp 1024w, https:\/\/www.kaanugrasiz.com\/tr\/wp-content\/uploads\/2026\/02\/Suruden-ayrilan-penguen-ve-insanlarin-hayata-dair-aradiklari-derin-anlam-300x210.webp 300w, https:\/\/www.kaanugrasiz.com\/tr\/wp-content\/uploads\/2026\/02\/Suruden-ayrilan-penguen-ve-insanlarin-hayata-dair-aradiklari-derin-anlam-768x538.webp 768w, https:\/\/www.kaanugrasiz.com\/tr\/wp-content\/uploads\/2026\/02\/Suruden-ayrilan-penguen-ve-insanlarin-hayata-dair-aradiklari-derin-anlam.webp 1280w\" sizes=\"auto, (max-width: 1024px) 100vw, 1024px\" \/><\/figure>\n\n\n\n<p>\u00d6zetle, anlatmaya \u00e7al\u0131\u015ft\u0131\u011f\u0131m \u015fey, bir penguenin grubunu terk edip kendi ba\u015f\u0131na bir \u015feyler yapmaya karar vermesinin ard\u0131na gizlenen o b\u00fcy\u00fck ve \u201canlaml\u0131\u201d hikaye ya da o gidi\u015fin ard\u0131nda arad\u0131\u011f\u0131m\u0131z b\u00fcy\u00fck pazarlama fikirleri de\u011fil. As\u0131l derdim, markalar\u0131n kendilerini \u00f6nlerine \u00e7\u0131kan ve biraz ilgi \u00e7eken her ak\u0131m\u0131n merkezine koymay\u0131 bir al\u0131\u015fkanl\u0131k ve do\u011fal bir refleks haline getirmesi.<\/p>\n\n\n\n<p>Marka y\u00f6neticilerinin ve marka ileti\u015fimcilerinin bence \u015fu anda kendilerine sormas\u0131 gereken \u00f6nemli bir soru var. Markan\u0131n bir konuyla ilgili <strong>s\u00f6yleyecek bir s\u00f6z\u00fc yoksa neden konu\u015fmakta \u0131srar ediyor?<\/strong><\/p>\n\n\n\n<p>*** Yaz\u0131daki g\u00f6rseller Imagen 4 ile olu\u015fturuldu.<\/p>\n\n\n\n<p><strong>Kaynaklar ve \u0130leri okuma&#8230;<\/strong><\/p>\n\n\n\n<ul class=\"wp-block-list\">\n<li><a href=\"https:\/\/goldenowl.digital\/blog\/why-consumers-hate-brand-trendjacking\/\" target=\"_blank\" rel=\"noreferrer noopener\">Why consumers hate brand trendjacking<\/a><\/li>\n\n\n\n<li><a href=\"https:\/\/www.agilitypr.com\/pr-news\/content-media-relations\/trendjacking-for-positive-brand-image-a-guide-to-responsible-participation\/\" target=\"_blank\" rel=\"noreferrer noopener\">Trendjacking for positive brand image<\/a><\/li>\n\n\n\n<li><a href=\"https:\/\/www.vogue.com\/article\/set-follow-or-skip-how-brands-should-navigate-micro-trends\" target=\"_blank\" rel=\"noreferrer noopener\">Set, follow or skip? How brands should navigate micro-trends<\/a><\/li>\n\n\n\n<li><a href=\"https:\/\/designshack.net\/articles\/trends\/trendjacking-design-strategy\/\" target=\"_blank\" rel=\"noreferrer noopener\">Trendjacking with design: Tap into viral moments without going off-brand<\/a><\/li>\n\n\n\n<li><a href=\"https:\/\/old.cim.co.uk\/content-hub\/blog\/to-trend-or-not-to-trend\/\" target=\"_blank\" rel=\"noreferrer noopener\">To trend, or not to trend?<\/a><\/li>\n\n\n\n<li><a href=\"https:\/\/journal.multitechpublisher.com\/index.php\/ijels\/article\/view\/2381\" target=\"_blank\" rel=\"noreferrer noopener\">Trendjacking Strategies by Influences : Their Impact on Engagement and&#8230;<\/a><\/li>\n<\/ul>\n","protected":false},"excerpt":{"rendered":"<p>Sosyal medyada trend sahiplenmeyi, bir markan\u0131n o an pop\u00fcler olan konu hakk\u0131nda kendi ileti\u015fimini yapmas\u0131 olarak \u00f6zetlemek yanl\u0131\u015f olmaz. Hedef de belli; daha fazla g\u00f6r\u00fcn\u00fcr olmak. Bununla ilgili ba\u015fka yaz\u0131lar da yazm\u0131\u015ft\u0131m daha \u00f6nce. Sosyal medya h\u0131zl\u0131 olmak gereken bir pazarlama mecras\u0131 ve ayn\u0131 zamanda h\u0131zl\u0131 t\u00fcketim arac\u0131. Dolay\u0131s\u0131yla sosyal medyada trendler de t\u00fcketim h\u0131z\u0131na&#8230;<\/p>\n","protected":false},"author":1,"featured_media":2710,"comment_status":"open","ping_status":"open","sticky":false,"template":"","format":"standard","meta":{"_coblocks_attr":"","_coblocks_dimensions":"","_coblocks_responsive_height":"","_coblocks_accordion_ie_support":"","_uag_custom_page_level_css":"","_kadence_starter_templates_imported_post":false,"_kad_post_transparent":"","_kad_post_title":"","_kad_post_layout":"","_kad_post_sidebar_id":"","_kad_post_content_style":"","_kad_post_vertical_padding":"","_kad_post_feature":"","_kad_post_feature_position":"","_kad_post_header":false,"_kad_post_footer":false,"footnotes":""},"categories":[474,475,376],"tags":[1324,1323,1322,1334,1335,1326,1321,1320,1327,1330,1336,1328,1317,1332,1331,1333,1319,1325,1318,1329],"class_list":["post-2709","post","type-post","status-publish","format-standard","has-post-thumbnail","hentry","category-anlam-uretimi","category-case-study","category-iletisim","tag-algoritma-baskisi","tag-baglamdan-koparma","tag-duyarliligin-aracsallastirilmasi","tag-duygu-konumlandirmasi","tag-empati-strateji-gerilimi","tag-etik-marka-iletisimi","tag-etkilesim-odakli-iletisim","tag-gercek-zamanli-pazarlama","tag-gercekci-marka-durusu","tag-hizli-tuketim-kulturu","tag-icerik-uretme-baskisi","tag-kisa-vadeli-gorunurluk","tag-marka-iletisimi-sorunlari","tag-marka-niyeti-sorgulamasi","tag-sembolik-somuru","tag-sessizligin-iletisim-gucu","tag-sosyal-medya-gorunurlugu","tag-travmanin-pazarlanmasi","tag-trend-sahiplenme","tag-uzun-vadeli-guven-kaybi"],"yoast_head":"<!-- This site is optimized with the Yoast SEO plugin v27.3 - https:\/\/yoast.com\/product\/yoast-seo-wordpress\/ -->\n<title>Markalar her trendin tam ortas\u0131nda yer almak zorunda m\u0131?<\/title>\n<meta name=\"description\" content=\"Markalar sosyal medyada y\u00fckselen her trende dahil olmal\u0131 m\u0131, her trendin i\u00e7inde poz verip her trend i\u00e7in s\u00f6z s\u00f6ylemeli mi?\" \/>\n<meta name=\"robots\" content=\"index, follow, max-snippet:-1, max-image-preview:large, max-video-preview:-1\" \/>\n<link rel=\"canonical\" href=\"https:\/\/www.kaanugrasiz.com\/tr\/trendleri-yakalamak.html\" \/>\n<meta property=\"og:locale\" content=\"tr_TR\" \/>\n<meta property=\"og:type\" content=\"article\" \/>\n<meta property=\"og:title\" content=\"Markalar her trendin tam ortas\u0131nda yer almak zorunda m\u0131?\" \/>\n<meta property=\"og:description\" content=\"Markalar sosyal medyada y\u00fckselen her trende dahil olmal\u0131 m\u0131, her trendin i\u00e7inde poz verip her trend i\u00e7in s\u00f6z s\u00f6ylemeli mi?\" \/>\n<meta property=\"og:url\" content=\"https:\/\/www.kaanugrasiz.com\/tr\/trendleri-yakalamak.html\" \/>\n<meta property=\"og:site_name\" content=\"Pazarlama ve marka ileti\u015fimi blogu - Kaan U\u011fras\u0131z\" \/>\n<meta property=\"article:published_time\" content=\"2026-02-04T04:00:00+00:00\" \/>\n<meta property=\"article:modified_time\" content=\"2026-03-23T11:22:50+00:00\" \/>\n<meta property=\"og:image\" content=\"https:\/\/www.kaanugrasiz.com\/tr\/wp-content\/uploads\/2026\/01\/Markalar-her-trendin-tam-ortasinda-yer-almak-zorunda-mi.webp\" \/>\n\t<meta property=\"og:image:width\" content=\"1280\" \/>\n\t<meta property=\"og:image:height\" content=\"896\" \/>\n\t<meta property=\"og:image:type\" content=\"image\/webp\" \/>\n<meta name=\"author\" content=\"Kaan U\u011fras\u0131z\" \/>\n<meta name=\"twitter:card\" content=\"summary_large_image\" \/>\n<meta name=\"twitter:label1\" content=\"Yazan:\" \/>\n\t<meta name=\"twitter:data1\" content=\"Kaan U\u011fras\u0131z\" \/>\n\t<meta name=\"twitter:label2\" content=\"Tahmini okuma s\u00fcresi\" \/>\n\t<meta name=\"twitter:data2\" content=\"8 dakika\" \/>\n<script type=\"application\/ld+json\" class=\"yoast-schema-graph\">{\"@context\":\"https:\\\/\\\/schema.org\",\"@graph\":[{\"@type\":\"Article\",\"@id\":\"https:\\\/\\\/www.kaanugrasiz.com\\\/tr\\\/trendleri-yakalamak.html#article\",\"isPartOf\":{\"@id\":\"https:\\\/\\\/www.kaanugrasiz.com\\\/tr\\\/trendleri-yakalamak.html\"},\"author\":{\"name\":\"Kaan U\u011fras\u0131z\",\"@id\":\"https:\\\/\\\/www.kaanugrasiz.com\\\/tr\\\/#\\\/schema\\\/person\\\/c03ebfb2409df5381cad2561495a437e\"},\"headline\":\"Markalar her trendin tam ortas\u0131nda yer almak zorunda m\u0131?\",\"datePublished\":\"2026-02-04T04:00:00+00:00\",\"dateModified\":\"2026-03-23T11:22:50+00:00\",\"mainEntityOfPage\":{\"@id\":\"https:\\\/\\\/www.kaanugrasiz.com\\\/tr\\\/trendleri-yakalamak.html\"},\"wordCount\":1603,\"commentCount\":0,\"publisher\":{\"@id\":\"https:\\\/\\\/www.kaanugrasiz.com\\\/tr\\\/#\\\/schema\\\/person\\\/c03ebfb2409df5381cad2561495a437e\"},\"image\":{\"@id\":\"https:\\\/\\\/www.kaanugrasiz.com\\\/tr\\\/trendleri-yakalamak.html#primaryimage\"},\"thumbnailUrl\":\"https:\\\/\\\/www.kaanugrasiz.com\\\/tr\\\/wp-content\\\/uploads\\\/2026\\\/01\\\/Markalar-her-trendin-tam-ortasinda-yer-almak-zorunda-mi.webp\",\"keywords\":[\"algoritma bask\u0131s\u0131\",\"ba\u011flamdan koparma\",\"duyarl\u0131l\u0131\u011f\u0131n ara\u00e7salla\u015ft\u0131r\u0131lmas\u0131\",\"duygu konumland\u0131rmas\u0131\",\"empati\u2013strateji gerilimi\",\"etik marka ileti\u015fimi\",\"etkile\u015fim odakl\u0131 ileti\u015fim\",\"ger\u00e7ek zamanl\u0131 pazarlama\",\"ger\u00e7ek\u00e7i marka duru\u015fu\",\"h\u0131zl\u0131 t\u00fcketim k\u00fclt\u00fcr\u00fc\",\"i\u00e7erik \u00fcretme bask\u0131s\u0131\",\"k\u0131sa vadeli g\u00f6r\u00fcn\u00fcrl\u00fck\",\"marka ileti\u015fimi sorunlar\u0131\",\"marka niyeti sorgulamas\u0131\",\"sembolik s\u00f6m\u00fcr\u00fc\",\"sessizli\u011fin ileti\u015fim g\u00fcc\u00fc\",\"sosyal medya g\u00f6r\u00fcn\u00fcrl\u00fc\u011f\u00fc\",\"travman\u0131n pazarlanmas\u0131\",\"trend sahiplenme\",\"uzun vadeli g\u00fcven kayb\u0131\"],\"articleSection\":[\"Anlam \u00fcretimi\",\"Case study\",\"\u0130leti\u015fim\"],\"inLanguage\":\"tr\",\"potentialAction\":[{\"@type\":\"CommentAction\",\"name\":\"Comment\",\"target\":[\"https:\\\/\\\/www.kaanugrasiz.com\\\/tr\\\/trendleri-yakalamak.html#respond\"]}]},{\"@type\":\"WebPage\",\"@id\":\"https:\\\/\\\/www.kaanugrasiz.com\\\/tr\\\/trendleri-yakalamak.html\",\"url\":\"https:\\\/\\\/www.kaanugrasiz.com\\\/tr\\\/trendleri-yakalamak.html\",\"name\":\"Markalar her trendin tam ortas\u0131nda yer almak zorunda m\u0131?\",\"isPartOf\":{\"@id\":\"https:\\\/\\\/www.kaanugrasiz.com\\\/tr\\\/#website\"},\"primaryImageOfPage\":{\"@id\":\"https:\\\/\\\/www.kaanugrasiz.com\\\/tr\\\/trendleri-yakalamak.html#primaryimage\"},\"image\":{\"@id\":\"https:\\\/\\\/www.kaanugrasiz.com\\\/tr\\\/trendleri-yakalamak.html#primaryimage\"},\"thumbnailUrl\":\"https:\\\/\\\/www.kaanugrasiz.com\\\/tr\\\/wp-content\\\/uploads\\\/2026\\\/01\\\/Markalar-her-trendin-tam-ortasinda-yer-almak-zorunda-mi.webp\",\"datePublished\":\"2026-02-04T04:00:00+00:00\",\"dateModified\":\"2026-03-23T11:22:50+00:00\",\"description\":\"Markalar sosyal medyada y\u00fckselen her trende dahil olmal\u0131 m\u0131, her trendin i\u00e7inde poz verip her trend i\u00e7in s\u00f6z s\u00f6ylemeli mi?\",\"breadcrumb\":{\"@id\":\"https:\\\/\\\/www.kaanugrasiz.com\\\/tr\\\/trendleri-yakalamak.html#breadcrumb\"},\"inLanguage\":\"tr\",\"potentialAction\":[{\"@type\":\"ReadAction\",\"target\":[\"https:\\\/\\\/www.kaanugrasiz.com\\\/tr\\\/trendleri-yakalamak.html\"]}]},{\"@type\":\"ImageObject\",\"inLanguage\":\"tr\",\"@id\":\"https:\\\/\\\/www.kaanugrasiz.com\\\/tr\\\/trendleri-yakalamak.html#primaryimage\",\"url\":\"https:\\\/\\\/www.kaanugrasiz.com\\\/tr\\\/wp-content\\\/uploads\\\/2026\\\/01\\\/Markalar-her-trendin-tam-ortasinda-yer-almak-zorunda-mi.webp\",\"contentUrl\":\"https:\\\/\\\/www.kaanugrasiz.com\\\/tr\\\/wp-content\\\/uploads\\\/2026\\\/01\\\/Markalar-her-trendin-tam-ortasinda-yer-almak-zorunda-mi.webp\",\"width\":1280,\"height\":896},{\"@type\":\"BreadcrumbList\",\"@id\":\"https:\\\/\\\/www.kaanugrasiz.com\\\/tr\\\/trendleri-yakalamak.html#breadcrumb\",\"itemListElement\":[{\"@type\":\"ListItem\",\"position\":1,\"name\":\"Anasayfa\",\"item\":\"https:\\\/\\\/www.kaanugrasiz.com\\\/tr\\\/\"},{\"@type\":\"ListItem\",\"position\":2,\"name\":\"Markalar her trendin tam ortas\u0131nda yer almak zorunda m\u0131?\"}]},{\"@type\":\"WebSite\",\"@id\":\"https:\\\/\\\/www.kaanugrasiz.com\\\/tr\\\/#website\",\"url\":\"https:\\\/\\\/www.kaanugrasiz.com\\\/tr\\\/\",\"name\":\"Brand Monday TR\",\"description\":\"\",\"publisher\":{\"@id\":\"https:\\\/\\\/www.kaanugrasiz.com\\\/tr\\\/#\\\/schema\\\/person\\\/c03ebfb2409df5381cad2561495a437e\"},\"potentialAction\":[{\"@type\":\"SearchAction\",\"target\":{\"@type\":\"EntryPoint\",\"urlTemplate\":\"https:\\\/\\\/www.kaanugrasiz.com\\\/tr\\\/?s={search_term_string}\"},\"query-input\":{\"@type\":\"PropertyValueSpecification\",\"valueRequired\":true,\"valueName\":\"search_term_string\"}}],\"inLanguage\":\"tr\"},{\"@type\":[\"Person\",\"Organization\"],\"@id\":\"https:\\\/\\\/www.kaanugrasiz.com\\\/tr\\\/#\\\/schema\\\/person\\\/c03ebfb2409df5381cad2561495a437e\",\"name\":\"Kaan U\u011fras\u0131z\",\"image\":{\"@type\":\"ImageObject\",\"inLanguage\":\"tr\",\"@id\":\"https:\\\/\\\/www.kaanugrasiz.com\\\/tr\\\/wp-content\\\/uploads\\\/2026\\\/02\\\/cropped-cropped-kaanugrasiz-logo-gold.webp\",\"url\":\"https:\\\/\\\/www.kaanugrasiz.com\\\/tr\\\/wp-content\\\/uploads\\\/2026\\\/02\\\/cropped-cropped-kaanugrasiz-logo-gold.webp\",\"contentUrl\":\"https:\\\/\\\/www.kaanugrasiz.com\\\/tr\\\/wp-content\\\/uploads\\\/2026\\\/02\\\/cropped-cropped-kaanugrasiz-logo-gold.webp\",\"width\":512,\"height\":512,\"caption\":\"Kaan U\u011fras\u0131z\"},\"logo\":{\"@id\":\"https:\\\/\\\/www.kaanugrasiz.com\\\/tr\\\/wp-content\\\/uploads\\\/2026\\\/02\\\/cropped-cropped-kaanugrasiz-logo-gold.webp\"},\"description\":\"Yakla\u015f\u0131k 20 y\u0131ll\u0131k deneyime sahip bir pazarlama ileti\u015fimi profesyoneliyim ve \u00e7e\u015fitli formatlarda nitelikli, anlaml\u0131 ve etkili i\u00e7erikler \u00fcretip yay\u0131nlamaya odaklan\u0131yorum. Bir bireyin veya kurulu\u015fun \u00e7evresiyle uyumlu, d\u00fczenli ve anla\u015f\u0131l\u0131r bir ileti\u015fim kurmas\u0131, mevcut ili\u015fkileri g\u00fc\u00e7lendirmesi ve yeni ili\u015fkiler kurmas\u0131 i\u00e7in gereken t\u00fcm ara\u00e7lar\u0131 s\u0131f\u0131rdan geli\u015ftirebilir ve bu ama\u00e7la yol g\u00f6sterici haritalar olu\u015fturabilirim.\",\"sameAs\":[\"https:\\\/\\\/www.kaanugrasiz.com\\\/tr\",\"https:\\\/\\\/instagram.com\\\/kaanugrasiz\",\"https:\\\/\\\/linkedin.com\\\/in\\\/kaanugrasiz\"],\"url\":\"https:\\\/\\\/www.kaanugrasiz.com\\\/tr\\\/author\\\/travego\"}]}<\/script>\n<!-- \/ Yoast SEO plugin. -->","yoast_head_json":{"title":"Markalar her trendin tam ortas\u0131nda yer almak zorunda m\u0131?","description":"Markalar sosyal medyada y\u00fckselen her trende dahil olmal\u0131 m\u0131, her trendin i\u00e7inde poz verip her trend i\u00e7in s\u00f6z s\u00f6ylemeli mi?","robots":{"index":"index","follow":"follow","max-snippet":"max-snippet:-1","max-image-preview":"max-image-preview:large","max-video-preview":"max-video-preview:-1"},"canonical":"https:\/\/www.kaanugrasiz.com\/tr\/trendleri-yakalamak.html","og_locale":"tr_TR","og_type":"article","og_title":"Markalar her trendin tam ortas\u0131nda yer almak zorunda m\u0131?","og_description":"Markalar sosyal medyada y\u00fckselen her trende dahil olmal\u0131 m\u0131, her trendin i\u00e7inde poz verip her trend i\u00e7in s\u00f6z s\u00f6ylemeli mi?","og_url":"https:\/\/www.kaanugrasiz.com\/tr\/trendleri-yakalamak.html","og_site_name":"Pazarlama ve marka ileti\u015fimi blogu - Kaan U\u011fras\u0131z","article_published_time":"2026-02-04T04:00:00+00:00","article_modified_time":"2026-03-23T11:22:50+00:00","og_image":[{"width":1280,"height":896,"url":"https:\/\/www.kaanugrasiz.com\/tr\/wp-content\/uploads\/2026\/01\/Markalar-her-trendin-tam-ortasinda-yer-almak-zorunda-mi.webp","type":"image\/webp"}],"author":"Kaan U\u011fras\u0131z","twitter_card":"summary_large_image","twitter_misc":{"Yazan:":"Kaan U\u011fras\u0131z","Tahmini okuma s\u00fcresi":"8 dakika"},"schema":{"@context":"https:\/\/schema.org","@graph":[{"@type":"Article","@id":"https:\/\/www.kaanugrasiz.com\/tr\/trendleri-yakalamak.html#article","isPartOf":{"@id":"https:\/\/www.kaanugrasiz.com\/tr\/trendleri-yakalamak.html"},"author":{"name":"Kaan U\u011fras\u0131z","@id":"https:\/\/www.kaanugrasiz.com\/tr\/#\/schema\/person\/c03ebfb2409df5381cad2561495a437e"},"headline":"Markalar her trendin tam ortas\u0131nda yer almak zorunda m\u0131?","datePublished":"2026-02-04T04:00:00+00:00","dateModified":"2026-03-23T11:22:50+00:00","mainEntityOfPage":{"@id":"https:\/\/www.kaanugrasiz.com\/tr\/trendleri-yakalamak.html"},"wordCount":1603,"commentCount":0,"publisher":{"@id":"https:\/\/www.kaanugrasiz.com\/tr\/#\/schema\/person\/c03ebfb2409df5381cad2561495a437e"},"image":{"@id":"https:\/\/www.kaanugrasiz.com\/tr\/trendleri-yakalamak.html#primaryimage"},"thumbnailUrl":"https:\/\/www.kaanugrasiz.com\/tr\/wp-content\/uploads\/2026\/01\/Markalar-her-trendin-tam-ortasinda-yer-almak-zorunda-mi.webp","keywords":["algoritma bask\u0131s\u0131","ba\u011flamdan koparma","duyarl\u0131l\u0131\u011f\u0131n ara\u00e7salla\u015ft\u0131r\u0131lmas\u0131","duygu konumland\u0131rmas\u0131","empati\u2013strateji gerilimi","etik marka ileti\u015fimi","etkile\u015fim odakl\u0131 ileti\u015fim","ger\u00e7ek zamanl\u0131 pazarlama","ger\u00e7ek\u00e7i marka duru\u015fu","h\u0131zl\u0131 t\u00fcketim k\u00fclt\u00fcr\u00fc","i\u00e7erik \u00fcretme bask\u0131s\u0131","k\u0131sa vadeli g\u00f6r\u00fcn\u00fcrl\u00fck","marka ileti\u015fimi sorunlar\u0131","marka niyeti sorgulamas\u0131","sembolik s\u00f6m\u00fcr\u00fc","sessizli\u011fin ileti\u015fim g\u00fcc\u00fc","sosyal medya g\u00f6r\u00fcn\u00fcrl\u00fc\u011f\u00fc","travman\u0131n pazarlanmas\u0131","trend sahiplenme","uzun vadeli g\u00fcven kayb\u0131"],"articleSection":["Anlam \u00fcretimi","Case study","\u0130leti\u015fim"],"inLanguage":"tr","potentialAction":[{"@type":"CommentAction","name":"Comment","target":["https:\/\/www.kaanugrasiz.com\/tr\/trendleri-yakalamak.html#respond"]}]},{"@type":"WebPage","@id":"https:\/\/www.kaanugrasiz.com\/tr\/trendleri-yakalamak.html","url":"https:\/\/www.kaanugrasiz.com\/tr\/trendleri-yakalamak.html","name":"Markalar her trendin tam ortas\u0131nda yer almak zorunda m\u0131?","isPartOf":{"@id":"https:\/\/www.kaanugrasiz.com\/tr\/#website"},"primaryImageOfPage":{"@id":"https:\/\/www.kaanugrasiz.com\/tr\/trendleri-yakalamak.html#primaryimage"},"image":{"@id":"https:\/\/www.kaanugrasiz.com\/tr\/trendleri-yakalamak.html#primaryimage"},"thumbnailUrl":"https:\/\/www.kaanugrasiz.com\/tr\/wp-content\/uploads\/2026\/01\/Markalar-her-trendin-tam-ortasinda-yer-almak-zorunda-mi.webp","datePublished":"2026-02-04T04:00:00+00:00","dateModified":"2026-03-23T11:22:50+00:00","description":"Markalar sosyal medyada y\u00fckselen her trende dahil olmal\u0131 m\u0131, her trendin i\u00e7inde poz verip her trend i\u00e7in s\u00f6z s\u00f6ylemeli mi?","breadcrumb":{"@id":"https:\/\/www.kaanugrasiz.com\/tr\/trendleri-yakalamak.html#breadcrumb"},"inLanguage":"tr","potentialAction":[{"@type":"ReadAction","target":["https:\/\/www.kaanugrasiz.com\/tr\/trendleri-yakalamak.html"]}]},{"@type":"ImageObject","inLanguage":"tr","@id":"https:\/\/www.kaanugrasiz.com\/tr\/trendleri-yakalamak.html#primaryimage","url":"https:\/\/www.kaanugrasiz.com\/tr\/wp-content\/uploads\/2026\/01\/Markalar-her-trendin-tam-ortasinda-yer-almak-zorunda-mi.webp","contentUrl":"https:\/\/www.kaanugrasiz.com\/tr\/wp-content\/uploads\/2026\/01\/Markalar-her-trendin-tam-ortasinda-yer-almak-zorunda-mi.webp","width":1280,"height":896},{"@type":"BreadcrumbList","@id":"https:\/\/www.kaanugrasiz.com\/tr\/trendleri-yakalamak.html#breadcrumb","itemListElement":[{"@type":"ListItem","position":1,"name":"Anasayfa","item":"https:\/\/www.kaanugrasiz.com\/tr\/"},{"@type":"ListItem","position":2,"name":"Markalar her trendin tam ortas\u0131nda yer almak zorunda m\u0131?"}]},{"@type":"WebSite","@id":"https:\/\/www.kaanugrasiz.com\/tr\/#website","url":"https:\/\/www.kaanugrasiz.com\/tr\/","name":"Brand Monday TR","description":"","publisher":{"@id":"https:\/\/www.kaanugrasiz.com\/tr\/#\/schema\/person\/c03ebfb2409df5381cad2561495a437e"},"potentialAction":[{"@type":"SearchAction","target":{"@type":"EntryPoint","urlTemplate":"https:\/\/www.kaanugrasiz.com\/tr\/?s={search_term_string}"},"query-input":{"@type":"PropertyValueSpecification","valueRequired":true,"valueName":"search_term_string"}}],"inLanguage":"tr"},{"@type":["Person","Organization"],"@id":"https:\/\/www.kaanugrasiz.com\/tr\/#\/schema\/person\/c03ebfb2409df5381cad2561495a437e","name":"Kaan U\u011fras\u0131z","image":{"@type":"ImageObject","inLanguage":"tr","@id":"https:\/\/www.kaanugrasiz.com\/tr\/wp-content\/uploads\/2026\/02\/cropped-cropped-kaanugrasiz-logo-gold.webp","url":"https:\/\/www.kaanugrasiz.com\/tr\/wp-content\/uploads\/2026\/02\/cropped-cropped-kaanugrasiz-logo-gold.webp","contentUrl":"https:\/\/www.kaanugrasiz.com\/tr\/wp-content\/uploads\/2026\/02\/cropped-cropped-kaanugrasiz-logo-gold.webp","width":512,"height":512,"caption":"Kaan U\u011fras\u0131z"},"logo":{"@id":"https:\/\/www.kaanugrasiz.com\/tr\/wp-content\/uploads\/2026\/02\/cropped-cropped-kaanugrasiz-logo-gold.webp"},"description":"Yakla\u015f\u0131k 20 y\u0131ll\u0131k deneyime sahip bir pazarlama ileti\u015fimi profesyoneliyim ve \u00e7e\u015fitli formatlarda nitelikli, anlaml\u0131 ve etkili i\u00e7erikler \u00fcretip yay\u0131nlamaya odaklan\u0131yorum. Bir bireyin veya kurulu\u015fun \u00e7evresiyle uyumlu, d\u00fczenli ve anla\u015f\u0131l\u0131r bir ileti\u015fim kurmas\u0131, mevcut ili\u015fkileri g\u00fc\u00e7lendirmesi ve yeni ili\u015fkiler kurmas\u0131 i\u00e7in gereken t\u00fcm ara\u00e7lar\u0131 s\u0131f\u0131rdan geli\u015ftirebilir ve bu ama\u00e7la yol g\u00f6sterici haritalar olu\u015fturabilirim.","sameAs":["https:\/\/www.kaanugrasiz.com\/tr","https:\/\/instagram.com\/kaanugrasiz","https:\/\/linkedin.com\/in\/kaanugrasiz"],"url":"https:\/\/www.kaanugrasiz.com\/tr\/author\/travego"}]}},"uagb_featured_image_src":{"full":["https:\/\/www.kaanugrasiz.com\/tr\/wp-content\/uploads\/2026\/01\/Markalar-her-trendin-tam-ortasinda-yer-almak-zorunda-mi.webp",1280,896,false],"thumbnail":["https:\/\/www.kaanugrasiz.com\/tr\/wp-content\/uploads\/2026\/01\/Markalar-her-trendin-tam-ortasinda-yer-almak-zorunda-mi-150x150.webp",150,150,true],"medium":["https:\/\/www.kaanugrasiz.com\/tr\/wp-content\/uploads\/2026\/01\/Markalar-her-trendin-tam-ortasinda-yer-almak-zorunda-mi-300x210.webp",300,210,true],"medium_large":["https:\/\/www.kaanugrasiz.com\/tr\/wp-content\/uploads\/2026\/01\/Markalar-her-trendin-tam-ortasinda-yer-almak-zorunda-mi-768x538.webp",768,538,true],"large":["https:\/\/www.kaanugrasiz.com\/tr\/wp-content\/uploads\/2026\/01\/Markalar-her-trendin-tam-ortasinda-yer-almak-zorunda-mi-1024x717.webp",1024,717,true],"1536x1536":["https:\/\/www.kaanugrasiz.com\/tr\/wp-content\/uploads\/2026\/01\/Markalar-her-trendin-tam-ortasinda-yer-almak-zorunda-mi.webp",1280,896,false],"2048x2048":["https:\/\/www.kaanugrasiz.com\/tr\/wp-content\/uploads\/2026\/01\/Markalar-her-trendin-tam-ortasinda-yer-almak-zorunda-mi.webp",1280,896,false],"web-stories-poster-portrait":["https:\/\/www.kaanugrasiz.com\/tr\/wp-content\/uploads\/2026\/01\/Markalar-her-trendin-tam-ortasinda-yer-almak-zorunda-mi.webp",640,448,false],"web-stories-publisher-logo":["https:\/\/www.kaanugrasiz.com\/tr\/wp-content\/uploads\/2026\/01\/Markalar-her-trendin-tam-ortasinda-yer-almak-zorunda-mi.webp",96,67,false],"web-stories-thumbnail":["https:\/\/www.kaanugrasiz.com\/tr\/wp-content\/uploads\/2026\/01\/Markalar-her-trendin-tam-ortasinda-yer-almak-zorunda-mi.webp",150,105,false]},"uagb_author_info":{"display_name":"Kaan U\u011fras\u0131z","author_link":"https:\/\/www.kaanugrasiz.com\/tr\/author\/travego"},"uagb_comment_info":0,"uagb_excerpt":"Sosyal medyada trend sahiplenmeyi, bir markan\u0131n o an pop\u00fcler olan konu hakk\u0131nda kendi ileti\u015fimini yapmas\u0131 olarak \u00f6zetlemek yanl\u0131\u015f olmaz. Hedef de belli; daha fazla g\u00f6r\u00fcn\u00fcr olmak. Bununla ilgili ba\u015fka yaz\u0131lar da yazm\u0131\u015ft\u0131m daha \u00f6nce. Sosyal medya h\u0131zl\u0131 olmak gereken bir pazarlama mecras\u0131 ve ayn\u0131 zamanda h\u0131zl\u0131 t\u00fcketim arac\u0131. Dolay\u0131s\u0131yla sosyal medyada trendler de t\u00fcketim h\u0131z\u0131na...","_links":{"self":[{"href":"https:\/\/www.kaanugrasiz.com\/tr\/wp-json\/wp\/v2\/posts\/2709","targetHints":{"allow":["GET"]}}],"collection":[{"href":"https:\/\/www.kaanugrasiz.com\/tr\/wp-json\/wp\/v2\/posts"}],"about":[{"href":"https:\/\/www.kaanugrasiz.com\/tr\/wp-json\/wp\/v2\/types\/post"}],"author":[{"embeddable":true,"href":"https:\/\/www.kaanugrasiz.com\/tr\/wp-json\/wp\/v2\/users\/1"}],"replies":[{"embeddable":true,"href":"https:\/\/www.kaanugrasiz.com\/tr\/wp-json\/wp\/v2\/comments?post=2709"}],"version-history":[{"count":7,"href":"https:\/\/www.kaanugrasiz.com\/tr\/wp-json\/wp\/v2\/posts\/2709\/revisions"}],"predecessor-version":[{"id":3212,"href":"https:\/\/www.kaanugrasiz.com\/tr\/wp-json\/wp\/v2\/posts\/2709\/revisions\/3212"}],"wp:featuredmedia":[{"embeddable":true,"href":"https:\/\/www.kaanugrasiz.com\/tr\/wp-json\/wp\/v2\/media\/2710"}],"wp:attachment":[{"href":"https:\/\/www.kaanugrasiz.com\/tr\/wp-json\/wp\/v2\/media?parent=2709"}],"wp:term":[{"taxonomy":"category","embeddable":true,"href":"https:\/\/www.kaanugrasiz.com\/tr\/wp-json\/wp\/v2\/categories?post=2709"},{"taxonomy":"post_tag","embeddable":true,"href":"https:\/\/www.kaanugrasiz.com\/tr\/wp-json\/wp\/v2\/tags?post=2709"}],"curies":[{"name":"wp","href":"https:\/\/api.w.org\/{rel}","templated":true}]}}