{"id":2699,"date":"2026-02-09T07:00:00","date_gmt":"2026-02-09T04:00:00","guid":{"rendered":"https:\/\/www.kaanugrasiz.com\/tr\/?p=2699"},"modified":"2026-01-29T14:00:18","modified_gmt":"2026-01-29T11:00:18","slug":"bilgiyi-kendine-saklamak","status":"publish","type":"post","link":"https:\/\/www.kaanugrasiz.com\/tr\/bilgiyi-kendine-saklamak.html","title":{"rendered":"\u0130\u015f yapmak i\u00e7in gerekli bilgiyi kendine saklamak"},"content":{"rendered":"\n<p>G\u00fcn\u00fcm\u00fcz i\u015f ya\u015fam\u0131nda s\u0131kl\u0131kla kar\u015f\u0131la\u015ft\u0131\u011f\u0131m\u0131z bir durum var: <strong>Bilgiyi kendine saklamak.<\/strong><\/p>\n\n\n\n<p>Birbirine ba\u011fl\u0131 pozisyonlarda \u00e7al\u0131\u015fan insanlar, i\u015fle ilgili s\u00fcre\u00e7lerden ve i\u015flerin yap\u0131l\u0131\u015f bi\u00e7imini etkileyecek olan de\u011fi\u015fimleri zaman\u0131nda haber alam\u0131yor, i\u015fleyi\u015fle ilgili de\u011fi\u015fiklikler onlara olmas\u0131 gerekti\u011fi zamanda aktar\u0131lm\u0131yor.<\/p>\n\n\n<style>.kb-table-of-content-nav.kb-table-of-content-id2699_a7a533-e3 .kb-table-of-content-wrap{padding-top:var(--global-kb-spacing-sm, 1.5rem);padding-right:var(--global-kb-spacing-sm, 1.5rem);padding-bottom:var(--global-kb-spacing-sm, 1.5rem);padding-left:var(--global-kb-spacing-sm, 1.5rem);}.kb-table-of-content-nav.kb-table-of-content-id2699_a7a533-e3 .kb-table-of-contents-title-wrap{padding-top:0px;padding-right:0px;padding-bottom:0px;padding-left:0px;}.kb-table-of-content-nav.kb-table-of-content-id2699_a7a533-e3 .kb-table-of-contents-title{font-weight:regular;font-style:normal;}.kb-table-of-content-nav.kb-table-of-content-id2699_a7a533-e3 .kb-table-of-content-wrap .kb-table-of-content-list{font-weight:regular;font-style:normal;margin-top:var(--global-kb-spacing-sm, 1.5rem);margin-right:0px;margin-bottom:0px;margin-left:0px;}<\/style>\n\n\n<p><strong>Y\u00f6netici perspektifi<\/strong>nden bakt\u0131\u011f\u0131m\u0131zda bu konu bazen gereksiz bir pani\u011fi \u00f6nlemek gibi <em>iyi niyetli g\u00f6r\u00fcnen<\/em> bir nedenle yap\u0131l\u0131yor, bazen de <em>kontrol\u00fcn kimde oldu\u011funu<\/em> kar\u015f\u0131dakine hat\u0131rlatmak i\u00e7in.<\/p>\n\n\n\n<p>K\u0131sa vadede y\u00f6neticiye kendini rahat hissettiren bu suskunluk, orta ve uzun vadede hem kurumsal yap\u0131n\u0131n reflekslerini k\u00f6reltiyor hem de g\u00fcveni a\u015f\u0131nd\u0131r\u0131yor, hatta operasyonel maliyetleri y\u00fckseliyor.<\/p>\n\n\n\n<h3 class=\"wp-block-heading\">&#8220;\u0130\u015fleri kontrol at\u0131nda tutma&#8221; bi\u00e7imi olarak suskunluk<\/h3>\n\n\n\n<p>Hen\u00fcz netle\u015fmedi\u011fi i\u00e7in a\u00e7\u0131klama yapmamak, <em>herkesi gereksiz yere<\/em> endi\u015felendirmemek, organizasyon \u015femas\u0131 i\u00e7indeki kendi yerini gere\u011finden fazla \u00f6nemsemek\u2026<\/p>\n\n\n\n<p>Bunlar <strong>sessizli\u011fin<\/strong> y\u00f6netici perspektifinden <strong>en yayg\u0131n nedenleri<\/strong> aras\u0131nda.<\/p>\n\n\n\n<p>\u0130lk bak\u0131\u015fta kendine g\u00f6re mant\u0131kl\u0131 da g\u00f6r\u00fcn\u00fcyor, <strong>\u00e7\u00fcnk\u00fc bir bilgiyi payla\u015fmak<\/strong> genellikle ek a\u00e7\u0131klama yapmay\u0131, zaman ay\u0131rmay\u0131 hatta savunma yapmay\u0131 da beraberinde getiriyor. Bilgi payla\u015f\u0131m\u0131ndan ka\u00e7\u0131nmak ve susmak kontrol duygusunu k\u0131sa vadeli olarak sa\u011flar, do\u011fru; fakat uzun vadede bir t\u00fcr k\u0131r\u0131lganl\u0131k yarat\u0131r, g\u00fcvensizli\u011fi tetikler.<\/p>\n\n\n\n<p>Kurumsal yap\u0131lar i\u00e7inde bilginin tek bir ki\u015fide toplanmas\u0131, o ki\u015finin yoklu\u011funda <strong>i\u015fle ilgili kararlar\u0131 sekteye u\u011frat\u0131r<\/strong> ve gecikmeye neden olur hatta yanl\u0131\u015f varsay\u0131mlar\u0131n \u00fcretilmesinin \u00f6n\u00fcn\u00fc a\u00e7ar.<\/p>\n\n\n\n<h3 class=\"wp-block-heading\">\u00c7al\u0131\u015fanlar\u0131n g\u00f6z\u00fcnden; bilginin d\u0131\u015f\u0131nda kalmak<\/h3>\n\n\n\n<p>Bilgi ak\u0131\u015f\u0131nin kesilmesinin <strong>en belirgin sonu\u00e7lar\u0131<\/strong> aras\u0131nda operasyonel hatalar\u0131 saymak m\u00fcmk\u00fcn. Zaman\u0131nda aktar\u0131lmayan bir prosed\u00fcr de\u011fi\u015fikli\u011fi yap\u0131lan bir i\u015fin ba\u015ftan ge\u00e7ersiz say\u0131lmas\u0131n\u0131, yeniden yap\u0131lmas\u0131n\u0131 veya komple iptal say\u0131lmas\u0131na neden olabilir.<\/p>\n\n\n\n<p>Bunun \u00e7al\u0131\u015fan perspektifinden en \u00f6nemli etkisi ise <strong>motivasyon kayb\u0131<\/strong> olarak tan\u0131mlanabilir.<\/p>\n\n\n\n<p>\u00c7al\u0131\u015fanlar\u0131n kendini <em>i\u015fin neresinde<\/em> oldu\u011funu sorgulamas\u0131 ve daha fazla insiyatif almay\u0131 b\u0131rakmas\u0131yla birlikte g\u00fcven erozyonu ortaya \u00e7\u0131kar, nihayetinde <em>\u00e7al\u0131\u015fanlara bilgi verilmiyor<\/em> alg\u0131s\u0131, kurumsal yap\u0131ya ve y\u00f6netime olan g\u00fcveni zedeler.<\/p>\n\n\n\n<p><strong><a href=\"https:\/\/www.kaanugrasiz.com\/tr\/kurumsal-hikaye.html\" type=\"post\" id=\"1401\">Neden her \u015firketin bir kurumsal hikayeye sahip olmal\u0131?<\/a><\/strong> isimli yay\u0131nda da bir benzerini s\u00f6yledim, e\u011fer s\u00f6ylenmesi gereken bir s\u00f6z\u00fc sen s\u00f6ylemezsen birisi gelir ve senin yerine kendi s\u00f6zlerini s\u00f6yler. <\/p>\n\n\n\n<p>Burada <strong>bilgi bo\u015flu\u011fundan kaynaklanan bir tedirginlik<\/strong>ten bahsediyorum. Bir ortamda, e\u011fer birisi \u00e7\u0131k\u0131p gerekli bilgiyi ortaya koymazsa, onun yerine bir ba\u015fkas\u0131 \u00e7\u0131kar, ortadaki bo\u015flu\u011fu s\u00f6ylenti ve dedikoduyla doldurur. Bu da karar alma mekanizmas\u0131n\u0131n i\u015flerini daha zor ve karma\u015f\u0131k bir hale getirir.<\/p>\n\n\n\n<p>\u00d6zetle, <strong>e\u011fer bir bilgi yaln\u0131zca bir ki\u015fide ya da z\u00fcmredeyse, o kurumda ayakta tutulmaya \u00e7al\u0131\u015f\u0131lan \u015fey sistem de\u011fil ki\u015filerdir.<\/strong><\/p>\n\n\n\n<h3 class=\"wp-block-heading\">Sahadan bir-iki \u00f6rnek<\/h3>\n\n\n\n<p>Daha iyi anlaman i\u00e7in bir ka\u00e7 \u00f6rnek vermek isterim.<\/p>\n\n\n\n<p>\u00dczerinde yakla\u015f\u0131k bir y\u0131ld\u0131r \u00e7al\u0131\u015f\u0131lan bir web sitesinin teslimat\u0131na haz\u0131rlan\u0131yorduk 2025 y\u0131l\u0131n\u0131n son haftalar\u0131nda. Aral\u0131k ay\u0131n\u0131n ikinci haftas\u0131nda d\u00fcnyan\u0131n farkl\u0131 yerlerinde \u00e7al\u0131\u015fan serbest \u00e7al\u0131\u015fanlar\u0131n t\u00fcm\u00fcne g\u00f6nderilmi\u015f toplu bir e-posta d\u00fc\u015ft\u00fc. Al\u0131nan bir kararla web sitesinin mimarisi komple de\u011fi\u015fmi\u015f, baz\u0131 b\u00f6l\u00fcmleri iptal edilmi\u015f, onlar\u0131n aralar\u0131nda bir e-ticaret altyap\u0131s\u0131n\u0131n dahil oldu\u011fu yeni k\u0131s\u0131mlar eklenmi\u015f ve kullan\u0131lan ton samimiden daha resmi bir dile \u00e7evrilmi\u015fti.<\/p>\n\n\n\n<p>\u0130\u015fin buraya kadarki k\u0131sm\u0131nda herhangi bir sorun yok, olabilir; fakat bu karar Amerika\u2019daki merkezle Eyl\u00fcl ay\u0131nda yap\u0131lan toplant\u0131da kararla\u015ft\u0131r\u0131lm\u0131\u015f ve geli\u015ftirici tak\u0131m\u0131na \u00fcr\u00fcn\u00fcn teslimat\u0131na iki hafta kala yap\u0131lm\u0131\u015ft\u0131r.<\/p>\n\n\n\n<p>Birimiz Johannesburg\u2019da, di\u011ferimiz Hindistan\u2019da, \u00f6tekimiz Kore\u2019de olsak da hissetti\u011fimiz \u015fey ortakt\u0131 ve bunu kendi aram\u0131zda kurdu\u011fumuz grupta dile getirdik: eme\u011fimizin de\u011fersizle\u015ftirilmesi ve baz\u0131 ekip arkada\u015flar\u0131m sisteme izin girerek bir s\u00fcre projeden uzakla\u015ft\u0131. Gerekli bilgi ak\u0131\u015f\u0131 sa\u011flanmad\u0131\u011f\u0131 i\u00e7in eme\u011fimiz sorumsuzca harcanm\u0131\u015ft\u0131r.<\/p>\n\n\n\n<p>Bir tane daha&#8230;<\/p>\n\n\n\n<p>\u015eu anda birlikte \u00e7al\u0131\u015ft\u0131\u011f\u0131m bir \u00e7\u00f6z\u00fcm orta\u011f\u0131m\u0131n web sitesinin i\u00e7eri\u011finden ve ayl\u0131k kampanya tasar\u0131mlar\u0131n\u0131n aray\u00fcze aktar\u0131lmas\u0131ndan sorumluyum. \u015eirketin sahada \u00e7al\u0131\u015fan personelleri de var ve web kampanyalar\u0131yla saha kampanyalar\u0131n\u0131 senkronize etmemiz gerekiyor.&nbsp;<\/p>\n\n\n\n<p>Yine \u00f6nceki \u00f6rnekle ayn\u0131 zamana denk geldi bu \u00f6rnek de. Y\u0131l sonu kampanyas\u0131 i\u00e7in web sitesinde \u00e7e\u015fitli kategorileri kapsayan bir indirim ve \u00fccretsiz kargo kampanyas\u0131 tasarlad\u0131k, fakat sahan\u0131n bundan iki hafta sonra haberi oldu. Dolay\u0131s\u0131yla saha performans\u0131 online\u2019i yakalayamad\u0131, baz\u0131 teslimatlarda gecikmeler ya\u015fad\u0131k ve sitem dolu bir ka\u00e7 telefon ald\u0131k. Saha merkeze sitem etti, merkez sahan\u0131n yeterince \u00e7evik olmad\u0131\u011f\u0131n\u0131 ima etti.<\/p>\n\n\n\n<h3 class=\"wp-block-heading\">G\u00f6zden ka\u00e7an bedel<\/h3>\n\n\n\n<p>Y\u00f6neticiler bir konu hakk\u0131ndaki bir bilgiyi kendine saklamay\u0131 genellikle maliyet azalt\u0131c\u0131 olarak g\u00f6rse de, g\u00f6zden ka\u00e7\u0131rd\u0131klar\u0131 \u015fey i\u015fin dolayl\u0131 maliyeti.<\/p>\n\n\n\n<p>\u00c7al\u0131\u015fan\u0131n rework s\u00fcrecindeki art\u0131\u015f, rotasyon talepleri ve yetene\u011fi tutman\u0131n maliyeti \u00e7o\u011fu \u015firketin \u00f6nemsemedi\u011fi detaylar.<\/p>\n\n\n\n<p>Bunlar k\u0131sa vadede fark edilmeyebilir fakat \u015firketin k\u00fclt\u00fcrel ve finansal yap\u0131s\u0131ndaki etkileri ileriki a\u015famada mutlaka fark edilecektir.<\/p>\n\n\n\n<h3 class=\"wp-block-heading\">Basit\u00e7e &#8220;ileti\u015fimi g\u00fc\u00e7lendirmek&#8221;<\/h3>\n\n\n\n<p>Toplum olarak da, <strong>bug\u00fcnk\u00fc en b\u00fcy\u00fck sorumuz yeterince do\u011fru ve a\u00e7\u0131k ileti\u015fim kurmuyor olu\u015fumuz<\/strong>.<\/p>\n\n\n\n<p>\u00d6zellikle konu i\u015f oldu\u011funda, hangi kademeden olursa olsun herkesin \u00fczerine d\u00fc\u015fen baz\u0131 g\u00f6rev ve sorumluluklar var.<\/p>\n\n\n\n<p>Bir y\u00f6netici herkesle her detay\u0131 payla\u015fmak zorunda de\u011fil, fakat \u00e7al\u0131\u015fma ortam\u0131ndaki herkesi, <strong>bilmeleri gereken <em>neden<\/em> ve <em>niye<\/em>ler hakk\u0131nda bilgilendirmeli<\/strong>.<\/p>\n\n\n\n<p><em>Hen\u00fcz net de\u011fil<\/em> gibi<strong> mu\u011flak ve belirsiz ifadeler<\/strong> yerine s\u00fcrecin nas\u0131l i\u015fledi\u011fini ve <strong>bilgiyi ne zaman verebilece\u011fini<\/strong> a\u00e7\u0131k\u00e7a payla\u015fmal\u0131.<\/p>\n\n\n\n<p>Al\u0131nan kararlar <strong>ortak bir belge \u00fczerine d\u00fczenli olarak kay\u0131t edilmeli<\/strong> ve bu kararlar\u0131 ilgilendiren herkes kim, ne zaman ve neden ba\u011flam\u0131nda, merak etti\u011fi sorunun yan\u0131t\u0131n\u0131 alabilmeli.<\/p>\n\n\n\n<p>Sat\u0131\u015f, saha, operasyon, tasar\u0131m ve y\u00f6netim gibi <strong>ekipler d\u00fczenli olarak toplanmal\u0131<\/strong> ve herkesin sahip oldu\u011fu bilgi birbirine senkronize edilmeli.<\/p>\n\n\n\n<p>Ekiplerin i\u00e7inde <strong>kimin hangi bilgiye ihtiyac\u0131 oldu\u011fu belirlenmeli<\/strong> ve \u00e7al\u0131\u015fanlara bu ba\u011flamda bilgilendirme ve geri bildirimler yap\u0131lmal\u0131d\u0131r.<\/p>\n\n\n\n<p>B\u00fct\u00fcn bunlar\u0131 kapsayan ve asl\u0131nda t\u00fcm sorunlar\u0131n \u00e7\u00f6z\u00fcm\u00fc, \u015firket i\u00e7inde <a href=\"https:\/\/www.kaanugrasiz.com\/tr\/geri-bildirim-nedir.html\" type=\"post\" id=\"1167\"><strong>geri bildirim k\u00fclt\u00fcr\u00fc<\/strong><\/a>n\u00fcn geli\u015ftirilmesi ve yayg\u0131nla\u015ft\u0131r\u0131lmas\u0131.<\/p>\n\n\n\n<p>&#8230;<\/p>\n\n\n\n<p>Bilgiyi kendine saklamak ve tak\u0131m arkada\u015flar\u0131yla payla\u015fmamak y\u00f6neticilere <strong>bir t\u00fcr kontrol hissi<\/strong> sa\u011fl\u0131yor olabilir fakat unutmamak gereken \u015fey, bu hissin <strong>ger\u00e7ek g\u00fcc\u00fc<\/strong> temsil etmedi\u011fi. Ger\u00e7ek g\u00fc\u00e7 herkesin kendi g\u00f6revinin ne oldu\u011funu ne oldu\u011funu bilerek h\u0131zl\u0131 ve do\u011fru karar almas\u0131ndad\u0131r.<\/p>\n\n\n\n<p>\u00d6te yandan, <strong>y\u00f6netimin g\u00f6revi bilgiyi gizlemek de\u011fil, onu do\u011fru zamanda do\u011fru ki\u015fiye ula\u015ft\u0131rmakt\u0131r.<\/strong><\/p>\n\n\n\n<p>\u015eeffafl\u0131\u011f\u0131 k\u00fclt\u00fcr\u00fcn\u00fcn i\u00e7ine dahil etmeyi ba\u015farm\u0131\u015f olan kurumlar, kar\u015f\u0131la\u015ft\u0131klar\u0131 belirsizliklerle daha iyi ba\u015f eder, \u00e7al\u0131\u015fanlar\u0131n insiyatifleri artar ve yap\u0131lar\u0131 daha dayan\u0131kl\u0131 hale gelir.<\/p>\n\n\n\n<p><strong>Daha fazlas\u0131 i\u00e7in&#8230;<\/strong><\/p>\n\n\n\n<ul class=\"wp-block-list\">\n<li><a href=\"https:\/\/www.mdpi.com\/2076-328X\/12\/2\/56\" target=\"_blank\" rel=\"noreferrer noopener\">Why and when do employees hide their knowledge?<\/a><\/li>\n\n\n\n<li><a href=\"https:\/\/www.sciencedirect.com\/science\/article\/abs\/pii\/S0148296321001661\" target=\"_blank\" rel=\"noreferrer noopener\">Share or hide? Investigating positive and negative employee intentions&#8230;<\/a><\/li>\n\n\n\n<li><a href=\"https:\/\/www.scirp.org\/html\/6-1763284_99405.htm\" target=\"_blank\" rel=\"noreferrer noopener\">The Effect of leader knowledge hiding on employee voice behavior<\/a><\/li>\n\n\n\n<li><a href=\"https:\/\/www.sciencedirect.com\/science\/article\/abs\/pii\/S0747563220301746\" target=\"_blank\" rel=\"noreferrer noopener\">Integrating the bright and dark sides of communication visibility for&#8230;<\/a><\/li>\n\n\n\n<li><a href=\"https:\/\/pmc.ncbi.nlm.nih.gov\/articles\/PMC8516615\" target=\"_blank\" rel=\"noreferrer noopener\">Knowledge hiding in organizational crisis: The moderating role of leadership<\/a><\/li>\n\n\n\n<li><a href=\"https:\/\/www.nature.com\/articles\/s41599-023-02063-5\" target=\"_blank\" rel=\"noreferrer noopener\">Choosing a better communication style: revealing the relationship between&#8230;<\/a><\/li>\n\n\n\n<li><a href=\"https:\/\/www.elsevier.es\/en-revista-journal-innovation-knowledge-376-articulo-exploring-knowledge-sharing-hiding-on-S2444569X23001427\" target=\"_blank\" rel=\"noreferrer noopener\">Exploring knowledge sharing and hiding on employees\u2019 creative behaviors&#8230;<\/a><\/li>\n\n\n\n<li><a href=\"https:\/\/www.frontiersin.org\/journals\/psychology\/articles\/10.3389\/fpsyg.2022.850989\/full\" target=\"_blank\" rel=\"noreferrer noopener\">Creating a culture to avoid knowledge hiding within an organization<\/a><\/li>\n<\/ul>\n","protected":false},"excerpt":{"rendered":"<p>G\u00fcn\u00fcm\u00fcz i\u015f ya\u015fam\u0131nda s\u0131kl\u0131kla kar\u015f\u0131la\u015ft\u0131\u011f\u0131m\u0131z bir durum var: Bilgiyi kendine saklamak. Birbirine ba\u011fl\u0131 pozisyonlarda \u00e7al\u0131\u015fan insanlar, i\u015fle ilgili s\u00fcre\u00e7lerden ve i\u015flerin yap\u0131l\u0131\u015f bi\u00e7imini etkileyecek olan de\u011fi\u015fimleri zaman\u0131nda haber alam\u0131yor, i\u015fleyi\u015fle ilgili de\u011fi\u015fiklikler onlara olmas\u0131 gerekti\u011fi zamanda aktar\u0131lm\u0131yor. Y\u00f6netici perspektifinden bakt\u0131\u011f\u0131m\u0131zda bu konu bazen gereksiz bir pani\u011fi \u00f6nlemek gibi iyi niyetli g\u00f6r\u00fcnen bir nedenle yap\u0131l\u0131yor, bazen&#8230;<\/p>\n","protected":false},"author":1,"featured_media":2702,"comment_status":"open","ping_status":"open","sticky":false,"template":"","format":"standard","meta":{"_coblocks_attr":"","_coblocks_dimensions":"","_coblocks_responsive_height":"","_coblocks_accordion_ie_support":"","_uag_custom_page_level_css":"","_kadence_starter_templates_imported_post":false,"_kad_post_transparent":"","_kad_post_title":"","_kad_post_layout":"","_kad_post_sidebar_id":"","_kad_post_content_style":"","_kad_post_vertical_padding":"","_kad_post_feature":"","_kad_post_feature_position":"","_kad_post_header":false,"_kad_post_footer":false,"footnotes":""},"categories":[376,375],"tags":[1298,1302,1306,1304,1307,1316,1310,578,1315,1311,1309,1301,1308,1303,1312,1300,1313,1314,1305,1299],"class_list":["post-2699","post","type-post","status-publish","format-standard","has-post-thumbnail","hentry","category-iletisim","category-is-hayati","tag-bilgi-akisinin-kesilmesi","tag-bilgi-saklama-kulturu","tag-calisan-motivasyon-kaybi","tag-capraz-ekip-iletisimi","tag-dedikodu-ve-soylenti-kulturu","tag-ekipler-arasi-senkronizasyon","tag-geri-bildirim-kulturu","tag-guven-erozyonu","tag-inisiyatif-kaybi","tag-karar-sureclerinde-seffaflik","tag-kontrol-algisi","tag-kurumsal-iletisim-eksikligi","tag-kurumsal-kirilganlik","tag-operasyonel-maliyetler","tag-organizasyonel-refleks-kaybi","tag-rework-surecleri","tag-surdurulebilir-kurumsal-yapi","tag-yetenek-tutma-maliyeti","tag-yonetici-perspektifi","tag-yonetici-sessizligi"],"yoast_head":"<!-- This site is optimized with the Yoast SEO plugin v27.3 - https:\/\/yoast.com\/product\/yoast-seo-wordpress\/ -->\n<title>\u0130\u015f yapmak i\u00e7in gerekli bilgiyi kendine saklamak<\/title>\n<meta name=\"description\" content=\"\u0130\u015fyerlerinde bilgi saklaman\u0131n etkileri; ger\u00e7ek hayattan \u00f6rnekler, y\u00f6netici perspektifi ve uygulanabilir ileti\u015fim \u00e7\u00f6z\u00fcmleri\" \/>\n<meta name=\"robots\" content=\"index, follow, max-snippet:-1, max-image-preview:large, max-video-preview:-1\" \/>\n<link rel=\"canonical\" href=\"https:\/\/www.kaanugrasiz.com\/tr\/bilgiyi-kendine-saklamak.html\" \/>\n<meta property=\"og:locale\" content=\"tr_TR\" \/>\n<meta property=\"og:type\" content=\"article\" \/>\n<meta property=\"og:title\" content=\"\u0130\u015f yapmak i\u00e7in gerekli bilgiyi kendine saklamak\" \/>\n<meta property=\"og:description\" content=\"\u0130\u015fyerlerinde bilgi saklaman\u0131n etkileri; ger\u00e7ek hayattan \u00f6rnekler, y\u00f6netici perspektifi ve uygulanabilir ileti\u015fim \u00e7\u00f6z\u00fcmleri\" \/>\n<meta property=\"og:url\" content=\"https:\/\/www.kaanugrasiz.com\/tr\/bilgiyi-kendine-saklamak.html\" \/>\n<meta property=\"og:site_name\" content=\"Pazarlama ve marka ileti\u015fimi blogu - Kaan U\u011fras\u0131z\" \/>\n<meta property=\"article:published_time\" content=\"2026-02-09T04:00:00+00:00\" \/>\n<meta property=\"og:image\" content=\"https:\/\/www.kaanugrasiz.com\/tr\/wp-content\/uploads\/2026\/02\/Bilgiyi-kendine-saklamak.webp\" \/>\n\t<meta property=\"og:image:width\" content=\"1280\" \/>\n\t<meta property=\"og:image:height\" content=\"896\" \/>\n\t<meta property=\"og:image:type\" content=\"image\/webp\" \/>\n<meta name=\"author\" content=\"Kaan U\u011fras\u0131z\" \/>\n<meta name=\"twitter:card\" content=\"summary_large_image\" \/>\n<meta name=\"twitter:label1\" content=\"Yazan:\" \/>\n\t<meta name=\"twitter:data1\" content=\"Kaan U\u011fras\u0131z\" \/>\n\t<meta name=\"twitter:label2\" content=\"Tahmini okuma s\u00fcresi\" \/>\n\t<meta name=\"twitter:data2\" content=\"6 dakika\" \/>\n<script type=\"application\/ld+json\" class=\"yoast-schema-graph\">{\"@context\":\"https:\\\/\\\/schema.org\",\"@graph\":[{\"@type\":\"Article\",\"@id\":\"https:\\\/\\\/www.kaanugrasiz.com\\\/tr\\\/bilgiyi-kendine-saklamak.html#article\",\"isPartOf\":{\"@id\":\"https:\\\/\\\/www.kaanugrasiz.com\\\/tr\\\/bilgiyi-kendine-saklamak.html\"},\"author\":{\"name\":\"Kaan U\u011fras\u0131z\",\"@id\":\"https:\\\/\\\/www.kaanugrasiz.com\\\/tr\\\/#\\\/schema\\\/person\\\/c03ebfb2409df5381cad2561495a437e\"},\"headline\":\"\u0130\u015f yapmak i\u00e7in gerekli bilgiyi kendine saklamak\",\"datePublished\":\"2026-02-09T04:00:00+00:00\",\"mainEntityOfPage\":{\"@id\":\"https:\\\/\\\/www.kaanugrasiz.com\\\/tr\\\/bilgiyi-kendine-saklamak.html\"},\"wordCount\":1357,\"commentCount\":0,\"publisher\":{\"@id\":\"https:\\\/\\\/www.kaanugrasiz.com\\\/tr\\\/#\\\/schema\\\/person\\\/c03ebfb2409df5381cad2561495a437e\"},\"image\":{\"@id\":\"https:\\\/\\\/www.kaanugrasiz.com\\\/tr\\\/bilgiyi-kendine-saklamak.html#primaryimage\"},\"thumbnailUrl\":\"https:\\\/\\\/www.kaanugrasiz.com\\\/tr\\\/wp-content\\\/uploads\\\/2026\\\/02\\\/Bilgiyi-kendine-saklamak.webp\",\"keywords\":[\"bilgi ak\u0131\u015f\u0131n\u0131n kesilmesi\",\"bilgi saklama k\u00fclt\u00fcr\u00fc\",\"\u00e7al\u0131\u015fan motivasyon kayb\u0131\",\"\u00e7apraz ekip ileti\u015fimi\",\"dedikodu ve s\u00f6ylenti k\u00fclt\u00fcr\u00fc\",\"ekipler aras\u0131 senkronizasyon\",\"geri bildirim k\u00fclt\u00fcr\u00fc\",\"g\u00fcven erozyonu\",\"inisiyatif kayb\u0131\",\"karar s\u00fcre\u00e7lerinde \u015feffafl\u0131k\",\"kontrol alg\u0131s\u0131\",\"kurumsal ileti\u015fim eksikli\u011fi\",\"kurumsal k\u0131r\u0131lganl\u0131k\",\"operasyonel maliyetler\",\"organizasyonel refleks kayb\u0131\",\"rework s\u00fcre\u00e7leri\",\"s\u00fcrd\u00fcr\u00fclebilir kurumsal yap\u0131\",\"yetenek tutma maliyeti\",\"y\u00f6netici perspektifi\",\"y\u00f6netici sessizli\u011fi\"],\"articleSection\":[\"\u0130leti\u015fim\",\"\u0130\u015f hayat\u0131\"],\"inLanguage\":\"tr\",\"potentialAction\":[{\"@type\":\"CommentAction\",\"name\":\"Comment\",\"target\":[\"https:\\\/\\\/www.kaanugrasiz.com\\\/tr\\\/bilgiyi-kendine-saklamak.html#respond\"]}]},{\"@type\":\"WebPage\",\"@id\":\"https:\\\/\\\/www.kaanugrasiz.com\\\/tr\\\/bilgiyi-kendine-saklamak.html\",\"url\":\"https:\\\/\\\/www.kaanugrasiz.com\\\/tr\\\/bilgiyi-kendine-saklamak.html\",\"name\":\"\u0130\u015f yapmak i\u00e7in gerekli bilgiyi kendine saklamak\",\"isPartOf\":{\"@id\":\"https:\\\/\\\/www.kaanugrasiz.com\\\/tr\\\/#website\"},\"primaryImageOfPage\":{\"@id\":\"https:\\\/\\\/www.kaanugrasiz.com\\\/tr\\\/bilgiyi-kendine-saklamak.html#primaryimage\"},\"image\":{\"@id\":\"https:\\\/\\\/www.kaanugrasiz.com\\\/tr\\\/bilgiyi-kendine-saklamak.html#primaryimage\"},\"thumbnailUrl\":\"https:\\\/\\\/www.kaanugrasiz.com\\\/tr\\\/wp-content\\\/uploads\\\/2026\\\/02\\\/Bilgiyi-kendine-saklamak.webp\",\"datePublished\":\"2026-02-09T04:00:00+00:00\",\"description\":\"\u0130\u015fyerlerinde bilgi saklaman\u0131n etkileri; ger\u00e7ek hayattan \u00f6rnekler, y\u00f6netici perspektifi ve uygulanabilir ileti\u015fim \u00e7\u00f6z\u00fcmleri\",\"breadcrumb\":{\"@id\":\"https:\\\/\\\/www.kaanugrasiz.com\\\/tr\\\/bilgiyi-kendine-saklamak.html#breadcrumb\"},\"inLanguage\":\"tr\",\"potentialAction\":[{\"@type\":\"ReadAction\",\"target\":[\"https:\\\/\\\/www.kaanugrasiz.com\\\/tr\\\/bilgiyi-kendine-saklamak.html\"]}]},{\"@type\":\"ImageObject\",\"inLanguage\":\"tr\",\"@id\":\"https:\\\/\\\/www.kaanugrasiz.com\\\/tr\\\/bilgiyi-kendine-saklamak.html#primaryimage\",\"url\":\"https:\\\/\\\/www.kaanugrasiz.com\\\/tr\\\/wp-content\\\/uploads\\\/2026\\\/02\\\/Bilgiyi-kendine-saklamak.webp\",\"contentUrl\":\"https:\\\/\\\/www.kaanugrasiz.com\\\/tr\\\/wp-content\\\/uploads\\\/2026\\\/02\\\/Bilgiyi-kendine-saklamak.webp\",\"width\":1280,\"height\":896},{\"@type\":\"BreadcrumbList\",\"@id\":\"https:\\\/\\\/www.kaanugrasiz.com\\\/tr\\\/bilgiyi-kendine-saklamak.html#breadcrumb\",\"itemListElement\":[{\"@type\":\"ListItem\",\"position\":1,\"name\":\"Anasayfa\",\"item\":\"https:\\\/\\\/www.kaanugrasiz.com\\\/tr\\\/\"},{\"@type\":\"ListItem\",\"position\":2,\"name\":\"\u0130\u015f yapmak i\u00e7in gerekli bilgiyi kendine saklamak\"}]},{\"@type\":\"WebSite\",\"@id\":\"https:\\\/\\\/www.kaanugrasiz.com\\\/tr\\\/#website\",\"url\":\"https:\\\/\\\/www.kaanugrasiz.com\\\/tr\\\/\",\"name\":\"Brand Monday TR\",\"description\":\"\",\"publisher\":{\"@id\":\"https:\\\/\\\/www.kaanugrasiz.com\\\/tr\\\/#\\\/schema\\\/person\\\/c03ebfb2409df5381cad2561495a437e\"},\"potentialAction\":[{\"@type\":\"SearchAction\",\"target\":{\"@type\":\"EntryPoint\",\"urlTemplate\":\"https:\\\/\\\/www.kaanugrasiz.com\\\/tr\\\/?s={search_term_string}\"},\"query-input\":{\"@type\":\"PropertyValueSpecification\",\"valueRequired\":true,\"valueName\":\"search_term_string\"}}],\"inLanguage\":\"tr\"},{\"@type\":[\"Person\",\"Organization\"],\"@id\":\"https:\\\/\\\/www.kaanugrasiz.com\\\/tr\\\/#\\\/schema\\\/person\\\/c03ebfb2409df5381cad2561495a437e\",\"name\":\"Kaan U\u011fras\u0131z\",\"image\":{\"@type\":\"ImageObject\",\"inLanguage\":\"tr\",\"@id\":\"https:\\\/\\\/www.kaanugrasiz.com\\\/tr\\\/wp-content\\\/uploads\\\/2026\\\/02\\\/cropped-cropped-kaanugrasiz-logo-gold.webp\",\"url\":\"https:\\\/\\\/www.kaanugrasiz.com\\\/tr\\\/wp-content\\\/uploads\\\/2026\\\/02\\\/cropped-cropped-kaanugrasiz-logo-gold.webp\",\"contentUrl\":\"https:\\\/\\\/www.kaanugrasiz.com\\\/tr\\\/wp-content\\\/uploads\\\/2026\\\/02\\\/cropped-cropped-kaanugrasiz-logo-gold.webp\",\"width\":512,\"height\":512,\"caption\":\"Kaan U\u011fras\u0131z\"},\"logo\":{\"@id\":\"https:\\\/\\\/www.kaanugrasiz.com\\\/tr\\\/wp-content\\\/uploads\\\/2026\\\/02\\\/cropped-cropped-kaanugrasiz-logo-gold.webp\"},\"description\":\"Yakla\u015f\u0131k 20 y\u0131ll\u0131k deneyime sahip bir pazarlama ileti\u015fimi profesyoneliyim ve \u00e7e\u015fitli formatlarda nitelikli, anlaml\u0131 ve etkili i\u00e7erikler \u00fcretip yay\u0131nlamaya odaklan\u0131yorum. Bir bireyin veya kurulu\u015fun \u00e7evresiyle uyumlu, d\u00fczenli ve anla\u015f\u0131l\u0131r bir ileti\u015fim kurmas\u0131, mevcut ili\u015fkileri g\u00fc\u00e7lendirmesi ve yeni ili\u015fkiler kurmas\u0131 i\u00e7in gereken t\u00fcm ara\u00e7lar\u0131 s\u0131f\u0131rdan geli\u015ftirebilir ve bu ama\u00e7la yol g\u00f6sterici haritalar olu\u015fturabilirim.\",\"sameAs\":[\"https:\\\/\\\/www.kaanugrasiz.com\\\/tr\",\"https:\\\/\\\/instagram.com\\\/kaanugrasiz\",\"https:\\\/\\\/linkedin.com\\\/in\\\/kaanugrasiz\"],\"url\":\"https:\\\/\\\/www.kaanugrasiz.com\\\/tr\\\/author\\\/travego\"}]}<\/script>\n<!-- \/ Yoast SEO plugin. -->","yoast_head_json":{"title":"\u0130\u015f yapmak i\u00e7in gerekli bilgiyi kendine saklamak","description":"\u0130\u015fyerlerinde bilgi saklaman\u0131n etkileri; ger\u00e7ek hayattan \u00f6rnekler, y\u00f6netici perspektifi ve uygulanabilir ileti\u015fim \u00e7\u00f6z\u00fcmleri","robots":{"index":"index","follow":"follow","max-snippet":"max-snippet:-1","max-image-preview":"max-image-preview:large","max-video-preview":"max-video-preview:-1"},"canonical":"https:\/\/www.kaanugrasiz.com\/tr\/bilgiyi-kendine-saklamak.html","og_locale":"tr_TR","og_type":"article","og_title":"\u0130\u015f yapmak i\u00e7in gerekli bilgiyi kendine saklamak","og_description":"\u0130\u015fyerlerinde bilgi saklaman\u0131n etkileri; ger\u00e7ek hayattan \u00f6rnekler, y\u00f6netici perspektifi ve uygulanabilir ileti\u015fim \u00e7\u00f6z\u00fcmleri","og_url":"https:\/\/www.kaanugrasiz.com\/tr\/bilgiyi-kendine-saklamak.html","og_site_name":"Pazarlama ve marka ileti\u015fimi blogu - Kaan U\u011fras\u0131z","article_published_time":"2026-02-09T04:00:00+00:00","og_image":[{"width":1280,"height":896,"url":"https:\/\/www.kaanugrasiz.com\/tr\/wp-content\/uploads\/2026\/02\/Bilgiyi-kendine-saklamak.webp","type":"image\/webp"}],"author":"Kaan U\u011fras\u0131z","twitter_card":"summary_large_image","twitter_misc":{"Yazan:":"Kaan U\u011fras\u0131z","Tahmini okuma s\u00fcresi":"6 dakika"},"schema":{"@context":"https:\/\/schema.org","@graph":[{"@type":"Article","@id":"https:\/\/www.kaanugrasiz.com\/tr\/bilgiyi-kendine-saklamak.html#article","isPartOf":{"@id":"https:\/\/www.kaanugrasiz.com\/tr\/bilgiyi-kendine-saklamak.html"},"author":{"name":"Kaan U\u011fras\u0131z","@id":"https:\/\/www.kaanugrasiz.com\/tr\/#\/schema\/person\/c03ebfb2409df5381cad2561495a437e"},"headline":"\u0130\u015f yapmak i\u00e7in gerekli bilgiyi kendine saklamak","datePublished":"2026-02-09T04:00:00+00:00","mainEntityOfPage":{"@id":"https:\/\/www.kaanugrasiz.com\/tr\/bilgiyi-kendine-saklamak.html"},"wordCount":1357,"commentCount":0,"publisher":{"@id":"https:\/\/www.kaanugrasiz.com\/tr\/#\/schema\/person\/c03ebfb2409df5381cad2561495a437e"},"image":{"@id":"https:\/\/www.kaanugrasiz.com\/tr\/bilgiyi-kendine-saklamak.html#primaryimage"},"thumbnailUrl":"https:\/\/www.kaanugrasiz.com\/tr\/wp-content\/uploads\/2026\/02\/Bilgiyi-kendine-saklamak.webp","keywords":["bilgi ak\u0131\u015f\u0131n\u0131n kesilmesi","bilgi saklama k\u00fclt\u00fcr\u00fc","\u00e7al\u0131\u015fan motivasyon kayb\u0131","\u00e7apraz ekip ileti\u015fimi","dedikodu ve s\u00f6ylenti k\u00fclt\u00fcr\u00fc","ekipler aras\u0131 senkronizasyon","geri bildirim k\u00fclt\u00fcr\u00fc","g\u00fcven erozyonu","inisiyatif kayb\u0131","karar s\u00fcre\u00e7lerinde \u015feffafl\u0131k","kontrol alg\u0131s\u0131","kurumsal ileti\u015fim eksikli\u011fi","kurumsal k\u0131r\u0131lganl\u0131k","operasyonel maliyetler","organizasyonel refleks kayb\u0131","rework s\u00fcre\u00e7leri","s\u00fcrd\u00fcr\u00fclebilir kurumsal yap\u0131","yetenek tutma maliyeti","y\u00f6netici perspektifi","y\u00f6netici sessizli\u011fi"],"articleSection":["\u0130leti\u015fim","\u0130\u015f hayat\u0131"],"inLanguage":"tr","potentialAction":[{"@type":"CommentAction","name":"Comment","target":["https:\/\/www.kaanugrasiz.com\/tr\/bilgiyi-kendine-saklamak.html#respond"]}]},{"@type":"WebPage","@id":"https:\/\/www.kaanugrasiz.com\/tr\/bilgiyi-kendine-saklamak.html","url":"https:\/\/www.kaanugrasiz.com\/tr\/bilgiyi-kendine-saklamak.html","name":"\u0130\u015f yapmak i\u00e7in gerekli bilgiyi kendine saklamak","isPartOf":{"@id":"https:\/\/www.kaanugrasiz.com\/tr\/#website"},"primaryImageOfPage":{"@id":"https:\/\/www.kaanugrasiz.com\/tr\/bilgiyi-kendine-saklamak.html#primaryimage"},"image":{"@id":"https:\/\/www.kaanugrasiz.com\/tr\/bilgiyi-kendine-saklamak.html#primaryimage"},"thumbnailUrl":"https:\/\/www.kaanugrasiz.com\/tr\/wp-content\/uploads\/2026\/02\/Bilgiyi-kendine-saklamak.webp","datePublished":"2026-02-09T04:00:00+00:00","description":"\u0130\u015fyerlerinde bilgi saklaman\u0131n etkileri; ger\u00e7ek hayattan \u00f6rnekler, y\u00f6netici perspektifi ve uygulanabilir ileti\u015fim \u00e7\u00f6z\u00fcmleri","breadcrumb":{"@id":"https:\/\/www.kaanugrasiz.com\/tr\/bilgiyi-kendine-saklamak.html#breadcrumb"},"inLanguage":"tr","potentialAction":[{"@type":"ReadAction","target":["https:\/\/www.kaanugrasiz.com\/tr\/bilgiyi-kendine-saklamak.html"]}]},{"@type":"ImageObject","inLanguage":"tr","@id":"https:\/\/www.kaanugrasiz.com\/tr\/bilgiyi-kendine-saklamak.html#primaryimage","url":"https:\/\/www.kaanugrasiz.com\/tr\/wp-content\/uploads\/2026\/02\/Bilgiyi-kendine-saklamak.webp","contentUrl":"https:\/\/www.kaanugrasiz.com\/tr\/wp-content\/uploads\/2026\/02\/Bilgiyi-kendine-saklamak.webp","width":1280,"height":896},{"@type":"BreadcrumbList","@id":"https:\/\/www.kaanugrasiz.com\/tr\/bilgiyi-kendine-saklamak.html#breadcrumb","itemListElement":[{"@type":"ListItem","position":1,"name":"Anasayfa","item":"https:\/\/www.kaanugrasiz.com\/tr\/"},{"@type":"ListItem","position":2,"name":"\u0130\u015f yapmak i\u00e7in gerekli bilgiyi kendine saklamak"}]},{"@type":"WebSite","@id":"https:\/\/www.kaanugrasiz.com\/tr\/#website","url":"https:\/\/www.kaanugrasiz.com\/tr\/","name":"Brand Monday TR","description":"","publisher":{"@id":"https:\/\/www.kaanugrasiz.com\/tr\/#\/schema\/person\/c03ebfb2409df5381cad2561495a437e"},"potentialAction":[{"@type":"SearchAction","target":{"@type":"EntryPoint","urlTemplate":"https:\/\/www.kaanugrasiz.com\/tr\/?s={search_term_string}"},"query-input":{"@type":"PropertyValueSpecification","valueRequired":true,"valueName":"search_term_string"}}],"inLanguage":"tr"},{"@type":["Person","Organization"],"@id":"https:\/\/www.kaanugrasiz.com\/tr\/#\/schema\/person\/c03ebfb2409df5381cad2561495a437e","name":"Kaan U\u011fras\u0131z","image":{"@type":"ImageObject","inLanguage":"tr","@id":"https:\/\/www.kaanugrasiz.com\/tr\/wp-content\/uploads\/2026\/02\/cropped-cropped-kaanugrasiz-logo-gold.webp","url":"https:\/\/www.kaanugrasiz.com\/tr\/wp-content\/uploads\/2026\/02\/cropped-cropped-kaanugrasiz-logo-gold.webp","contentUrl":"https:\/\/www.kaanugrasiz.com\/tr\/wp-content\/uploads\/2026\/02\/cropped-cropped-kaanugrasiz-logo-gold.webp","width":512,"height":512,"caption":"Kaan U\u011fras\u0131z"},"logo":{"@id":"https:\/\/www.kaanugrasiz.com\/tr\/wp-content\/uploads\/2026\/02\/cropped-cropped-kaanugrasiz-logo-gold.webp"},"description":"Yakla\u015f\u0131k 20 y\u0131ll\u0131k deneyime sahip bir pazarlama ileti\u015fimi profesyoneliyim ve \u00e7e\u015fitli formatlarda nitelikli, anlaml\u0131 ve etkili i\u00e7erikler \u00fcretip yay\u0131nlamaya odaklan\u0131yorum. Bir bireyin veya kurulu\u015fun \u00e7evresiyle uyumlu, d\u00fczenli ve anla\u015f\u0131l\u0131r bir ileti\u015fim kurmas\u0131, mevcut ili\u015fkileri g\u00fc\u00e7lendirmesi ve yeni ili\u015fkiler kurmas\u0131 i\u00e7in gereken t\u00fcm ara\u00e7lar\u0131 s\u0131f\u0131rdan geli\u015ftirebilir ve bu ama\u00e7la yol g\u00f6sterici haritalar olu\u015fturabilirim.","sameAs":["https:\/\/www.kaanugrasiz.com\/tr","https:\/\/instagram.com\/kaanugrasiz","https:\/\/linkedin.com\/in\/kaanugrasiz"],"url":"https:\/\/www.kaanugrasiz.com\/tr\/author\/travego"}]}},"uagb_featured_image_src":{"full":["https:\/\/www.kaanugrasiz.com\/tr\/wp-content\/uploads\/2026\/02\/Bilgiyi-kendine-saklamak.webp",1280,896,false],"thumbnail":["https:\/\/www.kaanugrasiz.com\/tr\/wp-content\/uploads\/2026\/02\/Bilgiyi-kendine-saklamak-150x150.webp",150,150,true],"medium":["https:\/\/www.kaanugrasiz.com\/tr\/wp-content\/uploads\/2026\/02\/Bilgiyi-kendine-saklamak-300x210.webp",300,210,true],"medium_large":["https:\/\/www.kaanugrasiz.com\/tr\/wp-content\/uploads\/2026\/02\/Bilgiyi-kendine-saklamak-768x538.webp",768,538,true],"large":["https:\/\/www.kaanugrasiz.com\/tr\/wp-content\/uploads\/2026\/02\/Bilgiyi-kendine-saklamak-1024x717.webp",1024,717,true],"1536x1536":["https:\/\/www.kaanugrasiz.com\/tr\/wp-content\/uploads\/2026\/02\/Bilgiyi-kendine-saklamak.webp",1280,896,false],"2048x2048":["https:\/\/www.kaanugrasiz.com\/tr\/wp-content\/uploads\/2026\/02\/Bilgiyi-kendine-saklamak.webp",1280,896,false],"web-stories-poster-portrait":["https:\/\/www.kaanugrasiz.com\/tr\/wp-content\/uploads\/2026\/02\/Bilgiyi-kendine-saklamak.webp",640,448,false],"web-stories-publisher-logo":["https:\/\/www.kaanugrasiz.com\/tr\/wp-content\/uploads\/2026\/02\/Bilgiyi-kendine-saklamak.webp",96,67,false],"web-stories-thumbnail":["https:\/\/www.kaanugrasiz.com\/tr\/wp-content\/uploads\/2026\/02\/Bilgiyi-kendine-saklamak.webp",150,105,false]},"uagb_author_info":{"display_name":"Kaan U\u011fras\u0131z","author_link":"https:\/\/www.kaanugrasiz.com\/tr\/author\/travego"},"uagb_comment_info":0,"uagb_excerpt":"G\u00fcn\u00fcm\u00fcz i\u015f ya\u015fam\u0131nda s\u0131kl\u0131kla kar\u015f\u0131la\u015ft\u0131\u011f\u0131m\u0131z bir durum var: Bilgiyi kendine saklamak. Birbirine ba\u011fl\u0131 pozisyonlarda \u00e7al\u0131\u015fan insanlar, i\u015fle ilgili s\u00fcre\u00e7lerden ve i\u015flerin yap\u0131l\u0131\u015f bi\u00e7imini etkileyecek olan de\u011fi\u015fimleri zaman\u0131nda haber alam\u0131yor, i\u015fleyi\u015fle ilgili de\u011fi\u015fiklikler onlara olmas\u0131 gerekti\u011fi zamanda aktar\u0131lm\u0131yor. Y\u00f6netici perspektifinden bakt\u0131\u011f\u0131m\u0131zda bu konu bazen gereksiz bir pani\u011fi \u00f6nlemek gibi iyi niyetli g\u00f6r\u00fcnen bir nedenle yap\u0131l\u0131yor, bazen...","_links":{"self":[{"href":"https:\/\/www.kaanugrasiz.com\/tr\/wp-json\/wp\/v2\/posts\/2699","targetHints":{"allow":["GET"]}}],"collection":[{"href":"https:\/\/www.kaanugrasiz.com\/tr\/wp-json\/wp\/v2\/posts"}],"about":[{"href":"https:\/\/www.kaanugrasiz.com\/tr\/wp-json\/wp\/v2\/types\/post"}],"author":[{"embeddable":true,"href":"https:\/\/www.kaanugrasiz.com\/tr\/wp-json\/wp\/v2\/users\/1"}],"replies":[{"embeddable":true,"href":"https:\/\/www.kaanugrasiz.com\/tr\/wp-json\/wp\/v2\/comments?post=2699"}],"version-history":[{"count":5,"href":"https:\/\/www.kaanugrasiz.com\/tr\/wp-json\/wp\/v2\/posts\/2699\/revisions"}],"predecessor-version":[{"id":2707,"href":"https:\/\/www.kaanugrasiz.com\/tr\/wp-json\/wp\/v2\/posts\/2699\/revisions\/2707"}],"wp:featuredmedia":[{"embeddable":true,"href":"https:\/\/www.kaanugrasiz.com\/tr\/wp-json\/wp\/v2\/media\/2702"}],"wp:attachment":[{"href":"https:\/\/www.kaanugrasiz.com\/tr\/wp-json\/wp\/v2\/media?parent=2699"}],"wp:term":[{"taxonomy":"category","embeddable":true,"href":"https:\/\/www.kaanugrasiz.com\/tr\/wp-json\/wp\/v2\/categories?post=2699"},{"taxonomy":"post_tag","embeddable":true,"href":"https:\/\/www.kaanugrasiz.com\/tr\/wp-json\/wp\/v2\/tags?post=2699"}],"curies":[{"name":"wp","href":"https:\/\/api.w.org\/{rel}","templated":true}]}}