{"id":1812,"date":"2025-12-03T07:00:00","date_gmt":"2025-12-03T04:00:00","guid":{"rendered":"https:\/\/www.kaanugrasiz.com\/tr\/?p=1812"},"modified":"2025-11-20T16:39:12","modified_gmt":"2025-11-20T13:39:12","slug":"guvenmenin-ekonomik-boyutu","status":"publish","type":"post","link":"https:\/\/www.kaanugrasiz.com\/tr\/guvenmenin-ekonomik-boyutu.html","title":{"rendered":"G\u00fcvenmenin ekonomik boyutu"},"content":{"rendered":"\n<p>Ekonomideki <strong>bilgi asimetrisi<\/strong> kavram\u0131, en az iki ki\u015fiden olu\u015fan bir grupta, bir taraf\u0131n di\u011ferlerinden daha fazla bilgiye sahip oldu\u011fu durumlar\u0131 anlat\u0131r. Elinde tuttu\u011fun telefon \u00fczerinden bir \u00f6rnek vermek isterim.<\/p>\n\n\n\n<p>Cihaz\u0131n \u00fcreticisi olan marka \u00fcr\u00fcn\u00fcn ne kadar kaliteli oldu\u011funu biliyor fakat t\u00fcketici olarak sen bu konu hakk\u0131nda yeteri kadar bilgi sahibi de\u011filsin. G\u00fcven bu a\u015famada devreye girer ve t\u00fcketici olarak sen, sende olmayan eksik bilgiyi markaya duydu\u011fun g\u00fcvenle tamamlars\u0131n, bu karar da <em>marka do\u011fruyu s\u00f6yler<\/em>e gider.<\/p>\n\n\n\n<p>Kar\u015f\u0131 tarafta kim olursa olsun, <strong>g\u00fcven kendi kendine olu\u015fmaz<\/strong>. Marka taraf\u0131ndan bakt\u0131\u011f\u0131m\u0131zda g\u00fcven olu\u015fturmak ve g\u00fcveni devaml\u0131 k\u0131lmak i\u00e7in;<\/p>\n\n\n\n<ul class=\"wp-block-list\">\n<li>reklam yapmak<\/li>\n\n\n\n<li>\u00fcr\u00fcnle ilgili garanti sunmak<\/li>\n\n\n\n<li>m\u00fc\u015fteri hizmetleri deneyimini iyile\u015ftirmek<\/li>\n\n\n\n<li>\u00fcr\u00fcn\u00fcn kendisinin ve \u00fcretim hatt\u0131n\u0131n kalitesini sertifikalar ve belgeleriyle desteklemek<\/li>\n<\/ul>\n\n\n\n<p>gibi \u00e7abalar \u00f6rnek olarak verilebilir.<\/p>\n\n\n\n<p>\u00d6rneklerden de anla\u015f\u0131laca\u011f\u0131 \u00fczere <strong>markalar i\u00e7in t\u00fcketici g\u00fcveni yaln\u0131zca maneviyattan fazlas\u0131d\u0131r<\/strong>; ayn\u0131 zamanda<strong> devaml\u0131l\u0131\u011f\u0131 sa\u011flamak i\u00e7in<\/strong> \u00fczerinde detayl\u0131 \u015fekilde d\u00fc\u015f\u00fcnmeleri gereken bir yat\u0131r\u0131m kalemidir.<\/p>\n\n\n\n<p>Bir markan\u0131n <strong>t\u00fcketicilerin g\u00f6z\u00fcnde g\u00fcven kazanmak i\u00e7in harcayaca\u011f\u0131 para<\/strong> milyonlarla ifade edilebilir; \u00e7\u00fcnk\u00fc marka y\u00f6neticilerinin \u00e7ok iyi bildi\u011fi bir \u015fey var; <strong>markaya bir kez g\u00fcvenen t\u00fcketici markaya yeniden gelir.<\/strong><\/p>\n\n\n\n<p>K\u0131saca \u00f6zetlemek gerekirse <strong>g\u00fcven, ekonomi i\u00e7inde g\u00f6r\u00fcnmez fakat \u00e7ok de\u011ferli bir g\u00fc\u00e7t\u00fcr, markalar\u0131n \u00f6dedi\u011fi g\u00fcven vergisinin amac\u0131 da bu g\u00fcc\u00fc korumakt\u0131r<\/strong>.<\/p>\n\n\n\n<p>Basit ve kar\u015f\u0131la\u015ft\u0131mal\u0131 \u00f6rnekler vermek isterim.<\/p>\n\n\n\n<p>Teknoloji d\u00fcnyas\u0131ndaki Apple, uzun y\u0131llard\u0131r yat\u0131r\u0131m yapt\u0131\u011f\u0131 tutarl\u0131 \u00fcr\u00fcn deneyimi sayesinde insanlarda <strong>y\u00fcksek fiyatlara ra\u011fmen g\u00fcvenli \u00fcr\u00fcn<\/strong> izlenimini olu\u015fturmay\u0131 ba\u015fard\u0131. Buna kar\u015f\u0131l\u0131k ayn\u0131 kategoride \u00fcr\u00fcn \u00e7\u0131karan baz\u0131 rakip markalar\u0131n g\u00fcvenlik g\u00fcncellemelerini ve sat\u0131\u015f sonras\u0131 servis hizmetini kesmeleri, isimlerinin gizlilik ihlalleriyle an\u0131lmas\u0131 onlara duyulan g\u00fcveni zedeledi, hatta tamamen bitirdi.<\/p>\n\n\n\n<p><strong>G\u00fcvenilir, sa\u011flam ve kaliteli otomobil motoru<\/strong> dendi\u011finde akla ilk gelen markalardan birisi Toyota. <strong>Uzun \u00f6m\u00fcrl\u00fc motorlar\u0131 ve d\u00fc\u015f\u00fck ar\u0131za oran\u0131<\/strong>yla \u00e7o\u011fu insan\u0131n g\u00fcven vergisini hak eden bir marka iken baz\u0131 rakiplerin ad\u0131n\u0131n kar\u0131\u015ft\u0131\u011f\u0131 ve emisyonla ilgili yanl\u0131\u015f verilerin sunuldu\u011funun tespit edildi\u011fi skandallar da yanl\u0131\u015f ki\u015fiye g\u00fcvenmi\u015f olma halinin ger\u00e7ek bir \u00f6rne\u011fi.<\/p>\n\n\n\n<p>Bir ba\u015fka ve son \u00f6rnek de bankac\u0131l\u0131ktan. \u00d6zellikle dijital bankalar\u0131n s\u00fcrd\u00fcrd\u00fc\u011f\u00fc <strong>\u015feffaf \u00fccret politikalar\u0131 ve i\u015flemler i\u00e7in h\u0131zl\u0131 \u00e7\u00f6z\u00fcm \u00fcretmeleri bankaya ve bankac\u0131l\u0131k sistemine olan g\u00fcveni artt\u0131r\u0131rken<\/strong> baz\u0131 bankalar\u0131n geleneksel olarak s\u00fcrd\u00fcrd\u00fc\u011f\u00fc gizli i\u015flem ve i\u015fletim \u00fccretleri ve beklenmedik anlarda ortaya \u00e7\u0131kan komisyon talepleri de g\u00fcven kaybettiren unsurlar.<\/p>\n\n\n\n\n\n<div class=\"wp-block-group\"><div class=\"wp-block-group__inner-container is-layout-constrained wp-block-group-is-layout-constrained\">\n<p><strong>Referanslar ve ileri okumalar<\/strong><\/p>\n\n\n\n<ul class=\"wp-block-list\">\n<li><a href=\"https:\/\/hbr.org\/2025\/11\/if-trust-is-so-important-why-arent-we-measuring-it\">If trust is so important, why aren\u2019t we measuring it?<\/a><\/li>\n\n\n\n<li><a href=\"https:\/\/remote.com\/blog\/taxes\/where-remote-workers-pay-taxes\" target=\"_blank\" rel=\"noreferrer noopener\">Where do remote workers pay taxes?<\/a><\/li>\n\n\n\n<li><a href=\"https:\/\/www.mckinsey.com\/featured-insights\/mckinsey-on-books\/author-talks-sandra-j-sucher-on-the-power-of-trust\" target=\"_blank\" rel=\"noreferrer noopener\">Author Talks: Sandra J. Sucher on the power of trust<\/a><\/li>\n\n\n\n<li><a href=\"https:\/\/www.linkedin.com\/pulse\/trust-tax-decreasing-hidden-cost-across-entire-employee-matt-baxter-xjpfc\/\" target=\"_blank\" rel=\"noreferrer noopener\">The trust tax: Decreasing the hidden cost across the entire employee lifecycle<\/a><\/li>\n\n\n\n<li><a href=\"https:\/\/www.tandfonline.com\/doi\/full\/10.1080\/20954816.2022.2130501\" target=\"_blank\" rel=\"noreferrer noopener\">Perceptions of trust and power are associated with tax compliance<\/a><\/li>\n<\/ul>\n\n\n\n<p>Ana foto\u011fraf: <a href=\"https:\/\/unsplash.com\/@deefbelgium?utm_source=unsplash&amp;utm_medium=referral&amp;utm_content=creditCopyText\">David Libeert<\/a>, <a href=\"https:\/\/unsplash.com\/photos\/a-close-up-of-a-painting-on-a-wall-3eSO1sNDNfw?utm_source=unsplash&amp;utm_medium=referral&amp;utm_content=creditCopyText\">Unsplash<\/a><\/p>\n\n\n\n<p><strong>Marka ve pazarlama fikri vermek i\u00e7in haz\u0131rlanan, reklam amac\u0131 ta\u015f\u0131mayan bu i\u00e7erik i\u015fbirli\u011fi i\u00e7ermez.<\/strong><\/p>\n<\/div><\/div>\n","protected":false},"excerpt":{"rendered":"<p>Ekonomideki bilgi asimetrisi kavram\u0131, en az iki ki\u015fiden olu\u015fan bir grupta, bir taraf\u0131n di\u011ferlerinden daha fazla bilgiye sahip oldu\u011fu durumlar\u0131 anlat\u0131r. Elinde tuttu\u011fun telefon \u00fczerinden bir \u00f6rnek vermek isterim. Cihaz\u0131n \u00fcreticisi olan marka \u00fcr\u00fcn\u00fcn ne kadar kaliteli oldu\u011funu biliyor fakat t\u00fcketici olarak sen bu konu hakk\u0131nda yeteri kadar bilgi sahibi de\u011filsin. G\u00fcven bu a\u015famada devreye&#8230;<\/p>\n","protected":false},"author":1,"featured_media":1839,"comment_status":"open","ping_status":"open","sticky":false,"template":"","format":"standard","meta":{"_coblocks_attr":"","_coblocks_dimensions":"","_coblocks_responsive_height":"","_coblocks_accordion_ie_support":"","_uag_custom_page_level_css":"","_kadence_starter_templates_imported_post":false,"_kad_post_transparent":"","_kad_post_title":"","_kad_post_layout":"","_kad_post_sidebar_id":"","_kad_post_content_style":"","_kad_post_vertical_padding":"","_kad_post_feature":"","_kad_post_feature_position":"","_kad_post_header":false,"_kad_post_footer":false,"footnotes":""},"categories":[474,376],"tags":[160,573,606,599,603,607,601,583,572,571,608,600,29,31,609,604,605,88,82,602],"class_list":["post-1812","post","type-post","status-publish","format-standard","has-post-thumbnail","hentry","category-anlam-uretimi","category-iletisim","tag-apple","tag-bilgi-asimetrisi","tag-dijital-bankacilik","tag-ekonomik-boyut","tag-garanti","tag-gizli-ucretler","tag-gorunmez-guc","tag-guven","tag-guven-kaybi","tag-guven-vergisi","tag-marka-itibari","tag-marka-yatirimi","tag-musteri-deneyimi","tag-reklam","tag-satis-sonrasi-hizmet","tag-sertifikalar","tag-toyota","tag-tuketici-davranisi","tag-tuketici-guveni","tag-urun-kalitesi"],"yoast_head":"<!-- This site is optimized with the Yoast SEO plugin v27.3 - https:\/\/yoast.com\/product\/yoast-seo-wordpress\/ -->\n<title>G\u00fcvenmenin ekonomik boyutu<\/title>\n<meta name=\"description\" content=\"G\u00fcvenmenin ekonomik boyutunda neler var, birine neden ve nas\u0131l g\u00fcveniliriz, g\u00fcvenmeyi sa\u011flayan \u015feyler neler?\" \/>\n<meta name=\"robots\" content=\"index, follow, max-snippet:-1, max-image-preview:large, max-video-preview:-1\" \/>\n<link rel=\"canonical\" href=\"https:\/\/www.kaanugrasiz.com\/tr\/guvenmenin-ekonomik-boyutu.html\" \/>\n<meta property=\"og:locale\" content=\"tr_TR\" \/>\n<meta property=\"og:type\" content=\"article\" \/>\n<meta property=\"og:title\" content=\"G\u00fcvenmenin ekonomik boyutu\" \/>\n<meta property=\"og:description\" content=\"G\u00fcvenmenin ekonomik boyutunda neler var, birine neden ve nas\u0131l g\u00fcveniliriz, g\u00fcvenmeyi sa\u011flayan \u015feyler neler?\" \/>\n<meta property=\"og:url\" content=\"https:\/\/www.kaanugrasiz.com\/tr\/guvenmenin-ekonomik-boyutu.html\" \/>\n<meta property=\"og:site_name\" content=\"Pazarlama ve marka ileti\u015fimi blogu - Kaan U\u011fras\u0131z\" \/>\n<meta property=\"article:published_time\" content=\"2025-12-03T04:00:00+00:00\" \/>\n<meta property=\"og:image\" content=\"https:\/\/www.kaanugrasiz.com\/tr\/wp-content\/uploads\/2025\/12\/02-Guvenmenin-ekonomik-boyutu.webp\" \/>\n\t<meta property=\"og:image:width\" content=\"1920\" \/>\n\t<meta property=\"og:image:height\" content=\"1280\" \/>\n\t<meta property=\"og:image:type\" content=\"image\/webp\" \/>\n<meta name=\"author\" content=\"Kaan U\u011fras\u0131z\" \/>\n<meta name=\"twitter:card\" content=\"summary_large_image\" \/>\n<meta name=\"twitter:label1\" content=\"Yazan:\" \/>\n\t<meta name=\"twitter:data1\" content=\"Kaan U\u011fras\u0131z\" \/>\n\t<meta name=\"twitter:label2\" content=\"Tahmini okuma s\u00fcresi\" \/>\n\t<meta name=\"twitter:data2\" content=\"3 dakika\" \/>\n<script type=\"application\/ld+json\" class=\"yoast-schema-graph\">{\"@context\":\"https:\\\/\\\/schema.org\",\"@graph\":[{\"@type\":\"Article\",\"@id\":\"https:\\\/\\\/www.kaanugrasiz.com\\\/tr\\\/guvenmenin-ekonomik-boyutu.html#article\",\"isPartOf\":{\"@id\":\"https:\\\/\\\/www.kaanugrasiz.com\\\/tr\\\/guvenmenin-ekonomik-boyutu.html\"},\"author\":{\"name\":\"Kaan U\u011fras\u0131z\",\"@id\":\"https:\\\/\\\/www.kaanugrasiz.com\\\/tr\\\/#\\\/schema\\\/person\\\/c03ebfb2409df5381cad2561495a437e\"},\"headline\":\"G\u00fcvenmenin ekonomik boyutu\",\"datePublished\":\"2025-12-03T04:00:00+00:00\",\"mainEntityOfPage\":{\"@id\":\"https:\\\/\\\/www.kaanugrasiz.com\\\/tr\\\/guvenmenin-ekonomik-boyutu.html\"},\"wordCount\":575,\"commentCount\":0,\"publisher\":{\"@id\":\"https:\\\/\\\/www.kaanugrasiz.com\\\/tr\\\/#\\\/schema\\\/person\\\/c03ebfb2409df5381cad2561495a437e\"},\"image\":{\"@id\":\"https:\\\/\\\/www.kaanugrasiz.com\\\/tr\\\/guvenmenin-ekonomik-boyutu.html#primaryimage\"},\"thumbnailUrl\":\"https:\\\/\\\/www.kaanugrasiz.com\\\/tr\\\/wp-content\\\/uploads\\\/2025\\\/12\\\/02-Guvenmenin-ekonomik-boyutu.webp\",\"keywords\":[\"apple\",\"bilgi asimetrisi\",\"dijital bankac\u0131l\u0131k\",\"ekonomik boyut\",\"garanti\",\"gizli \u00fccretler\",\"g\u00f6r\u00fcnmez g\u00fc\u00e7\",\"g\u00fcven\",\"g\u00fcven kayb\u0131\",\"g\u00fcven vergisi\",\"marka itibar\u0131\",\"marka yat\u0131r\u0131m\u0131\",\"m\u00fc\u015fteri deneyimi\",\"reklam\",\"sat\u0131\u015f sonras\u0131 hizmet\",\"sertifikalar\",\"Toyota\",\"t\u00fcketici davran\u0131\u015f\u0131\",\"t\u00fcketici g\u00fcveni\",\"\u00fcr\u00fcn kalitesi\"],\"articleSection\":[\"Anlam \u00fcretimi\",\"\u0130leti\u015fim\"],\"inLanguage\":\"tr\",\"potentialAction\":[{\"@type\":\"CommentAction\",\"name\":\"Comment\",\"target\":[\"https:\\\/\\\/www.kaanugrasiz.com\\\/tr\\\/guvenmenin-ekonomik-boyutu.html#respond\"]}]},{\"@type\":\"WebPage\",\"@id\":\"https:\\\/\\\/www.kaanugrasiz.com\\\/tr\\\/guvenmenin-ekonomik-boyutu.html\",\"url\":\"https:\\\/\\\/www.kaanugrasiz.com\\\/tr\\\/guvenmenin-ekonomik-boyutu.html\",\"name\":\"G\u00fcvenmenin ekonomik boyutu\",\"isPartOf\":{\"@id\":\"https:\\\/\\\/www.kaanugrasiz.com\\\/tr\\\/#website\"},\"primaryImageOfPage\":{\"@id\":\"https:\\\/\\\/www.kaanugrasiz.com\\\/tr\\\/guvenmenin-ekonomik-boyutu.html#primaryimage\"},\"image\":{\"@id\":\"https:\\\/\\\/www.kaanugrasiz.com\\\/tr\\\/guvenmenin-ekonomik-boyutu.html#primaryimage\"},\"thumbnailUrl\":\"https:\\\/\\\/www.kaanugrasiz.com\\\/tr\\\/wp-content\\\/uploads\\\/2025\\\/12\\\/02-Guvenmenin-ekonomik-boyutu.webp\",\"datePublished\":\"2025-12-03T04:00:00+00:00\",\"description\":\"G\u00fcvenmenin ekonomik boyutunda neler var, birine neden ve nas\u0131l g\u00fcveniliriz, g\u00fcvenmeyi sa\u011flayan \u015feyler neler?\",\"breadcrumb\":{\"@id\":\"https:\\\/\\\/www.kaanugrasiz.com\\\/tr\\\/guvenmenin-ekonomik-boyutu.html#breadcrumb\"},\"inLanguage\":\"tr\",\"potentialAction\":[{\"@type\":\"ReadAction\",\"target\":[\"https:\\\/\\\/www.kaanugrasiz.com\\\/tr\\\/guvenmenin-ekonomik-boyutu.html\"]}]},{\"@type\":\"ImageObject\",\"inLanguage\":\"tr\",\"@id\":\"https:\\\/\\\/www.kaanugrasiz.com\\\/tr\\\/guvenmenin-ekonomik-boyutu.html#primaryimage\",\"url\":\"https:\\\/\\\/www.kaanugrasiz.com\\\/tr\\\/wp-content\\\/uploads\\\/2025\\\/12\\\/02-Guvenmenin-ekonomik-boyutu.webp\",\"contentUrl\":\"https:\\\/\\\/www.kaanugrasiz.com\\\/tr\\\/wp-content\\\/uploads\\\/2025\\\/12\\\/02-Guvenmenin-ekonomik-boyutu.webp\",\"width\":1920,\"height\":1280},{\"@type\":\"BreadcrumbList\",\"@id\":\"https:\\\/\\\/www.kaanugrasiz.com\\\/tr\\\/guvenmenin-ekonomik-boyutu.html#breadcrumb\",\"itemListElement\":[{\"@type\":\"ListItem\",\"position\":1,\"name\":\"Anasayfa\",\"item\":\"https:\\\/\\\/www.kaanugrasiz.com\\\/tr\\\/\"},{\"@type\":\"ListItem\",\"position\":2,\"name\":\"G\u00fcvenmenin ekonomik boyutu\"}]},{\"@type\":\"WebSite\",\"@id\":\"https:\\\/\\\/www.kaanugrasiz.com\\\/tr\\\/#website\",\"url\":\"https:\\\/\\\/www.kaanugrasiz.com\\\/tr\\\/\",\"name\":\"Brand Monday TR\",\"description\":\"\",\"publisher\":{\"@id\":\"https:\\\/\\\/www.kaanugrasiz.com\\\/tr\\\/#\\\/schema\\\/person\\\/c03ebfb2409df5381cad2561495a437e\"},\"potentialAction\":[{\"@type\":\"SearchAction\",\"target\":{\"@type\":\"EntryPoint\",\"urlTemplate\":\"https:\\\/\\\/www.kaanugrasiz.com\\\/tr\\\/?s={search_term_string}\"},\"query-input\":{\"@type\":\"PropertyValueSpecification\",\"valueRequired\":true,\"valueName\":\"search_term_string\"}}],\"inLanguage\":\"tr\"},{\"@type\":[\"Person\",\"Organization\"],\"@id\":\"https:\\\/\\\/www.kaanugrasiz.com\\\/tr\\\/#\\\/schema\\\/person\\\/c03ebfb2409df5381cad2561495a437e\",\"name\":\"Kaan U\u011fras\u0131z\",\"image\":{\"@type\":\"ImageObject\",\"inLanguage\":\"tr\",\"@id\":\"https:\\\/\\\/www.kaanugrasiz.com\\\/tr\\\/wp-content\\\/uploads\\\/2026\\\/02\\\/cropped-cropped-kaanugrasiz-logo-gold.webp\",\"url\":\"https:\\\/\\\/www.kaanugrasiz.com\\\/tr\\\/wp-content\\\/uploads\\\/2026\\\/02\\\/cropped-cropped-kaanugrasiz-logo-gold.webp\",\"contentUrl\":\"https:\\\/\\\/www.kaanugrasiz.com\\\/tr\\\/wp-content\\\/uploads\\\/2026\\\/02\\\/cropped-cropped-kaanugrasiz-logo-gold.webp\",\"width\":512,\"height\":512,\"caption\":\"Kaan U\u011fras\u0131z\"},\"logo\":{\"@id\":\"https:\\\/\\\/www.kaanugrasiz.com\\\/tr\\\/wp-content\\\/uploads\\\/2026\\\/02\\\/cropped-cropped-kaanugrasiz-logo-gold.webp\"},\"description\":\"Yakla\u015f\u0131k 20 y\u0131ll\u0131k deneyime sahip bir pazarlama ileti\u015fimi profesyoneliyim ve \u00e7e\u015fitli formatlarda nitelikli, anlaml\u0131 ve etkili i\u00e7erikler \u00fcretip yay\u0131nlamaya odaklan\u0131yorum. Bir bireyin veya kurulu\u015fun \u00e7evresiyle uyumlu, d\u00fczenli ve anla\u015f\u0131l\u0131r bir ileti\u015fim kurmas\u0131, mevcut ili\u015fkileri g\u00fc\u00e7lendirmesi ve yeni ili\u015fkiler kurmas\u0131 i\u00e7in gereken t\u00fcm ara\u00e7lar\u0131 s\u0131f\u0131rdan geli\u015ftirebilir ve bu ama\u00e7la yol g\u00f6sterici haritalar olu\u015fturabilirim.\",\"sameAs\":[\"https:\\\/\\\/www.kaanugrasiz.com\\\/tr\",\"https:\\\/\\\/instagram.com\\\/kaanugrasiz\",\"https:\\\/\\\/linkedin.com\\\/in\\\/kaanugrasiz\"],\"url\":\"https:\\\/\\\/www.kaanugrasiz.com\\\/tr\\\/author\\\/travego\"}]}<\/script>\n<!-- \/ Yoast SEO plugin. -->","yoast_head_json":{"title":"G\u00fcvenmenin ekonomik boyutu","description":"G\u00fcvenmenin ekonomik boyutunda neler var, birine neden ve nas\u0131l g\u00fcveniliriz, g\u00fcvenmeyi sa\u011flayan \u015feyler neler?","robots":{"index":"index","follow":"follow","max-snippet":"max-snippet:-1","max-image-preview":"max-image-preview:large","max-video-preview":"max-video-preview:-1"},"canonical":"https:\/\/www.kaanugrasiz.com\/tr\/guvenmenin-ekonomik-boyutu.html","og_locale":"tr_TR","og_type":"article","og_title":"G\u00fcvenmenin ekonomik boyutu","og_description":"G\u00fcvenmenin ekonomik boyutunda neler var, birine neden ve nas\u0131l g\u00fcveniliriz, g\u00fcvenmeyi sa\u011flayan \u015feyler neler?","og_url":"https:\/\/www.kaanugrasiz.com\/tr\/guvenmenin-ekonomik-boyutu.html","og_site_name":"Pazarlama ve marka ileti\u015fimi blogu - Kaan U\u011fras\u0131z","article_published_time":"2025-12-03T04:00:00+00:00","og_image":[{"width":1920,"height":1280,"url":"https:\/\/www.kaanugrasiz.com\/tr\/wp-content\/uploads\/2025\/12\/02-Guvenmenin-ekonomik-boyutu.webp","type":"image\/webp"}],"author":"Kaan U\u011fras\u0131z","twitter_card":"summary_large_image","twitter_misc":{"Yazan:":"Kaan U\u011fras\u0131z","Tahmini okuma s\u00fcresi":"3 dakika"},"schema":{"@context":"https:\/\/schema.org","@graph":[{"@type":"Article","@id":"https:\/\/www.kaanugrasiz.com\/tr\/guvenmenin-ekonomik-boyutu.html#article","isPartOf":{"@id":"https:\/\/www.kaanugrasiz.com\/tr\/guvenmenin-ekonomik-boyutu.html"},"author":{"name":"Kaan U\u011fras\u0131z","@id":"https:\/\/www.kaanugrasiz.com\/tr\/#\/schema\/person\/c03ebfb2409df5381cad2561495a437e"},"headline":"G\u00fcvenmenin ekonomik boyutu","datePublished":"2025-12-03T04:00:00+00:00","mainEntityOfPage":{"@id":"https:\/\/www.kaanugrasiz.com\/tr\/guvenmenin-ekonomik-boyutu.html"},"wordCount":575,"commentCount":0,"publisher":{"@id":"https:\/\/www.kaanugrasiz.com\/tr\/#\/schema\/person\/c03ebfb2409df5381cad2561495a437e"},"image":{"@id":"https:\/\/www.kaanugrasiz.com\/tr\/guvenmenin-ekonomik-boyutu.html#primaryimage"},"thumbnailUrl":"https:\/\/www.kaanugrasiz.com\/tr\/wp-content\/uploads\/2025\/12\/02-Guvenmenin-ekonomik-boyutu.webp","keywords":["apple","bilgi asimetrisi","dijital bankac\u0131l\u0131k","ekonomik boyut","garanti","gizli \u00fccretler","g\u00f6r\u00fcnmez g\u00fc\u00e7","g\u00fcven","g\u00fcven kayb\u0131","g\u00fcven vergisi","marka itibar\u0131","marka yat\u0131r\u0131m\u0131","m\u00fc\u015fteri deneyimi","reklam","sat\u0131\u015f sonras\u0131 hizmet","sertifikalar","Toyota","t\u00fcketici davran\u0131\u015f\u0131","t\u00fcketici g\u00fcveni","\u00fcr\u00fcn kalitesi"],"articleSection":["Anlam \u00fcretimi","\u0130leti\u015fim"],"inLanguage":"tr","potentialAction":[{"@type":"CommentAction","name":"Comment","target":["https:\/\/www.kaanugrasiz.com\/tr\/guvenmenin-ekonomik-boyutu.html#respond"]}]},{"@type":"WebPage","@id":"https:\/\/www.kaanugrasiz.com\/tr\/guvenmenin-ekonomik-boyutu.html","url":"https:\/\/www.kaanugrasiz.com\/tr\/guvenmenin-ekonomik-boyutu.html","name":"G\u00fcvenmenin ekonomik boyutu","isPartOf":{"@id":"https:\/\/www.kaanugrasiz.com\/tr\/#website"},"primaryImageOfPage":{"@id":"https:\/\/www.kaanugrasiz.com\/tr\/guvenmenin-ekonomik-boyutu.html#primaryimage"},"image":{"@id":"https:\/\/www.kaanugrasiz.com\/tr\/guvenmenin-ekonomik-boyutu.html#primaryimage"},"thumbnailUrl":"https:\/\/www.kaanugrasiz.com\/tr\/wp-content\/uploads\/2025\/12\/02-Guvenmenin-ekonomik-boyutu.webp","datePublished":"2025-12-03T04:00:00+00:00","description":"G\u00fcvenmenin ekonomik boyutunda neler var, birine neden ve nas\u0131l g\u00fcveniliriz, g\u00fcvenmeyi sa\u011flayan \u015feyler neler?","breadcrumb":{"@id":"https:\/\/www.kaanugrasiz.com\/tr\/guvenmenin-ekonomik-boyutu.html#breadcrumb"},"inLanguage":"tr","potentialAction":[{"@type":"ReadAction","target":["https:\/\/www.kaanugrasiz.com\/tr\/guvenmenin-ekonomik-boyutu.html"]}]},{"@type":"ImageObject","inLanguage":"tr","@id":"https:\/\/www.kaanugrasiz.com\/tr\/guvenmenin-ekonomik-boyutu.html#primaryimage","url":"https:\/\/www.kaanugrasiz.com\/tr\/wp-content\/uploads\/2025\/12\/02-Guvenmenin-ekonomik-boyutu.webp","contentUrl":"https:\/\/www.kaanugrasiz.com\/tr\/wp-content\/uploads\/2025\/12\/02-Guvenmenin-ekonomik-boyutu.webp","width":1920,"height":1280},{"@type":"BreadcrumbList","@id":"https:\/\/www.kaanugrasiz.com\/tr\/guvenmenin-ekonomik-boyutu.html#breadcrumb","itemListElement":[{"@type":"ListItem","position":1,"name":"Anasayfa","item":"https:\/\/www.kaanugrasiz.com\/tr\/"},{"@type":"ListItem","position":2,"name":"G\u00fcvenmenin ekonomik boyutu"}]},{"@type":"WebSite","@id":"https:\/\/www.kaanugrasiz.com\/tr\/#website","url":"https:\/\/www.kaanugrasiz.com\/tr\/","name":"Brand Monday TR","description":"","publisher":{"@id":"https:\/\/www.kaanugrasiz.com\/tr\/#\/schema\/person\/c03ebfb2409df5381cad2561495a437e"},"potentialAction":[{"@type":"SearchAction","target":{"@type":"EntryPoint","urlTemplate":"https:\/\/www.kaanugrasiz.com\/tr\/?s={search_term_string}"},"query-input":{"@type":"PropertyValueSpecification","valueRequired":true,"valueName":"search_term_string"}}],"inLanguage":"tr"},{"@type":["Person","Organization"],"@id":"https:\/\/www.kaanugrasiz.com\/tr\/#\/schema\/person\/c03ebfb2409df5381cad2561495a437e","name":"Kaan U\u011fras\u0131z","image":{"@type":"ImageObject","inLanguage":"tr","@id":"https:\/\/www.kaanugrasiz.com\/tr\/wp-content\/uploads\/2026\/02\/cropped-cropped-kaanugrasiz-logo-gold.webp","url":"https:\/\/www.kaanugrasiz.com\/tr\/wp-content\/uploads\/2026\/02\/cropped-cropped-kaanugrasiz-logo-gold.webp","contentUrl":"https:\/\/www.kaanugrasiz.com\/tr\/wp-content\/uploads\/2026\/02\/cropped-cropped-kaanugrasiz-logo-gold.webp","width":512,"height":512,"caption":"Kaan U\u011fras\u0131z"},"logo":{"@id":"https:\/\/www.kaanugrasiz.com\/tr\/wp-content\/uploads\/2026\/02\/cropped-cropped-kaanugrasiz-logo-gold.webp"},"description":"Yakla\u015f\u0131k 20 y\u0131ll\u0131k deneyime sahip bir pazarlama ileti\u015fimi profesyoneliyim ve \u00e7e\u015fitli formatlarda nitelikli, anlaml\u0131 ve etkili i\u00e7erikler \u00fcretip yay\u0131nlamaya odaklan\u0131yorum. Bir bireyin veya kurulu\u015fun \u00e7evresiyle uyumlu, d\u00fczenli ve anla\u015f\u0131l\u0131r bir ileti\u015fim kurmas\u0131, mevcut ili\u015fkileri g\u00fc\u00e7lendirmesi ve yeni ili\u015fkiler kurmas\u0131 i\u00e7in gereken t\u00fcm ara\u00e7lar\u0131 s\u0131f\u0131rdan geli\u015ftirebilir ve bu ama\u00e7la yol g\u00f6sterici haritalar olu\u015fturabilirim.","sameAs":["https:\/\/www.kaanugrasiz.com\/tr","https:\/\/instagram.com\/kaanugrasiz","https:\/\/linkedin.com\/in\/kaanugrasiz"],"url":"https:\/\/www.kaanugrasiz.com\/tr\/author\/travego"}]}},"uagb_featured_image_src":{"full":["https:\/\/www.kaanugrasiz.com\/tr\/wp-content\/uploads\/2025\/12\/02-Guvenmenin-ekonomik-boyutu.webp",1920,1280,false],"thumbnail":["https:\/\/www.kaanugrasiz.com\/tr\/wp-content\/uploads\/2025\/12\/02-Guvenmenin-ekonomik-boyutu-150x150.webp",150,150,true],"medium":["https:\/\/www.kaanugrasiz.com\/tr\/wp-content\/uploads\/2025\/12\/02-Guvenmenin-ekonomik-boyutu-300x200.webp",300,200,true],"medium_large":["https:\/\/www.kaanugrasiz.com\/tr\/wp-content\/uploads\/2025\/12\/02-Guvenmenin-ekonomik-boyutu-768x512.webp",768,512,true],"large":["https:\/\/www.kaanugrasiz.com\/tr\/wp-content\/uploads\/2025\/12\/02-Guvenmenin-ekonomik-boyutu-1024x683.webp",1024,683,true],"1536x1536":["https:\/\/www.kaanugrasiz.com\/tr\/wp-content\/uploads\/2025\/12\/02-Guvenmenin-ekonomik-boyutu-1536x1024.webp",1536,1024,true],"2048x2048":["https:\/\/www.kaanugrasiz.com\/tr\/wp-content\/uploads\/2025\/12\/02-Guvenmenin-ekonomik-boyutu.webp",1920,1280,false],"web-stories-poster-portrait":["https:\/\/www.kaanugrasiz.com\/tr\/wp-content\/uploads\/2025\/12\/02-Guvenmenin-ekonomik-boyutu.webp",640,427,false],"web-stories-publisher-logo":["https:\/\/www.kaanugrasiz.com\/tr\/wp-content\/uploads\/2025\/12\/02-Guvenmenin-ekonomik-boyutu.webp",96,64,false],"web-stories-thumbnail":["https:\/\/www.kaanugrasiz.com\/tr\/wp-content\/uploads\/2025\/12\/02-Guvenmenin-ekonomik-boyutu.webp",150,100,false]},"uagb_author_info":{"display_name":"Kaan U\u011fras\u0131z","author_link":"https:\/\/www.kaanugrasiz.com\/tr\/author\/travego"},"uagb_comment_info":0,"uagb_excerpt":"Ekonomideki bilgi asimetrisi kavram\u0131, en az iki ki\u015fiden olu\u015fan bir grupta, bir taraf\u0131n di\u011ferlerinden daha fazla bilgiye sahip oldu\u011fu durumlar\u0131 anlat\u0131r. Elinde tuttu\u011fun telefon \u00fczerinden bir \u00f6rnek vermek isterim. Cihaz\u0131n \u00fcreticisi olan marka \u00fcr\u00fcn\u00fcn ne kadar kaliteli oldu\u011funu biliyor fakat t\u00fcketici olarak sen bu konu hakk\u0131nda yeteri kadar bilgi sahibi de\u011filsin. G\u00fcven bu a\u015famada devreye...","_links":{"self":[{"href":"https:\/\/www.kaanugrasiz.com\/tr\/wp-json\/wp\/v2\/posts\/1812","targetHints":{"allow":["GET"]}}],"collection":[{"href":"https:\/\/www.kaanugrasiz.com\/tr\/wp-json\/wp\/v2\/posts"}],"about":[{"href":"https:\/\/www.kaanugrasiz.com\/tr\/wp-json\/wp\/v2\/types\/post"}],"author":[{"embeddable":true,"href":"https:\/\/www.kaanugrasiz.com\/tr\/wp-json\/wp\/v2\/users\/1"}],"replies":[{"embeddable":true,"href":"https:\/\/www.kaanugrasiz.com\/tr\/wp-json\/wp\/v2\/comments?post=1812"}],"version-history":[{"count":5,"href":"https:\/\/www.kaanugrasiz.com\/tr\/wp-json\/wp\/v2\/posts\/1812\/revisions"}],"predecessor-version":[{"id":2210,"href":"https:\/\/www.kaanugrasiz.com\/tr\/wp-json\/wp\/v2\/posts\/1812\/revisions\/2210"}],"wp:featuredmedia":[{"embeddable":true,"href":"https:\/\/www.kaanugrasiz.com\/tr\/wp-json\/wp\/v2\/media\/1839"}],"wp:attachment":[{"href":"https:\/\/www.kaanugrasiz.com\/tr\/wp-json\/wp\/v2\/media?parent=1812"}],"wp:term":[{"taxonomy":"category","embeddable":true,"href":"https:\/\/www.kaanugrasiz.com\/tr\/wp-json\/wp\/v2\/categories?post=1812"},{"taxonomy":"post_tag","embeddable":true,"href":"https:\/\/www.kaanugrasiz.com\/tr\/wp-json\/wp\/v2\/tags?post=1812"}],"curies":[{"name":"wp","href":"https:\/\/api.w.org\/{rel}","templated":true}]}}