{"id":1737,"date":"2025-11-17T07:00:00","date_gmt":"2025-11-17T04:00:00","guid":{"rendered":"https:\/\/www.kaanugrasiz.com\/tr\/?p=1737"},"modified":"2026-01-28T22:09:58","modified_gmt":"2026-01-28T19:09:58","slug":"daha-az-kamera-daha-cok-teknoloji","status":"publish","type":"post","link":"https:\/\/www.kaanugrasiz.com\/tr\/daha-az-kamera-daha-cok-teknoloji.html","title":{"rendered":"Cep telefonlar\u0131n\u0131n yeni \u00e7a\u011f\u0131: Daha az kamera daha \u00e7ok teknoloji"},"content":{"rendered":"\n<p>Apple\u2019\u0131n iPhone 7 modelinin Plus olarak adland\u0131r\u0131lan b\u00fcy\u00fck boyunda iki kameraya yer verece\u011fi piyasaya s\u0131zmas\u0131 ayn\u0131 zamanda yeni bir devrin de habercisiydi. Cep telefonlar\u0131na kameran\u0131n gelmesinden sonra insanlarda b\u00f6ylesine heyecan uyand\u0131ran ilk \u015fey belki de bu oldu; \u00e7ift kameral\u0131 telefonlar.<\/p>\n\n\n\n<p>Bu kamera yerle\u015fim d\u00fczeni benzer ya da de\u011fi\u015ftirilmi\u015f formlar\u0131yla <strong><a href=\"https:\/\/www.kaanugrasiz.com\/tr\/category\/markalar\/apple\">Apple<\/a><\/strong>\u2019dan sonra ba\u015fta ayn\u0131 sekt\u00f6rdeki en b\u00fcy\u00fck rakibi olan <strong><a href=\"https:\/\/www.kaanugrasiz.com\/tr\/category\/markalar\/samsung\">Samsung<\/a><\/strong> olmak \u00fczere pek \u00e7ok \u00fcretici taraf\u0131ndan benimsendi ve niceli\u011finin yan\u0131nda sundu\u011fu niteli\u011fin pek \u00f6nemi olmadan <em>\u00e7ift kameral\u0131 telefon<\/em> c\u00fcmlesi, bir\u00e7ok mobil teknoloji \u00fcreticisinin pazarlama ileti\u015fimi kampanyas\u0131nda kendine yer buldu.<\/p>\n\n\n<style>.kb-table-of-content-nav.kb-table-of-content-id1737_ba6ab7-8c .kb-table-of-content-wrap{padding-top:var(--global-kb-spacing-sm, 1.5rem);padding-right:var(--global-kb-spacing-sm, 1.5rem);padding-bottom:var(--global-kb-spacing-sm, 1.5rem);padding-left:var(--global-kb-spacing-sm, 1.5rem);}.kb-table-of-content-nav.kb-table-of-content-id1737_ba6ab7-8c .kb-table-of-contents-title-wrap{padding-top:0px;padding-right:0px;padding-bottom:0px;padding-left:0px;}.kb-table-of-content-nav.kb-table-of-content-id1737_ba6ab7-8c .kb-table-of-contents-title{font-weight:regular;font-style:normal;}.kb-table-of-content-nav.kb-table-of-content-id1737_ba6ab7-8c .kb-table-of-content-wrap .kb-table-of-content-list{font-weight:regular;font-style:normal;margin-top:var(--global-kb-spacing-sm, 1.5rem);margin-right:0px;margin-bottom:0px;margin-left:0px;}<\/style>\n\n\n<p>Konu tabii ki iki kamerayla s\u0131n\u0131rl\u0131 kalmad\u0131; <em>vizyoner (?) ve daha fazla i\u015flev (?) sunmaya niyetli olan markalar<\/em> sonucun ne oldu\u011funu pek \u00f6nemsemeden \u00fcrettikleri telefonlara bir kamera daha ekledi, bir kamera daha ekledi. Hatta <a href=\"https:\/\/www.kaanugrasiz.com\/tr\/category\/markalar\/nokia\">Nokia<\/a>\u2019n\u0131n 9 modelinde oldu\u011fu gibi be\u015f farkl\u0131 kameran\u0131n bir telefona yerle\u015ftirildi\u011fi bile oldu. <em>Nokia\u2019n\u0131n bahsi ge\u00e7en bu modelinin ayr\u0131ca triptofobimi tetikledi\u011fini s\u00f6ylemeden ge\u00e7emeyece\u011fim.<\/em><\/p>\n\n\n\n<p><strong>Ak\u0131ll\u0131 telefon \u00fcreticilerinin \u00f6nem verdi\u011fi ve her yeni seride geli\u015ftirmek i\u00e7in \u00e7aba sarf etti\u011fi konular\u0131n ba\u015f\u0131nda kameralar geliyor.<\/strong> Baz\u0131lar\u0131 ger\u00e7ekten iyi donan\u0131mla bu i\u015fi hallederken baz\u0131lar\u0131 yaz\u0131l\u0131m\u0131 ve art\u0131k yapay zekay\u0131 da i\u015fin i\u00e7ine katarak ilerlemeyi se\u00e7iyor.<\/p>\n\n\n\n<p>Fakat 2024 y\u0131l\u0131nda lansman\u0131 yap\u0131lan Apple\u2019\u0131n yeni <strong>16e<\/strong>\u2019sinin ard\u0131ndan \u00e7\u0131kan <strong>iPhone Air<\/strong> modeli, telefonlar\u0131n arka k\u0131sm\u0131nda b\u00fcy\u00fck bir alan\u0131 i\u015fgal eden kamera mod\u00fcllerinin k\u00fc\u00e7\u00fclmeye ba\u015flad\u0131\u011f\u0131na i\u015faret ediyor. Bu iki modelde yaln\u0131zca birer kamera bulunuyor.<\/p>\n\n\n\n<p>Telefonlar\u0131n kameralar\u0131n azalmas\u0131 yaln\u0131zca <strong>estetik kayg\u0131larla<\/strong> ya da <strong>tasar\u0131mdaki bir \u00e7\u0131kmaza yan\u0131t bulmakla<\/strong> ilgili bir d\u00fcrt\u00fc de\u011fil. Ayn\u0131 zamanda maliyeti azaltmak, tamir edilebilirli\u011fi y\u00fckseltmek, s\u00fcrd\u00fcr\u00fclebilirli\u011fi sa\u011flamak ve \u00f6zellikle de <em>computational photography<\/em> ad\u0131 verilen teknolojik ilerlemeyle de ba\u011fl\u0131.<\/p>\n\n\n\n<div class=\"wp-block-uagb-slider uagb-block-3d4344df uagb-slider-container\"><div class=\"uagb-slides uagb-swiper\"><div class=\"swiper-wrapper\">\n<div class=\"wp-block-uagb-slider-child uagb-slider-child-wrap swiper-slide uagb-block-6f7238fc\"><div class=\"swiper-content\">\n<div class=\"wp-block-uagb-container uagb-block-d3ca27fa alignfull uagb-is-root-container\"><div class=\"uagb-container-inner-blocks-wrap\">\n<div class=\"wp-block-uagb-info-box uagb-block-56d2f34a uagb-infobox__content-wrap  uagb-infobox-icon-left uagb-infobox-left uagb-infobox-stacked-tablet uagb-infobox-image-valign-top\"><div class=\"uagb-ifb-image-content\"><img decoding=\"async\" src=\"https:\/\/www.kaanugrasiz.com\/tr\/wp-content\/uploads\/2025\/11\/apple-iphone-7-plus-red.webp\" alt=\"\" width=\"300\" height=\"300\" loading=\"lazy\"\/><\/div><div class=\"uagb-ifb-content\"><div class=\"uagb-ifb-title-wrap\"><h4 class=\"uagb-ifb-title\">Apple iPhone 7 Plus<\/h4><\/div><p class=\"uagb-ifb-desc\">Mobil telefon tarihinde, \u00e7ift kameran\u0131n yayg\u0131nla\u015fmas\u0131n\u0131 ve pop\u00fclerle\u015fmesini sa\u011flayan en \u00f6nemli modellerden biri Apple&#8217;\u0131n iPhone serisinin 7. jenerasyonu oldu.<br>Bu kamera kurulumlar\u0131yla birlikte hayat\u0131m\u0131za <strong>alan derinli\u011fi<\/strong> gibi foto\u011fraf\u00e7\u0131l\u0131kla ilgili kavramlar daha s\u0131k girmeye ba\u015flad\u0131.<\/p><\/div><\/div>\n<\/div><\/div>\n<\/div><\/div>\n\n\n\n<div class=\"wp-block-uagb-slider-child uagb-slider-child-wrap swiper-slide uagb-block-e54e5f32\"><div class=\"swiper-content\">\n<div class=\"wp-block-uagb-container uagb-block-e20e835d alignfull uagb-is-root-container\"><div class=\"uagb-container-inner-blocks-wrap\">\n<div class=\"wp-block-uagb-info-box uagb-block-93e7138c uagb-infobox__content-wrap  uagb-infobox-icon-left uagb-infobox-left uagb-infobox-stacked-tablet uagb-infobox-image-valign-top\"><div class=\"uagb-ifb-image-content\"><img decoding=\"async\" src=\"https:\/\/www.kaanugrasiz.com\/tr\/wp-content\/uploads\/2025\/11\/nokia9-pureview.webp\" alt=\"\" width=\"300\" height=\"300\" loading=\"lazy\"\/><\/div><div class=\"uagb-ifb-content\"><div class=\"uagb-ifb-title-wrap\"><h4 class=\"uagb-ifb-title\">Nokia 9 PureView<\/h4><\/div><p class=\"uagb-ifb-desc\">Arkas\u0131ndaki 7 farkl\u0131 deli\u011fin i\u00e7indeki farkl\u0131 \u00f6zelliklere sahip 5 kamera ile bir zamanlar\u0131n mobil teknoloji devi olan Nokia&#8217;n\u0131n 9 Pure View isimli modeli, en fazla kameraya sahip olan cihazlardan biriydi.<br><em>Zeiss ile ortak geli\u015ftirilen bu lensler kar\u015f\u0131dan bak\u0131ld\u0131\u011f\u0131nda triptofobiyi de tetiklemiyor de\u011fil&#8230;<\/em><\/p><\/div><\/div>\n<\/div><\/div>\n<\/div><\/div>\n\n\n\n<div class=\"wp-block-uagb-slider-child uagb-slider-child-wrap swiper-slide uagb-block-215986a4\"><div class=\"swiper-content\">\n<div class=\"wp-block-uagb-container uagb-block-0455d7c7 alignfull uagb-is-root-container\"><div class=\"uagb-container-inner-blocks-wrap\">\n<div class=\"wp-block-uagb-info-box uagb-block-8b50e659 uagb-infobox__content-wrap  uagb-infobox-icon-left uagb-infobox-left uagb-infobox-stacked-tablet uagb-infobox-image-valign-top\"><div class=\"uagb-ifb-image-content\"><img decoding=\"async\" src=\"https:\/\/www.kaanugrasiz.com\/tr\/wp-content\/uploads\/2025\/11\/note20ultra.webp\" alt=\"\" width=\"300\" height=\"300\" loading=\"lazy\"\/><\/div><div class=\"uagb-ifb-content\"><div class=\"uagb-ifb-title-wrap\"><h4 class=\"uagb-ifb-title\">Samsung Note 20 Ultra<\/h4><\/div><p class=\"uagb-ifb-desc\">Kamera kurulumu bak\u0131m\u0131ndan en g\u00fczel ve mask\u00fclen \u00f6rneklerden biri  bu telefon. Aynal\u0131 foto\u011fraf makinelerinkine benzeyen ana kameras\u0131 \u00e7ok net foto\u011fraflar \u00e7ekip iyi zoom yap\u0131yordu.<br><br>Bunun tek eksi taraf\u0131 biraz fazla a\u011f\u0131r ve benim i\u00e7in bile elde tutmas\u0131 zor bir telefondu.<\/p><\/div><\/div>\n<\/div><\/div>\n<\/div><\/div>\n\n\n\n<div class=\"wp-block-uagb-slider-child uagb-slider-child-wrap swiper-slide uagb-block-db297a59\"><div class=\"swiper-content\">\n<div class=\"wp-block-uagb-container uagb-block-5a6bda9b alignfull uagb-is-root-container\"><div class=\"uagb-container-inner-blocks-wrap\">\n<div class=\"wp-block-uagb-info-box uagb-block-ee2c34ca uagb-infobox__content-wrap  uagb-infobox-icon-left uagb-infobox-left uagb-infobox-stacked-tablet uagb-infobox-image-valign-top\"><div class=\"uagb-ifb-image-content\"><img decoding=\"async\" src=\"https:\/\/www.kaanugrasiz.com\/tr\/wp-content\/uploads\/2025\/11\/iphonex.webp\" alt=\"\" width=\"300\" height=\"300\" loading=\"lazy\"\/><\/div><div class=\"uagb-ifb-content\"><div class=\"uagb-ifb-title-wrap\"><h4 class=\"uagb-ifb-title\">Apple iPhone X<\/h4><\/div><p class=\"uagb-ifb-desc\">Apple, tasar\u0131m anlam\u0131nda bir \u00e7ok yenili\u011fi de beraberinde getiren X modelini piyasaya s\u00fcrd\u00fc\u011f\u00fcnde, sekt\u00f6r standard\u0131 haline gelen en \u00f6nemli \u015feylerden biri de \u00e7ift kameran\u0131n standart s\u00fcr\u00fcm cihazlarda da kendine yer bulmas\u0131 oldu.<br><br>X line up&#8217;\u0131nda yer alan XR modelinin ard\u0131ndan t\u00fcm iPhone modelleri (hi\u00e7 bir zaman ana line up&#8217;ta yer almayan SE&#8217;ler hari\u00e7) \u00e7ift kamerayla gelmeye ba\u015flad\u0131.<\/p><\/div><\/div>\n<\/div><\/div>\n<\/div><\/div>\n\n\n\n<div class=\"wp-block-uagb-slider-child uagb-slider-child-wrap swiper-slide uagb-block-7999b18b\"><div class=\"swiper-content\">\n<div class=\"wp-block-uagb-container uagb-block-702414ff alignfull uagb-is-root-container\"><div class=\"uagb-container-inner-blocks-wrap\">\n<div class=\"wp-block-uagb-info-box uagb-block-3bcd5644 uagb-infobox__content-wrap  uagb-infobox-icon-left uagb-infobox-left uagb-infobox-stacked-tablet uagb-infobox-image-valign-top\"><div class=\"uagb-ifb-image-content\"><img decoding=\"async\" src=\"https:\/\/www.kaanugrasiz.com\/tr\/wp-content\/uploads\/2025\/11\/samsung-s24.webp\" alt=\"\" width=\"300\" height=\"300\" loading=\"lazy\"\/><\/div><div class=\"uagb-ifb-content\"><div class=\"uagb-ifb-title-wrap\"><h4 class=\"uagb-ifb-title\">Kamera kurulumunda yeni standartlar<\/h4><\/div><p class=\"uagb-ifb-desc\">Geni\u015f a\u00e7\u0131, ultra geni\u015f a\u00e7\u0131, makro ve telefoto gibi kavramlar yayg\u0131nla\u015ft\u0131k\u00e7a \u00fcreticiler kamera dizilimlerini geni\u015fletmeye, dolay\u0131s\u0131yla cihazlar\u0131n \u00fczerine ekledikleri kamera say\u0131s\u0131n\u0131 da artt\u0131rmaya ba\u015flad\u0131lar.<br><br>\u00dc\u00e7 kameral\u0131 dizilim 2025 y\u0131l\u0131 itibariyle pek \u00e7ok \u00fcretici i\u00e7in standart hale geldi.<\/p><\/div><\/div>\n<\/div><\/div>\n<\/div><\/div>\n\n\n\n<div class=\"wp-block-uagb-slider-child uagb-slider-child-wrap swiper-slide uagb-block-047c122e\"><div class=\"swiper-content\">\n<div class=\"wp-block-uagb-container uagb-block-59b1d134 alignfull uagb-is-root-container\"><div class=\"uagb-container-inner-blocks-wrap\">\n<div class=\"wp-block-uagb-info-box uagb-block-b7364af6 uagb-infobox__content-wrap  uagb-infobox-icon-left uagb-infobox-left uagb-infobox-stacked-tablet uagb-infobox-image-valign-top\"><div class=\"uagb-ifb-image-content\"><img decoding=\"async\" src=\"https:\/\/www.kaanugrasiz.com\/tr\/wp-content\/uploads\/2025\/11\/16e.webp\" alt=\"\" width=\"300\" height=\"300\" loading=\"lazy\"\/><\/div><div class=\"uagb-ifb-content\"><div class=\"uagb-ifb-title-wrap\"><h4 class=\"uagb-ifb-title\">Apple 16e ile yeni bir standart olu\u015fturmaya ba\u015flad\u0131<\/h4><\/div><p class=\"uagb-ifb-desc\">12&#8217;den 15&#8217;e kadarki iPhone modellerinin tasar\u0131m\u0131 sevildi ve epey de bir kullan\u0131c\u0131 kitlesi var. Bu tasar\u0131ma sahip son cihaz 4. jenerasyon SE olarak da adland\u0131r\u0131labilecek 16e.<br>\u00c7apraz konumland\u0131r\u0131lm\u0131\u015f ikili kamera diziliminden sonra g\u00f6ze sadece ve temiz bir imaj \u00e7izen bu tekli kamera, Apple&#8217;\u0131n yaz\u0131l\u0131mla g\u00fc\u00e7lendirdi\u011fi ilk \u00f6rnek.<\/p><\/div><\/div>\n<\/div><\/div>\n<\/div><\/div>\n\n\n\n<div class=\"wp-block-uagb-slider-child uagb-slider-child-wrap swiper-slide uagb-block-120c0728\"><div class=\"swiper-content\">\n<div class=\"wp-block-uagb-container uagb-block-6dbe9abb alignfull uagb-is-root-container\"><div class=\"uagb-container-inner-blocks-wrap\">\n<div class=\"wp-block-uagb-info-box uagb-block-5aa165d2 uagb-infobox__content-wrap  uagb-infobox-icon-left uagb-infobox-left uagb-infobox-stacked-tablet uagb-infobox-image-valign-top\"><div class=\"uagb-ifb-image-content\"><img decoding=\"async\" src=\"https:\/\/www.kaanugrasiz.com\/tr\/wp-content\/uploads\/2025\/11\/air.webp\" alt=\"\" width=\"300\" height=\"300\" loading=\"lazy\"\/><\/div><div class=\"uagb-ifb-content\"><div class=\"uagb-ifb-title-wrap\"><h4 class=\"uagb-ifb-title\">De\u011fi\u015fim yine b\u00fcy\u00fck ekranl\u0131 varyetede ba\u015flad\u0131<\/h4><\/div><p class=\"uagb-ifb-desc\">\u0130ki kameral\u0131 telefonlar\u0131n yayg\u0131nla\u015fmas\u0131n\u0131 sa\u011flayan en \u00f6nemli modellerden biri Apple iPhone 7 serisinin Plus varyetesiydi.<br><br>Apple anla\u015f\u0131lan d\u00f6n\u00fc\u015f\u00fcme ve kamera say\u0131s\u0131n\u0131 azaltmaya yine ana line up&#8217;\u0131n daha b\u00fcy\u00fck ekranl\u0131 modelinden ba\u015flayacak. iPhone Air bu d\u00f6n\u00fc\u015f\u00fcm\u00fcn ilk temsilcisi.<\/p><\/div><\/div>\n<\/div><\/div>\n<\/div><\/div>\n\n\n\n<div class=\"wp-block-uagb-slider-child uagb-slider-child-wrap swiper-slide uagb-block-589c3e3c\"><div class=\"swiper-content\">\n<div class=\"wp-block-uagb-container uagb-block-19e1f8ec alignfull uagb-is-root-container\"><div class=\"uagb-container-inner-blocks-wrap\">\n<div class=\"wp-block-uagb-info-box uagb-block-a853a6f1 uagb-infobox__content-wrap  uagb-infobox-icon-left uagb-infobox-left uagb-infobox-stacked-tablet uagb-infobox-image-valign-top\"><div class=\"uagb-ifb-image-content\"><img decoding=\"async\" src=\"https:\/\/www.kaanugrasiz.com\/tr\/wp-content\/uploads\/2025\/11\/s25edge.webp\" alt=\"\" width=\"300\" height=\"300\" loading=\"lazy\"\/><\/div><div class=\"uagb-ifb-content\"><div class=\"uagb-ifb-title-wrap\"><h4 class=\"uagb-ifb-title\">Samsung&#8217;da bir kameray\u0131 att\u0131<\/h4><\/div><p class=\"uagb-ifb-desc\">Apple&#8217;\u0131n Air yakla\u015f\u0131m\u0131 t\u0131pk\u0131 \u00e7ift kameral\u0131 telefon \u00e7\u0131karaca\u011f\u0131n\u0131 uduyurdu\u011fu zamanki gibi ses getirdi, buna tabii ki Samsung kay\u0131ts\u0131z kalmad\u0131. En \u00fcst segmentteki modellerinden olan S serisini daha ince ve kamera say\u0131s\u0131 azalt\u0131lm\u0131\u015f bir modelini line up&#8217;a katt\u0131 ve piyasaya s\u00fcrd\u00fc.<br><br>Edge model ismini kenar\u0131 k\u0131vr\u0131k olan telefon ekranlardan biliyoruz; bu sefer daha ince telefonlar\u0131 tan\u0131mlamak i\u00e7in kulland\u0131.  <\/p><\/div><\/div>\n<\/div><\/div>\n<\/div><\/div>\n<\/div><\/div><div class=\"swiper-pagination\"><\/div><div class=\"swiper-button-prev\"><\/div><div class=\"swiper-button-next\"><\/div><\/div>\n\n\n\n<h3 class=\"wp-block-heading\">Daha az lens, daha y\u00fcksek teknoloji<\/h3>\n\n\n\n<p><em>Ultra geni\u015f a\u00e7\u0131, geni\u015f a\u00e7\u0131, telefoto, makro<\/em>\u2026 Bunlar \u00e7oklu kamera dizilimlerinde s\u0131kl\u0131kla duydu\u011fumuz kavramlar ve optik \u00e7e\u015fitlili\u011fi sa\u011flamak i\u00e7in her birinin farkl\u0131 i\u015flevi vard\u0131 ve gerekli g\u00f6r\u00fcl\u00fcyorlard\u0131.<\/p>\n\n\n\n<p>\u00dcreticilerin bug\u00fcn y\u00f6neldi\u011fi tarafta ise tek ama<strong> daha b\u00fcy\u00fck<\/strong> ve \u00fcst seviye; <strong>birden fazla optik aral\u0131\u011f\u0131<\/strong> destekleyen sens\u00f6rler, <strong>de\u011fi\u015fken odakl\u0131 mekanik d\u00fczenekler<\/strong> var ve hedefte birden fazla kamerayla yap\u0131lan i\u015fi daha az; tercihen tek bir techizatla yapmak var.<\/p>\n\n\n\n<p>Bir yandan donan\u0131m k\u00fc\u00e7\u00fclt\u00fclmek isteniyor, \u00f6te yandan foto\u011fraf kalitesi ayn\u0131 kals\u0131n, hatta daha y\u00fckselsin. \u0130\u015fte bu a\u015famada foto\u011fraf kalitesini yaz\u0131l\u0131mla artt\u0131rma zorunlulu\u011fu devreye giriyor.<\/p>\n\n\n\n<p>\u00c7oklu kare birle\u015ftirme, yapay zeka tabanl\u0131 g\u00f6r\u00fcnt\u00fc d\u00fczeltme, sahne tan\u0131ma, derinli\u011fi tahmin etme hatta lensi yaz\u0131l\u0131mla taklit etme gibi yetenekler ve teknikler, tek sens\u00f6rle \u00e7ok y\u00f6nl\u00fc foto\u011fraf\u00e7\u0131l\u0131k yap\u0131lmas\u0131n\u0131n \u00f6n\u00fcn\u00fc a\u00e7\u0131yor. Mesela \u00e7ok basit lenslerle \u00e7ekilmi\u015f foto\u011fraflar bile portre, gece modu ya da HDR olarak i\u015flenebiliyor.<\/p>\n\n\n\n<p>\u00d6rne\u011fin Apple iPhone Air\u2019in ard\u0131nda 48 megapiksellik bir kamera var. Y\u00fcksek \u00e7\u00f6z\u00fcn\u00fcrl\u00fckte foto\u011fraf \u00e7ekiminde Fusion ismi verilen bir i\u015fleme sistemi devreye giriyor. Bu sistem \u00e7ekilen foto\u011fraf\u0131 hem detay hem de \u0131\u015f\u0131k olarak optimize ediyor, pixel binning gibi tekniklerle g\u00fc\u00e7l\u00fc foto\u011fraflar\u0131n ortaya \u00e7\u0131kmas\u0131n\u0131 sa\u011fl\u0131yor.<\/p>\n\n\n\n<p>Apple\u2019\u0131n bir di\u011fer yenili\u011fi \u00f6n kamerada. 18 megapiksel center stage \u00f6zellikli kamera kadraj\u0131 otomatik olarak geni\u015fletip daraltabiliyor ve kullan\u0131c\u0131n\u0131n daima kadronun merkezinde kalmas\u0131n\u0131 sa\u011fl\u0131yor; bunu hem dikeyde hem yatayda yapabiliyor.<\/p>\n\n\n\n<p>Apple\u2019\u0131n rakibi olan Samsung bu hafifleme r\u00fczgar\u0131ndan etkilenenler aras\u0131nda. Markan\u0131n en \u00fcst segmenti olan S serisine yeni kat\u0131lan Edge modeli, Ultra\u2019da da kullan\u0131lan 200 megapiksellik geni\u015f a\u00e7\u0131l\u0131 sens\u00f6r\u00fc kullan\u0131yor. <\/p>\n\n\n\n<p>Optik g\u00f6r\u00fcnt\u00fc sabitleme \u00f6zelli\u011fine de sahip olan bu kamera, ayn\u0131 zamanda \u00e7ok y\u00f6nl\u00fc faz alg\u0131lamal\u0131 otomatik netleme deste\u011fiyle h\u0131zl\u0131 \u015fekilde odaklanabiliyor. <\/p>\n\n\n\n<p>T\u0131pk\u0131 iPhone Air\u2019de oldu\u011fu gibi yaz\u0131l\u0131m deste\u011fiyle pixel binning detayl\u0131 kareleri d\u00fc\u015f\u00fck \u0131\u015f\u0131k performans\u0131nda \u00e7ekebiliyor. Bu da mobil g\u00f6r\u00fcnt\u00fcleme alan\u0131na yap\u0131lan yat\u0131r\u0131mlar\u0131n ana trendlerinden biri, b\u00fcy\u00fcme bu y\u00f6nde ger\u00e7ekle\u015fiyor \u015fu s\u0131ralar.<\/p>\n\n\n\n<figure class=\"wp-block-image size-large\"><img loading=\"lazy\" decoding=\"async\" width=\"1024\" height=\"717\" src=\"https:\/\/www.kaanugrasiz.com\/tr\/wp-content\/uploads\/2025\/11\/a-man-holds-a-samsung-mobile-phone-1024x717.webp\" alt=\"\" class=\"wp-image-1749\" srcset=\"https:\/\/www.kaanugrasiz.com\/tr\/wp-content\/uploads\/2025\/11\/a-man-holds-a-samsung-mobile-phone-1024x717.webp 1024w, https:\/\/www.kaanugrasiz.com\/tr\/wp-content\/uploads\/2025\/11\/a-man-holds-a-samsung-mobile-phone-300x210.webp 300w, https:\/\/www.kaanugrasiz.com\/tr\/wp-content\/uploads\/2025\/11\/a-man-holds-a-samsung-mobile-phone-768x538.webp 768w, https:\/\/www.kaanugrasiz.com\/tr\/wp-content\/uploads\/2025\/11\/a-man-holds-a-samsung-mobile-phone.webp 1280w\" sizes=\"auto, (max-width: 1024px) 100vw, 1024px\" \/><figcaption class=\"wp-element-caption\">Imagen 3 ile olu\u015fturuldu.<\/figcaption><\/figure>\n\n\n\n<h3 class=\"wp-block-heading\">Teknik par\u00e7alar\u0131 daha ak\u0131ll\u0131ca kullanmak<\/h3>\n\n\n\n<p>Cep telefonlar\u0131n\u0131n daha kal\u0131n ve a\u011f\u0131r olmas\u0131n\u0131n nedenlerinden biri de kamera mod\u00fclleri. \u00d6zellikle Samsung\u2019un Note ve daha sonraki ad\u0131yla Ultra modellerinde kulland\u0131\u011f\u0131 aynal\u0131 kamera mod\u00fclleri, her ne kadar elde tutulan dijital kameralara g\u00f6re daha kompakt olsa da yine de belirgin bir kal\u0131nl\u0131\u011fa neden oluyor.<\/p>\n\n\n\n<p><strong>Tek bir kamera kullanmak ve bunu daha ak\u0131ll\u0131ca bir konuma yerle\u015ftirmek<\/strong>, telefonun tasar\u0131m\u0131n\u0131n sadele\u015fmesini sa\u011fl\u0131yor, tutu\u015fu <strong>daha tutarl\u0131 ve dengeli<\/strong> hale getiriyor, estetik g\u00f6r\u00fcn\u00fcm\u00fc g\u00f6receli olarak daha iyi bir hale getiriyor.<\/p>\n\n\n\n<p>Ayr\u0131ca baz\u0131 deneysel modellerde \u015fimdiden g\u00f6rmeye ba\u015flad\u0131\u011f\u0131m ve \u00f6n\u00fcm\u00fczdeki y\u0131llarda yayg\u0131nla\u015fmas\u0131n\u0131 bekledi\u011fim g\u00f6r\u00fcnmez ve saklanm\u0131\u015f kameralar, cihaz\u0131n y\u00fczeyinin b\u00fct\u00fcn\u00fc\u011f\u00fcn\u00fc korumaya y\u00f6nelik iyi \u00e7\u00f6z\u00fcmler.<\/p>\n\n\n\n<p><strong>Daha az teknik par\u00e7aya sahip olmak, \u00fcretim hatt\u0131nda daha az karma\u015fa demek.<\/strong> Daha az mod\u00fcl daha az lojistik demek, uygulanmas\u0131 gereken daha az test demek. Fakat daha iyi ve b\u00fcy\u00fck sens\u00f6r ve geli\u015fmi\u015f optik mekanizma ayn\u0131 zamanda daha fazla maliyet demek. <\/p>\n\n\n\n<p>\u0130kisinin aras\u0131ndaki dengeyi yakalamak ve beklentileri iyi anlamak gerekir. Bu durum farkl\u0131 segmentlere farkl\u0131 nitelikte \u00fcr\u00fcnler sunarak a\u015f\u0131labilir. \u00d6rne\u011fin orta segmente iyi bir sens\u00f6r ile g\u00fc\u00e7l\u00fc yaz\u0131l\u0131m, \u00fcst segmente g\u00fc\u00e7l\u00fc sens\u00f6r ve g\u00fc\u00e7l\u00fc optik donan\u0131m gibi.<\/p>\n\n\n\n<p><strong>Bir telefonda ka\u00e7 kamera?!<\/strong><\/p>\n\n\n\n<p>\u00c7oklu kamera dizilimine sahip telefon modelleri sunmak bir s\u00fcre \u00f6ncesine kadar b\u00fcy\u00fck bir yar\u0131\u015ft\u0131 ve t\u00fcketiciyi etkilemenin iyi yollar\u0131ndan biriydi. Ard\u0131ndan megapiksel say\u0131s\u0131 ve zoom kabiliyetini konu\u015fmaya ba\u015flad\u0131k, Samsung gibi markalar 5 kat optik 50 kat da dijital yak\u0131nla\u015ft\u0131rma kabiliyetlerle kendinden s\u00f6z ettirdi.<\/p>\n\n\n\n<p>Fakat bug\u00fcnk\u00fc konu art\u0131k daha \u00e7ok bir telefonun ka\u00e7 kameraya sahip oldu\u011fu, ne kadar zoom yapt\u0131\u011f\u0131 ya da ka\u00e7 megapiksel oldu\u011fundan daha \u00e7ok \u00fcr\u00fcn\u00fcn ger\u00e7ek d\u00fcnyadaki performans\u0131, ortaya \u00e7\u0131kan foto\u011fraf\u0131n kalitesi ve yaz\u0131l\u0131m\u0131n bu i\u015fte nerede durdu\u011fu. Bu nedenle art\u0131k mobil teknoloji geli\u015ftiricileri \u00fcr\u00fcnlerinin yan\u0131nda <a href=\"\/tr\">Galaxy Ai<\/a> ya da <a href=\"\/tr\">Apple Intelligence<\/a> gibi alt markalar\u0131 da konumland\u0131rarak t\u00fcketicinin dikkatini \u00e7ekmeye \u00e7al\u0131\u015f\u0131yor.<\/p>\n\n\n\n<p>Bununla birlikte <strong>g\u00f6zden genellikle ka\u00e7\u0131rd\u0131\u011f\u0131m\u0131z bir \u015fey var;<\/strong> daha \u00e7ok kamera demek art\u0131k daha kaliteli \u00fcr\u00fcn demek de\u011fil; <em>ay\u0131r\u0131ca ki\u015fisel fikrimdir; arkas\u0131nda iki &#8211; belki \u00fc\u00e7 taneden fazla kamera olan telefonlar olduk\u00e7a ucuz g\u00f6r\u00fcn\u00fcyor.<\/em> Minimalist tasar\u0131mlar\u0131n premium \u00fcr\u00fcn alg\u0131s\u0131 \u00f6zellikle \u00fcst segmentte daha y\u00fcksek.<\/p>\n\n\n\n<h3 class=\"wp-block-heading\"><strong>Yak\u0131n gelecekte g\u00fcncel kalmak i\u00e7in takip etmek gereken teknolojiler<\/strong><\/h3>\n\n\n\n<ul class=\"wp-block-list\">\n<li>Birden \u00e7ok odak uzunlu\u011funu tek sens\u00f6rde m\u00fcmk\u00fcn k\u0131lan <strong>optik payla\u015f\u0131m ve hareketli prizma mod\u00fclleri<\/strong><\/li>\n\n\n\n<li>Tasar\u0131m\u0131n b\u00fct\u00fcnl\u00fc\u011f\u00fcn\u00fc koruyan, <strong>ekran\u0131n alt\u0131nda<\/strong> kalan, <strong>gizlenmi\u015f ve g\u00f6r\u00fcnmez kameralar<\/strong><\/li>\n\n\n\n<li>Cihazlar\u0131n i\u00e7inde <strong>ger\u00e7ek zamanl\u0131<\/strong> olarak \u00e7al\u0131\u015fan ve geli\u015fmi\u015f hesaplamalar yapabilen, <strong>AI ve NPU h\u0131zland\u0131r\u0131c\u0131lar<\/strong><\/li>\n\n\n\n<li>D\u00fc\u015f\u00fck \u0131\u015f\u0131k ko\u015fullar\u0131nda d<strong>aha iyi performans g\u00f6steren<\/strong> tek ve b\u00fcy\u00fck boyutlu sens\u00f6rler<\/li>\n<\/ul>\n\n\n\n<p>\u2026<\/p>\n\n\n\n<p><em>Yeni iPhone 7 iki kamerayla gelecek<\/em> haberini sanki daha d\u00fcn ald\u0131m ve o zaman \u00fcr\u00fcn\u00fc ne kadar \u00e7ok merak etti\u011fimi bug\u00fcn bile hat\u0131rl\u0131yorum.<\/p>\n\n\n\n<p>Nas\u0131l ki cep telefonuna iki kamera koyma fikri yank\u0131 bulan ve g\u00f6r\u00fcnd\u00fc\u011f\u00fc kadar\u0131yla ba\u015far\u0131l\u0131 bir strateji ise, teknoloji, hedefler ve t\u00fcketicilerin bir \u00fcr\u00fcnden bekledi\u011fi \u015feyin de\u011fi\u015fmesiyle birlikte yeniden tek kamera kullanmak da <strong>bir t\u00fcr sadele\u015fme karar\u0131<\/strong> olarak yorumlanabilir.<\/p>\n\n\n\n<p><strong>Teknoloji devaml\u0131 olarak ilerleme e\u011filiminde<\/strong> ve mobil teknolojilerin t\u00fcm\u00fcn\u00fcn ard\u0131nda sens\u00f6r &#8211; optik m\u00fchendisli\u011fi, yapay zeka, \u00fcretim optimizasyonu, s\u00fcrd\u00fcr\u00fclebilirlik ve pazarlama stratejilerinin t\u00fcm\u00fc var.<\/p>\n\n\n\n<p>Donan\u0131mdan yaz\u0131l\u0131ma do\u011fru d\u00f6n\u00fc\u015fmeye ba\u015flayan bu anlay\u0131\u015f, cihazlar\u0131n d\u0131\u015f g\u00f6r\u00fcn\u00fcm\u00fcn\u00fc gereksiz t\u00fcm ayr\u0131nt\u0131lardan temizliyor, cihaz\u0131n i\u00e7inde \u00e7al\u0131\u015fan yaz\u0131l\u0131m\u0131 merkeze al\u0131yor ve kullan\u0131c\u0131 deneyimini ba\u015ftan sona kadar daha b\u00fct\u00fcnc\u00fcl bir hale getirip hikayeyi b\u00fct\u00fcnl\u00fckl\u00fc hale getiriyor\u2026<\/p>\n\n\n\n<p><strong>Referanslar ve ileri okumalar&#8230;<\/strong><\/p>\n\n\n\n<ul class=\"wp-block-list\">\n<li><a href=\"https:\/\/omdia.tech.informa.com\/pr\/2025\/aug\/smartphones-now-shipping-with-fewer-cameras\" target=\"_blank\" rel=\"noreferrer noopener\">Smartphones now shipping with fewer cameras, Omdia reports<\/a><\/li>\n\n\n\n<li><a href=\"https:\/\/www.theverge.com\/apple\/772543\/apple-iphone-17-launch-price-availability\" target=\"_blank\" rel=\"noreferrer noopener\">Apple\u2019s iPhone 17 drops the Plus, but gains a bigger, faster display<\/a><\/li>\n\n\n\n<li><a href=\"https:\/\/www.digitimes.com\/news\/a20250902PD227\/camera-smartphone-camera-lens-automotive-2025-lg-innotek.html\" target=\"_blank\" rel=\"noreferrer noopener\">Manufacturers shift to high-performance and auto markets<\/a><\/li>\n<\/ul>\n\n\n\n<p><strong>Marka<\/strong> ve <strong>pazarlama<\/strong> fikri vermek i\u00e7in haz\u0131rlanan, <strong>reklam<\/strong> amac\u0131 ta\u015f\u0131mayan bu i\u00e7erik <strong>i\u015fbirli\u011fi<\/strong> i\u00e7ermez.<\/p>\n","protected":false},"excerpt":{"rendered":"<p>Apple\u2019\u0131n iPhone 7 modelinin Plus olarak adland\u0131r\u0131lan b\u00fcy\u00fck boyunda iki kameraya yer verece\u011fi piyasaya s\u0131zmas\u0131 ayn\u0131 zamanda yeni bir devrin de habercisiydi. Cep telefonlar\u0131na kameran\u0131n gelmesinden sonra insanlarda b\u00f6ylesine heyecan uyand\u0131ran ilk \u015fey belki de bu oldu; \u00e7ift kameral\u0131 telefonlar. Bu kamera yerle\u015fim d\u00fczeni benzer ya da de\u011fi\u015ftirilmi\u015f formlar\u0131yla Apple\u2019dan sonra ba\u015fta ayn\u0131 sekt\u00f6rdeki en&#8230;<\/p>\n","protected":false},"author":1,"featured_media":1747,"comment_status":"open","ping_status":"open","sticky":false,"template":"","format":"standard","meta":{"_coblocks_attr":"","_coblocks_dimensions":"","_coblocks_responsive_height":"","_coblocks_accordion_ie_support":"","_uag_custom_page_level_css":"","_kadence_starter_templates_imported_post":false,"_kad_post_transparent":"","_kad_post_title":"","_kad_post_layout":"","_kad_post_sidebar_id":"","_kad_post_content_style":"","_kad_post_vertical_padding":"","_kad_post_feature":"","_kad_post_feature_position":"","_kad_post_header":false,"_kad_post_footer":false,"footnotes":""},"categories":[376,539,182,183],"tags":[544,543,545,540,541,546,554,44,551,552,119,542,550,547,549,548,553],"class_list":["post-1737","post","type-post","status-publish","format-standard","has-post-thumbnail","hentry","category-iletisim","category-pazarlama","category-tasarim","category-teknoloji","tag-2-kamerali-telefon","tag-5-kamerali-telefon","tag-iphone-16e","tag-iphone-7","tag-iphone-7-plus","tag-iphone-air","tag-iphone-se","tag-kalite-algisi","tag-kamera-kurulumu","tag-mobil-tasarim-trendleri","tag-nokia","tag-nokia-9","tag-premium-segment","tag-samsung-s25-edge","tag-yapay-zeka-ile-fotograf-cekme","tag-yapay-zeka-ile-fotograf-isleme","tag-zeiss"],"yoast_head":"<!-- This site is optimized with the Yoast SEO plugin v27.3 - https:\/\/yoast.com\/product\/yoast-seo-wordpress\/ -->\n<title>Cep telefonlar\u0131n\u0131n yeni \u00e7a\u011f\u0131: Daha az kamera daha \u00e7ok teknoloji<\/title>\n<meta name=\"description\" content=\"Cep telefonlar\u0131ndaki kamera say\u0131s\u0131 azalma e\u011filiminde. Bunu destekleyen teknoloji ve yakla\u015f\u0131mlar neler, hep birlikte bakal\u0131m.\" \/>\n<meta name=\"robots\" content=\"index, follow, max-snippet:-1, max-image-preview:large, max-video-preview:-1\" \/>\n<link rel=\"canonical\" href=\"https:\/\/www.kaanugrasiz.com\/tr\/daha-az-kamera-daha-cok-teknoloji.html\" \/>\n<meta property=\"og:locale\" content=\"tr_TR\" \/>\n<meta property=\"og:type\" content=\"article\" \/>\n<meta property=\"og:title\" content=\"Cep telefonlar\u0131n\u0131n yeni \u00e7a\u011f\u0131: Daha az kamera daha \u00e7ok teknoloji\" \/>\n<meta property=\"og:description\" content=\"Cep telefonlar\u0131ndaki kamera say\u0131s\u0131 azalma e\u011filiminde. Bunu destekleyen teknoloji ve yakla\u015f\u0131mlar neler, hep birlikte bakal\u0131m.\" \/>\n<meta property=\"og:url\" content=\"https:\/\/www.kaanugrasiz.com\/tr\/daha-az-kamera-daha-cok-teknoloji.html\" \/>\n<meta property=\"og:site_name\" content=\"Pazarlama ve marka ileti\u015fimi blogu - Kaan U\u011fras\u0131z\" \/>\n<meta property=\"article:published_time\" content=\"2025-11-17T04:00:00+00:00\" \/>\n<meta property=\"article:modified_time\" content=\"2026-01-28T19:09:58+00:00\" \/>\n<meta property=\"og:image\" content=\"https:\/\/www.kaanugrasiz.com\/tr\/wp-content\/uploads\/2025\/11\/Mobil-kameralarin-yeni-cagi-Daha-az-lens-daha-cok-teknoloji.webp\" \/>\n\t<meta property=\"og:image:width\" content=\"1920\" \/>\n\t<meta property=\"og:image:height\" content=\"1280\" \/>\n\t<meta property=\"og:image:type\" content=\"image\/webp\" \/>\n<meta name=\"author\" content=\"Kaan U\u011fras\u0131z\" \/>\n<meta name=\"twitter:card\" content=\"summary_large_image\" \/>\n<meta name=\"twitter:label1\" content=\"Yazan:\" \/>\n\t<meta name=\"twitter:data1\" content=\"Kaan U\u011fras\u0131z\" \/>\n\t<meta name=\"twitter:label2\" content=\"Tahmini okuma s\u00fcresi\" \/>\n\t<meta name=\"twitter:data2\" content=\"11 dakika\" \/>\n<script type=\"application\/ld+json\" class=\"yoast-schema-graph\">{\"@context\":\"https:\\\/\\\/schema.org\",\"@graph\":[{\"@type\":\"Article\",\"@id\":\"https:\\\/\\\/www.kaanugrasiz.com\\\/tr\\\/daha-az-kamera-daha-cok-teknoloji.html#article\",\"isPartOf\":{\"@id\":\"https:\\\/\\\/www.kaanugrasiz.com\\\/tr\\\/daha-az-kamera-daha-cok-teknoloji.html\"},\"author\":{\"name\":\"Kaan U\u011fras\u0131z\",\"@id\":\"https:\\\/\\\/www.kaanugrasiz.com\\\/tr\\\/#\\\/schema\\\/person\\\/c03ebfb2409df5381cad2561495a437e\"},\"headline\":\"Cep telefonlar\u0131n\u0131n yeni \u00e7a\u011f\u0131: Daha az kamera daha \u00e7ok teknoloji\",\"datePublished\":\"2025-11-17T04:00:00+00:00\",\"dateModified\":\"2026-01-28T19:09:58+00:00\",\"mainEntityOfPage\":{\"@id\":\"https:\\\/\\\/www.kaanugrasiz.com\\\/tr\\\/daha-az-kamera-daha-cok-teknoloji.html\"},\"wordCount\":2053,\"commentCount\":0,\"publisher\":{\"@id\":\"https:\\\/\\\/www.kaanugrasiz.com\\\/tr\\\/#\\\/schema\\\/person\\\/c03ebfb2409df5381cad2561495a437e\"},\"image\":{\"@id\":\"https:\\\/\\\/www.kaanugrasiz.com\\\/tr\\\/daha-az-kamera-daha-cok-teknoloji.html#primaryimage\"},\"thumbnailUrl\":\"https:\\\/\\\/www.kaanugrasiz.com\\\/tr\\\/wp-content\\\/uploads\\\/2025\\\/11\\\/Mobil-kameralarin-yeni-cagi-Daha-az-lens-daha-cok-teknoloji.webp\",\"keywords\":[\"2 kameral\u0131 telefon\",\"5 kameral\u0131 telefon\",\"iphone 16e\",\"iphone 7\",\"iphone 7 plus\",\"iphone air\",\"iphone se\",\"kalite alg\u0131s\u0131\",\"kamera kurulumu\",\"mobil tasar\u0131m trendleri\",\"Nokia\",\"nokia 9\",\"premium segment\",\"samsung s25 edge\",\"yapay zeka ile foto\u011fraf \u00e7ekme\",\"yapay zeka ile foto\u011fraf i\u015fleme\",\"zeiss\"],\"articleSection\":[\"\u0130leti\u015fim\",\"Pazarlama\",\"Tasar\u0131m\",\"Teknoloji\"],\"inLanguage\":\"tr\",\"potentialAction\":[{\"@type\":\"CommentAction\",\"name\":\"Comment\",\"target\":[\"https:\\\/\\\/www.kaanugrasiz.com\\\/tr\\\/daha-az-kamera-daha-cok-teknoloji.html#respond\"]}]},{\"@type\":\"WebPage\",\"@id\":\"https:\\\/\\\/www.kaanugrasiz.com\\\/tr\\\/daha-az-kamera-daha-cok-teknoloji.html\",\"url\":\"https:\\\/\\\/www.kaanugrasiz.com\\\/tr\\\/daha-az-kamera-daha-cok-teknoloji.html\",\"name\":\"Cep telefonlar\u0131n\u0131n yeni \u00e7a\u011f\u0131: Daha az kamera daha \u00e7ok teknoloji\",\"isPartOf\":{\"@id\":\"https:\\\/\\\/www.kaanugrasiz.com\\\/tr\\\/#website\"},\"primaryImageOfPage\":{\"@id\":\"https:\\\/\\\/www.kaanugrasiz.com\\\/tr\\\/daha-az-kamera-daha-cok-teknoloji.html#primaryimage\"},\"image\":{\"@id\":\"https:\\\/\\\/www.kaanugrasiz.com\\\/tr\\\/daha-az-kamera-daha-cok-teknoloji.html#primaryimage\"},\"thumbnailUrl\":\"https:\\\/\\\/www.kaanugrasiz.com\\\/tr\\\/wp-content\\\/uploads\\\/2025\\\/11\\\/Mobil-kameralarin-yeni-cagi-Daha-az-lens-daha-cok-teknoloji.webp\",\"datePublished\":\"2025-11-17T04:00:00+00:00\",\"dateModified\":\"2026-01-28T19:09:58+00:00\",\"description\":\"Cep telefonlar\u0131ndaki kamera say\u0131s\u0131 azalma e\u011filiminde. Bunu destekleyen teknoloji ve yakla\u015f\u0131mlar neler, hep birlikte bakal\u0131m.\",\"breadcrumb\":{\"@id\":\"https:\\\/\\\/www.kaanugrasiz.com\\\/tr\\\/daha-az-kamera-daha-cok-teknoloji.html#breadcrumb\"},\"inLanguage\":\"tr\",\"potentialAction\":[{\"@type\":\"ReadAction\",\"target\":[\"https:\\\/\\\/www.kaanugrasiz.com\\\/tr\\\/daha-az-kamera-daha-cok-teknoloji.html\"]}]},{\"@type\":\"ImageObject\",\"inLanguage\":\"tr\",\"@id\":\"https:\\\/\\\/www.kaanugrasiz.com\\\/tr\\\/daha-az-kamera-daha-cok-teknoloji.html#primaryimage\",\"url\":\"https:\\\/\\\/www.kaanugrasiz.com\\\/tr\\\/wp-content\\\/uploads\\\/2025\\\/11\\\/Mobil-kameralarin-yeni-cagi-Daha-az-lens-daha-cok-teknoloji.webp\",\"contentUrl\":\"https:\\\/\\\/www.kaanugrasiz.com\\\/tr\\\/wp-content\\\/uploads\\\/2025\\\/11\\\/Mobil-kameralarin-yeni-cagi-Daha-az-lens-daha-cok-teknoloji.webp\",\"width\":1920,\"height\":1280},{\"@type\":\"BreadcrumbList\",\"@id\":\"https:\\\/\\\/www.kaanugrasiz.com\\\/tr\\\/daha-az-kamera-daha-cok-teknoloji.html#breadcrumb\",\"itemListElement\":[{\"@type\":\"ListItem\",\"position\":1,\"name\":\"Anasayfa\",\"item\":\"https:\\\/\\\/www.kaanugrasiz.com\\\/tr\\\/\"},{\"@type\":\"ListItem\",\"position\":2,\"name\":\"Cep telefonlar\u0131n\u0131n yeni \u00e7a\u011f\u0131: Daha az kamera daha \u00e7ok teknoloji\"}]},{\"@type\":\"WebSite\",\"@id\":\"https:\\\/\\\/www.kaanugrasiz.com\\\/tr\\\/#website\",\"url\":\"https:\\\/\\\/www.kaanugrasiz.com\\\/tr\\\/\",\"name\":\"Brand Monday TR\",\"description\":\"\",\"publisher\":{\"@id\":\"https:\\\/\\\/www.kaanugrasiz.com\\\/tr\\\/#\\\/schema\\\/person\\\/c03ebfb2409df5381cad2561495a437e\"},\"potentialAction\":[{\"@type\":\"SearchAction\",\"target\":{\"@type\":\"EntryPoint\",\"urlTemplate\":\"https:\\\/\\\/www.kaanugrasiz.com\\\/tr\\\/?s={search_term_string}\"},\"query-input\":{\"@type\":\"PropertyValueSpecification\",\"valueRequired\":true,\"valueName\":\"search_term_string\"}}],\"inLanguage\":\"tr\"},{\"@type\":[\"Person\",\"Organization\"],\"@id\":\"https:\\\/\\\/www.kaanugrasiz.com\\\/tr\\\/#\\\/schema\\\/person\\\/c03ebfb2409df5381cad2561495a437e\",\"name\":\"Kaan U\u011fras\u0131z\",\"image\":{\"@type\":\"ImageObject\",\"inLanguage\":\"tr\",\"@id\":\"https:\\\/\\\/www.kaanugrasiz.com\\\/tr\\\/wp-content\\\/uploads\\\/2026\\\/02\\\/cropped-cropped-kaanugrasiz-logo-gold.webp\",\"url\":\"https:\\\/\\\/www.kaanugrasiz.com\\\/tr\\\/wp-content\\\/uploads\\\/2026\\\/02\\\/cropped-cropped-kaanugrasiz-logo-gold.webp\",\"contentUrl\":\"https:\\\/\\\/www.kaanugrasiz.com\\\/tr\\\/wp-content\\\/uploads\\\/2026\\\/02\\\/cropped-cropped-kaanugrasiz-logo-gold.webp\",\"width\":512,\"height\":512,\"caption\":\"Kaan U\u011fras\u0131z\"},\"logo\":{\"@id\":\"https:\\\/\\\/www.kaanugrasiz.com\\\/tr\\\/wp-content\\\/uploads\\\/2026\\\/02\\\/cropped-cropped-kaanugrasiz-logo-gold.webp\"},\"description\":\"Yakla\u015f\u0131k 20 y\u0131ll\u0131k deneyime sahip bir pazarlama ileti\u015fimi profesyoneliyim ve \u00e7e\u015fitli formatlarda nitelikli, anlaml\u0131 ve etkili i\u00e7erikler \u00fcretip yay\u0131nlamaya odaklan\u0131yorum. Bir bireyin veya kurulu\u015fun \u00e7evresiyle uyumlu, d\u00fczenli ve anla\u015f\u0131l\u0131r bir ileti\u015fim kurmas\u0131, mevcut ili\u015fkileri g\u00fc\u00e7lendirmesi ve yeni ili\u015fkiler kurmas\u0131 i\u00e7in gereken t\u00fcm ara\u00e7lar\u0131 s\u0131f\u0131rdan geli\u015ftirebilir ve bu ama\u00e7la yol g\u00f6sterici haritalar olu\u015fturabilirim.\",\"sameAs\":[\"https:\\\/\\\/www.kaanugrasiz.com\\\/tr\",\"https:\\\/\\\/instagram.com\\\/kaanugrasiz\",\"https:\\\/\\\/linkedin.com\\\/in\\\/kaanugrasiz\"],\"url\":\"https:\\\/\\\/www.kaanugrasiz.com\\\/tr\\\/author\\\/travego\"}]}<\/script>\n<!-- \/ Yoast SEO plugin. -->","yoast_head_json":{"title":"Cep telefonlar\u0131n\u0131n yeni \u00e7a\u011f\u0131: Daha az kamera daha \u00e7ok teknoloji","description":"Cep telefonlar\u0131ndaki kamera say\u0131s\u0131 azalma e\u011filiminde. Bunu destekleyen teknoloji ve yakla\u015f\u0131mlar neler, hep birlikte bakal\u0131m.","robots":{"index":"index","follow":"follow","max-snippet":"max-snippet:-1","max-image-preview":"max-image-preview:large","max-video-preview":"max-video-preview:-1"},"canonical":"https:\/\/www.kaanugrasiz.com\/tr\/daha-az-kamera-daha-cok-teknoloji.html","og_locale":"tr_TR","og_type":"article","og_title":"Cep telefonlar\u0131n\u0131n yeni \u00e7a\u011f\u0131: Daha az kamera daha \u00e7ok teknoloji","og_description":"Cep telefonlar\u0131ndaki kamera say\u0131s\u0131 azalma e\u011filiminde. Bunu destekleyen teknoloji ve yakla\u015f\u0131mlar neler, hep birlikte bakal\u0131m.","og_url":"https:\/\/www.kaanugrasiz.com\/tr\/daha-az-kamera-daha-cok-teknoloji.html","og_site_name":"Pazarlama ve marka ileti\u015fimi blogu - Kaan U\u011fras\u0131z","article_published_time":"2025-11-17T04:00:00+00:00","article_modified_time":"2026-01-28T19:09:58+00:00","og_image":[{"width":1920,"height":1280,"url":"https:\/\/www.kaanugrasiz.com\/tr\/wp-content\/uploads\/2025\/11\/Mobil-kameralarin-yeni-cagi-Daha-az-lens-daha-cok-teknoloji.webp","type":"image\/webp"}],"author":"Kaan U\u011fras\u0131z","twitter_card":"summary_large_image","twitter_misc":{"Yazan:":"Kaan U\u011fras\u0131z","Tahmini okuma s\u00fcresi":"11 dakika"},"schema":{"@context":"https:\/\/schema.org","@graph":[{"@type":"Article","@id":"https:\/\/www.kaanugrasiz.com\/tr\/daha-az-kamera-daha-cok-teknoloji.html#article","isPartOf":{"@id":"https:\/\/www.kaanugrasiz.com\/tr\/daha-az-kamera-daha-cok-teknoloji.html"},"author":{"name":"Kaan U\u011fras\u0131z","@id":"https:\/\/www.kaanugrasiz.com\/tr\/#\/schema\/person\/c03ebfb2409df5381cad2561495a437e"},"headline":"Cep telefonlar\u0131n\u0131n yeni \u00e7a\u011f\u0131: Daha az kamera daha \u00e7ok teknoloji","datePublished":"2025-11-17T04:00:00+00:00","dateModified":"2026-01-28T19:09:58+00:00","mainEntityOfPage":{"@id":"https:\/\/www.kaanugrasiz.com\/tr\/daha-az-kamera-daha-cok-teknoloji.html"},"wordCount":2053,"commentCount":0,"publisher":{"@id":"https:\/\/www.kaanugrasiz.com\/tr\/#\/schema\/person\/c03ebfb2409df5381cad2561495a437e"},"image":{"@id":"https:\/\/www.kaanugrasiz.com\/tr\/daha-az-kamera-daha-cok-teknoloji.html#primaryimage"},"thumbnailUrl":"https:\/\/www.kaanugrasiz.com\/tr\/wp-content\/uploads\/2025\/11\/Mobil-kameralarin-yeni-cagi-Daha-az-lens-daha-cok-teknoloji.webp","keywords":["2 kameral\u0131 telefon","5 kameral\u0131 telefon","iphone 16e","iphone 7","iphone 7 plus","iphone air","iphone se","kalite alg\u0131s\u0131","kamera kurulumu","mobil tasar\u0131m trendleri","Nokia","nokia 9","premium segment","samsung s25 edge","yapay zeka ile foto\u011fraf \u00e7ekme","yapay zeka ile foto\u011fraf i\u015fleme","zeiss"],"articleSection":["\u0130leti\u015fim","Pazarlama","Tasar\u0131m","Teknoloji"],"inLanguage":"tr","potentialAction":[{"@type":"CommentAction","name":"Comment","target":["https:\/\/www.kaanugrasiz.com\/tr\/daha-az-kamera-daha-cok-teknoloji.html#respond"]}]},{"@type":"WebPage","@id":"https:\/\/www.kaanugrasiz.com\/tr\/daha-az-kamera-daha-cok-teknoloji.html","url":"https:\/\/www.kaanugrasiz.com\/tr\/daha-az-kamera-daha-cok-teknoloji.html","name":"Cep telefonlar\u0131n\u0131n yeni \u00e7a\u011f\u0131: Daha az kamera daha \u00e7ok teknoloji","isPartOf":{"@id":"https:\/\/www.kaanugrasiz.com\/tr\/#website"},"primaryImageOfPage":{"@id":"https:\/\/www.kaanugrasiz.com\/tr\/daha-az-kamera-daha-cok-teknoloji.html#primaryimage"},"image":{"@id":"https:\/\/www.kaanugrasiz.com\/tr\/daha-az-kamera-daha-cok-teknoloji.html#primaryimage"},"thumbnailUrl":"https:\/\/www.kaanugrasiz.com\/tr\/wp-content\/uploads\/2025\/11\/Mobil-kameralarin-yeni-cagi-Daha-az-lens-daha-cok-teknoloji.webp","datePublished":"2025-11-17T04:00:00+00:00","dateModified":"2026-01-28T19:09:58+00:00","description":"Cep telefonlar\u0131ndaki kamera say\u0131s\u0131 azalma e\u011filiminde. Bunu destekleyen teknoloji ve yakla\u015f\u0131mlar neler, hep birlikte bakal\u0131m.","breadcrumb":{"@id":"https:\/\/www.kaanugrasiz.com\/tr\/daha-az-kamera-daha-cok-teknoloji.html#breadcrumb"},"inLanguage":"tr","potentialAction":[{"@type":"ReadAction","target":["https:\/\/www.kaanugrasiz.com\/tr\/daha-az-kamera-daha-cok-teknoloji.html"]}]},{"@type":"ImageObject","inLanguage":"tr","@id":"https:\/\/www.kaanugrasiz.com\/tr\/daha-az-kamera-daha-cok-teknoloji.html#primaryimage","url":"https:\/\/www.kaanugrasiz.com\/tr\/wp-content\/uploads\/2025\/11\/Mobil-kameralarin-yeni-cagi-Daha-az-lens-daha-cok-teknoloji.webp","contentUrl":"https:\/\/www.kaanugrasiz.com\/tr\/wp-content\/uploads\/2025\/11\/Mobil-kameralarin-yeni-cagi-Daha-az-lens-daha-cok-teknoloji.webp","width":1920,"height":1280},{"@type":"BreadcrumbList","@id":"https:\/\/www.kaanugrasiz.com\/tr\/daha-az-kamera-daha-cok-teknoloji.html#breadcrumb","itemListElement":[{"@type":"ListItem","position":1,"name":"Anasayfa","item":"https:\/\/www.kaanugrasiz.com\/tr\/"},{"@type":"ListItem","position":2,"name":"Cep telefonlar\u0131n\u0131n yeni \u00e7a\u011f\u0131: Daha az kamera daha \u00e7ok teknoloji"}]},{"@type":"WebSite","@id":"https:\/\/www.kaanugrasiz.com\/tr\/#website","url":"https:\/\/www.kaanugrasiz.com\/tr\/","name":"Brand Monday TR","description":"","publisher":{"@id":"https:\/\/www.kaanugrasiz.com\/tr\/#\/schema\/person\/c03ebfb2409df5381cad2561495a437e"},"potentialAction":[{"@type":"SearchAction","target":{"@type":"EntryPoint","urlTemplate":"https:\/\/www.kaanugrasiz.com\/tr\/?s={search_term_string}"},"query-input":{"@type":"PropertyValueSpecification","valueRequired":true,"valueName":"search_term_string"}}],"inLanguage":"tr"},{"@type":["Person","Organization"],"@id":"https:\/\/www.kaanugrasiz.com\/tr\/#\/schema\/person\/c03ebfb2409df5381cad2561495a437e","name":"Kaan U\u011fras\u0131z","image":{"@type":"ImageObject","inLanguage":"tr","@id":"https:\/\/www.kaanugrasiz.com\/tr\/wp-content\/uploads\/2026\/02\/cropped-cropped-kaanugrasiz-logo-gold.webp","url":"https:\/\/www.kaanugrasiz.com\/tr\/wp-content\/uploads\/2026\/02\/cropped-cropped-kaanugrasiz-logo-gold.webp","contentUrl":"https:\/\/www.kaanugrasiz.com\/tr\/wp-content\/uploads\/2026\/02\/cropped-cropped-kaanugrasiz-logo-gold.webp","width":512,"height":512,"caption":"Kaan U\u011fras\u0131z"},"logo":{"@id":"https:\/\/www.kaanugrasiz.com\/tr\/wp-content\/uploads\/2026\/02\/cropped-cropped-kaanugrasiz-logo-gold.webp"},"description":"Yakla\u015f\u0131k 20 y\u0131ll\u0131k deneyime sahip bir pazarlama ileti\u015fimi profesyoneliyim ve \u00e7e\u015fitli formatlarda nitelikli, anlaml\u0131 ve etkili i\u00e7erikler \u00fcretip yay\u0131nlamaya odaklan\u0131yorum. Bir bireyin veya kurulu\u015fun \u00e7evresiyle uyumlu, d\u00fczenli ve anla\u015f\u0131l\u0131r bir ileti\u015fim kurmas\u0131, mevcut ili\u015fkileri g\u00fc\u00e7lendirmesi ve yeni ili\u015fkiler kurmas\u0131 i\u00e7in gereken t\u00fcm ara\u00e7lar\u0131 s\u0131f\u0131rdan geli\u015ftirebilir ve bu ama\u00e7la yol g\u00f6sterici haritalar olu\u015fturabilirim.","sameAs":["https:\/\/www.kaanugrasiz.com\/tr","https:\/\/instagram.com\/kaanugrasiz","https:\/\/linkedin.com\/in\/kaanugrasiz"],"url":"https:\/\/www.kaanugrasiz.com\/tr\/author\/travego"}]}},"uagb_featured_image_src":{"full":["https:\/\/www.kaanugrasiz.com\/tr\/wp-content\/uploads\/2025\/11\/Mobil-kameralarin-yeni-cagi-Daha-az-lens-daha-cok-teknoloji.webp",1920,1280,false],"thumbnail":["https:\/\/www.kaanugrasiz.com\/tr\/wp-content\/uploads\/2025\/11\/Mobil-kameralarin-yeni-cagi-Daha-az-lens-daha-cok-teknoloji-150x150.webp",150,150,true],"medium":["https:\/\/www.kaanugrasiz.com\/tr\/wp-content\/uploads\/2025\/11\/Mobil-kameralarin-yeni-cagi-Daha-az-lens-daha-cok-teknoloji-300x200.webp",300,200,true],"medium_large":["https:\/\/www.kaanugrasiz.com\/tr\/wp-content\/uploads\/2025\/11\/Mobil-kameralarin-yeni-cagi-Daha-az-lens-daha-cok-teknoloji-768x512.webp",768,512,true],"large":["https:\/\/www.kaanugrasiz.com\/tr\/wp-content\/uploads\/2025\/11\/Mobil-kameralarin-yeni-cagi-Daha-az-lens-daha-cok-teknoloji-1024x683.webp",1024,683,true],"1536x1536":["https:\/\/www.kaanugrasiz.com\/tr\/wp-content\/uploads\/2025\/11\/Mobil-kameralarin-yeni-cagi-Daha-az-lens-daha-cok-teknoloji-1536x1024.webp",1536,1024,true],"2048x2048":["https:\/\/www.kaanugrasiz.com\/tr\/wp-content\/uploads\/2025\/11\/Mobil-kameralarin-yeni-cagi-Daha-az-lens-daha-cok-teknoloji.webp",1920,1280,false],"web-stories-poster-portrait":["https:\/\/www.kaanugrasiz.com\/tr\/wp-content\/uploads\/2025\/11\/Mobil-kameralarin-yeni-cagi-Daha-az-lens-daha-cok-teknoloji.webp",640,427,false],"web-stories-publisher-logo":["https:\/\/www.kaanugrasiz.com\/tr\/wp-content\/uploads\/2025\/11\/Mobil-kameralarin-yeni-cagi-Daha-az-lens-daha-cok-teknoloji.webp",96,64,false],"web-stories-thumbnail":["https:\/\/www.kaanugrasiz.com\/tr\/wp-content\/uploads\/2025\/11\/Mobil-kameralarin-yeni-cagi-Daha-az-lens-daha-cok-teknoloji.webp",150,100,false]},"uagb_author_info":{"display_name":"Kaan U\u011fras\u0131z","author_link":"https:\/\/www.kaanugrasiz.com\/tr\/author\/travego"},"uagb_comment_info":0,"uagb_excerpt":"Apple\u2019\u0131n iPhone 7 modelinin Plus olarak adland\u0131r\u0131lan b\u00fcy\u00fck boyunda iki kameraya yer verece\u011fi piyasaya s\u0131zmas\u0131 ayn\u0131 zamanda yeni bir devrin de habercisiydi. Cep telefonlar\u0131na kameran\u0131n gelmesinden sonra insanlarda b\u00f6ylesine heyecan uyand\u0131ran ilk \u015fey belki de bu oldu; \u00e7ift kameral\u0131 telefonlar. Bu kamera yerle\u015fim d\u00fczeni benzer ya da de\u011fi\u015ftirilmi\u015f formlar\u0131yla Apple\u2019dan sonra ba\u015fta ayn\u0131 sekt\u00f6rdeki en...","_links":{"self":[{"href":"https:\/\/www.kaanugrasiz.com\/tr\/wp-json\/wp\/v2\/posts\/1737","targetHints":{"allow":["GET"]}}],"collection":[{"href":"https:\/\/www.kaanugrasiz.com\/tr\/wp-json\/wp\/v2\/posts"}],"about":[{"href":"https:\/\/www.kaanugrasiz.com\/tr\/wp-json\/wp\/v2\/types\/post"}],"author":[{"embeddable":true,"href":"https:\/\/www.kaanugrasiz.com\/tr\/wp-json\/wp\/v2\/users\/1"}],"replies":[{"embeddable":true,"href":"https:\/\/www.kaanugrasiz.com\/tr\/wp-json\/wp\/v2\/comments?post=1737"}],"version-history":[{"count":12,"href":"https:\/\/www.kaanugrasiz.com\/tr\/wp-json\/wp\/v2\/posts\/1737\/revisions"}],"predecessor-version":[{"id":2705,"href":"https:\/\/www.kaanugrasiz.com\/tr\/wp-json\/wp\/v2\/posts\/1737\/revisions\/2705"}],"wp:featuredmedia":[{"embeddable":true,"href":"https:\/\/www.kaanugrasiz.com\/tr\/wp-json\/wp\/v2\/media\/1747"}],"wp:attachment":[{"href":"https:\/\/www.kaanugrasiz.com\/tr\/wp-json\/wp\/v2\/media?parent=1737"}],"wp:term":[{"taxonomy":"category","embeddable":true,"href":"https:\/\/www.kaanugrasiz.com\/tr\/wp-json\/wp\/v2\/categories?post=1737"},{"taxonomy":"post_tag","embeddable":true,"href":"https:\/\/www.kaanugrasiz.com\/tr\/wp-json\/wp\/v2\/tags?post=1737"}],"curies":[{"name":"wp","href":"https:\/\/api.w.org\/{rel}","templated":true}]}}