{"id":1401,"date":"2025-09-17T07:00:00","date_gmt":"2025-09-17T04:00:00","guid":{"rendered":"https:\/\/www.kaanugrasiz.com\/tr\/?p=1401"},"modified":"2025-10-16T10:24:58","modified_gmt":"2025-10-16T07:24:58","slug":"kurumsal-hikaye","status":"publish","type":"post","link":"https:\/\/www.kaanugrasiz.com\/tr\/kurumsal-hikaye.html","title":{"rendered":"Neden her \u015firketin kurumsal hikayesi olmal\u0131?"},"content":{"rendered":"\n<h2 class=\"wp-block-heading\">T\u00fcketicilerin sat\u0131n alma davran\u0131\u015flar\u0131 art\u0131k ge\u00e7mi\u015ften farkl\u0131. Eskiden bir \u00fcr\u00fcn\u00fc yada hizmeti yaln\u0131zca \u201csat\u0131yor\u201d olmak tek ba\u015f\u0131na yeterliyken, bug\u00fcn t\u00fcketicilerin, \u00fcr\u00fcn\u00fc satan ki\u015fiyle do\u011frudan ba\u011f kurmay\u0131 \u00f6nemsiyor.<\/h2>\n\n\n<style>.kb-table-of-content-nav.kb-table-of-content-id1401_c54bb5-db .kb-table-of-content-wrap{padding-top:var(--global-kb-spacing-sm, 1.5rem);padding-right:var(--global-kb-spacing-sm, 1.5rem);padding-bottom:var(--global-kb-spacing-sm, 1.5rem);padding-left:var(--global-kb-spacing-sm, 1.5rem);}.kb-table-of-content-nav.kb-table-of-content-id1401_c54bb5-db .kb-table-of-contents-title-wrap{padding-top:0px;padding-right:0px;padding-bottom:0px;padding-left:0px;}.kb-table-of-content-nav.kb-table-of-content-id1401_c54bb5-db .kb-table-of-contents-title{font-weight:regular;font-style:normal;}.kb-table-of-content-nav.kb-table-of-content-id1401_c54bb5-db .kb-table-of-content-wrap .kb-table-of-content-list{font-weight:regular;font-style:normal;margin-top:var(--global-kb-spacing-sm, 1.5rem);margin-right:0px;margin-bottom:0px;margin-left:0px;}<\/style>\n\n\n<p>Baz\u0131 kahve sat\u0131c\u0131lar\u0131 mekanlar\u0131n\u0131 <strong>evle i\u015fin d\u0131\u015f\u0131ndaki \u00fc\u00e7\u00fcnc\u00fc yer<\/strong> olarak konumland\u0131rmaya \u00e7al\u0131\u015f\u0131yor, teknoloji sa\u011flay\u0131c\u0131lar\u0131 \u00fcr\u00fcnleriyle <strong>hayat\u0131n\u0131 nas\u0131l kolayla\u015ft\u0131rd\u0131\u011f\u0131n\u0131 anlat\u0131yor<\/strong>, Saas hizmeti sunan bir \u015firket yaz\u0131l\u0131m\u0131n\u0131n yo\u011fun beyin g\u00fcc\u00fc gerektiren bordrolama i\u015fini nas\u0131l bir ka\u00e7 t\u0131kla halledebilece\u011fine dikkat \u00e7ekiyor.<\/p>\n\n\n\n<p>\u00d6nemli olan\u0131n <strong>ne satt\u0131\u011f\u0131n<\/strong> oldu\u011fu d\u00f6nem ge\u00e7ti. Buna neden olan en \u00f6nemli \u015fey, <strong>t\u00fcketicilerin sat\u0131c\u0131larla art\u0131k daha \u00e7ok ba\u011f kurmak istemesi<\/strong>.<\/p>\n\n\n\n<p>K\u00fc\u00e7\u00fckl\u00fc\u011f\u00fcne git ve ebevyenlerinden birinin sana uyumadan \u00f6nce anlatt\u0131\u011f\u0131 hikayeleri hat\u0131rla.&nbsp;<\/p>\n\n\n\n<p><strong>Hikaye ba\u011f kurmak i\u00e7in harika bir ara\u00e7 <\/strong>ve kurumsal hikaye, <strong>hedef kitleyle sat\u0131c\u0131n\u0131n aras\u0131ndaki ba\u011f\u0131 g\u00fc\u00e7lendirme<\/strong>nin kuvvetli bir yolu haline geldi.<\/p>\n\n\n\n<h3 class=\"wp-block-heading\"><strong>Tarih\u00e7e ve kurumsal hikaye aras\u0131ndaki belirgin farklar<\/strong><\/h3>\n\n\n\n<p><strong>Kurumsal hikaye<\/strong> kavram\u0131, \u00fczerinde konu\u015fmaya ba\u015flad\u0131\u011f\u0131m\u0131z yeni tip pazarlama ileti\u015fimi metodlar\u0131ndan yaln\u0131zca birisi.<\/p>\n\n\n\n<p><strong>Kurumsal hikayeleri \u015firket tarih\u00e7eleri ile kar\u015f\u0131la\u015ft\u0131rmak b\u00fct\u00fcn\u00fcyle do\u011fru olmamakla birlikte,<\/strong> kurumsal hikayeyi \u015firket tarih\u00e7esinin farkl\u0131 y\u00f6nlere do\u011fru geni\u015fletilmi\u015f ve zenginle\u015ftirilmi\u015f bir versiyonu olarak kabul etmek yanl\u0131\u015f olmaz. <strong>Kurumsal hikaye tarih\u00e7eyi kapsarken tarih\u00e7e kurumsal hikayeyi kapsamaz.<\/strong><\/p>\n\n\n\n<p>\u015eirketin tarih\u00e7esini anlatan kurgudan farkl\u0131 olarak kurumsal hikayeler;<\/p>\n\n\n\n<ul class=\"wp-block-list\">\n<li>\u015eirketin kurumsal ki\u015fili\u011fini birden fazla boyutuyla anlat\u0131r.<\/li>\n\n\n\n<li>\u015eirketin \u00f6nemsedi\u011fi de\u011ferleri daha kapsaml\u0131 ve sebep &#8211; sonu\u00e7 ili\u015fkisi i\u00e7inde sunar.<\/li>\n\n\n\n<li>\u015eirketin tarih\u00e7esinde yer alan \u00f6nemli fig\u00fcrlerin biyografilerine daha kapsaml\u0131 \u015fekilde yer verir.<\/li>\n\n\n\n<li>\u015eirketin i\u015fleri nas\u0131l s\u00fcrd\u00fcrd\u00fc\u011f\u00fcn\u00fc, var olma amac\u0131n\u0131 ve hedeflerini, \u201cmisyon ve vizyon\u201d ad\u0131 alt\u0131nda sadele\u015ftirilmi\u015f metinlerden daha detayl\u0131 ve berrak bir \u015fekilde ifade eder.<\/li>\n<\/ul>\n\n\n\n<p><strong>Kurumsal hikayeler<\/strong>, tarih\u00e7e metinlerinin keskin, \u00fcst\u00fc kapal\u0131 ve detay vermekten uzak dilini yumu\u015fat\u0131r, <strong>tarih\u00e7eye daha samimi ve s\u0131cak bir \u015fekilde yakla\u015f\u0131r<\/strong>, hedefleri \u00f6nceden \u00f6ng\u00f6rmeye \u00e7al\u0131\u015farak <strong>tarih\u00e7enin okuyucuyla aras\u0131na koydu\u011fu mesafeyi kapat\u0131r<\/strong>.<\/p>\n\n\n\n<h3 class=\"wp-block-heading\"><strong>Kurumsal hikaye, kurumsal kimli\u011fin i\u00e7inde nerede duruyor?<\/strong><\/h3>\n\n\n\n<p><strong>Bir kurumsal hikaye \u00fcretmenin temel maksad\u0131<\/strong> \u00f6zetle g\u00f6r\u00fcn\u00fcr olmak ve dijital g\u00fcr\u00fclt\u00fcn\u00fcn i\u00e7inde kaybolmaktan kurtulmak.<\/p>\n\n\n\n<p>Sat\u0131n alma al\u0131\u015fkanl\u0131\u011f\u0131n\u0131n marka bilinirli\u011finden farkl\u0131 odaklara kaymas\u0131yla beraber, markan\u0131n g\u00fcc\u00fcn\u00fc arkaya almak tek ba\u015f\u0131na yeterli olmamaya ba\u015flad\u0131.<\/p>\n\n\n\n<p>Hikaye anlat\u0131c\u0131l\u0131\u011f\u0131, bu a\u015famada pazarlamac\u0131lar\u0131n yeniden ke\u015ffetti\u011fi en \u00f6nemli arg\u00fcmanlardan birisi oldu. K\u00fc\u00e7\u00fckken de hikayelere inan\u0131rd\u0131k, b\u00fcy\u00fcd\u00fc\u011f\u00fcm\u00fczde de inan\u0131yoruz.<\/p>\n\n\n\n<p>Beyaz basic bir ti\u015f\u00f6rt, pamuklu siyah bir tak\u0131m elbise \u00e7orab\u0131 ya da mavi renkli bir boxer\u2026 Bu \u00fcr\u00fcnler yaln\u0131zca bir \u00fcreticinin elinden \u00e7\u0131km\u0131yor. Benzer \u00fcr\u00fcnleri hikaye anlat\u0131m\u0131 yoluyla pazarlamak g\u00fc\u00e7l\u00fc bir sat\u0131\u015f y\u00f6ntemi.<strong> \u00dcr\u00fcnler benzer olabilir, b\u00fct\u00fcn\u00fcyle farkl\u0131 olan \u015fey ise art\u0131k \u00fcr\u00fcn\u00fcn rafa gelene kadarki hikayesi.<\/strong><\/p>\n\n\n\n<p>G\u00fc\u00e7l\u00fc kurumsal hikayelere sahip olmak <strong>yetenekli \u00e7al\u0131\u015fanlar\u0131n \u015firkette \u00e7al\u0131\u015fmay\u0131 tercih etmesinde<\/strong> \u00f6nemli bir neden.<\/p>\n\n\n\n<p>Para kazanman\u0131n yan\u0131nda yan ve sosyal haklar\u0131nda olduk\u00e7a \u00f6nem kazand\u0131\u011f\u0131 g\u00fcn\u00fcm\u00fcz \u00e7al\u0131\u015fma d\u00fcnyas\u0131nda, g\u00fc\u00e7l\u00fc ge\u00e7mi\u015fini iyi bir \u015fekilde anlatmak i\u015fveren rol\u00fcn\u00fc \u00fcstlenirken de rakiplerin aras\u0131ndan s\u0131yr\u0131lmay\u0131 sa\u011fl\u0131yor.<\/p>\n\n\n\n<p>Kurumsal hikaye <strong>yeni \u00e7al\u0131\u015fanlar\u0131 cezbetmeye yarayan bir ara\u00e7<\/strong>ken halihaz\u0131rda i\u00e7erde \u00e7al\u0131\u015fan birinin de <em>ben neden burayad\u0131m<\/em> sorusuna yan\u0131t sa\u011flar. <strong>Bir \u015firkette neden \u00e7al\u0131\u015ft\u0131\u011f\u0131n\u0131 ve hangi hedef do\u011frultusunda i\u015fe gelip gitti\u011fini bilen \u00e7al\u0131\u015fan\u0131n motivasyonu daha y\u00fcksek olur.<\/strong><\/p>\n\n\n\n<p><strong>Kapsaml\u0131 bir tarih\u00e7eyle birlikte \u00fcretildi\u011finde, kurumsal hikayeler \u015firketin gelece\u011fi i\u00e7in bir pusula vazifesi g\u00f6r\u00fcr.<\/strong><\/p>\n\n\n\n<p>Her \u015firket ge\u00e7mi\u015fte zorluklarla kar\u015f\u0131la\u015f\u0131r ve kurumsal hikayeler bunlar\u0131n nas\u0131l atlat\u0131ld\u0131\u011f\u0131n\u0131 anlatmak i\u00e7in harika bir ara\u00e7t\u0131r.<\/p>\n\n\n\n<p>Bu zorluklar\u0131 <strong>d\u00fcr\u00fcst bir \u015fekilde kurumsal hikayenin i\u00e7ine yerle\u015ftirmek<\/strong>, \u015firketin i\u00e7indeki yeni jenerasyon bir y\u00f6neticiye oldu\u011fu kadar, hikayeyi d\u0131\u015fardan okuyan birine de ilham verecektir.<\/p>\n\n\n\n<p>Kurumsal kimlik, <strong>bir kurumsal yap\u0131n\u0131n d\u0131\u015far\u0131dan bak\u0131ld\u0131\u011f\u0131nda nas\u0131l g\u00f6r\u00fcnd\u00fc\u011f\u00fcn\u00fc<\/strong> ve seslendi\u011fini belirlemek i\u00e7in bir araya getirilmi\u015f, birbiri ile uyumlu t\u00fcm bile\u015fenler olarak tan\u0131mlanabilir.\u00a0 Bu paketin i\u00e7inde <strong>genellikle eksik kalan \u015fey ise kimli\u011fin ruhu<\/strong>dur.<\/p>\n\n\n\n<p><strong>Kurumsal hikaye, kurumsal kimli\u011fin i\u00e7inde eksik kalan ruhu temsil eder<\/strong>, kurumsal kimli\u011finb\u00fct\u00fcn\u00fcn\u00fcn arkas\u0131ndaki anlamd\u0131r.<\/p>\n\n\n\n<p>E\u011fer kurumsal kimli\u011fin ne anlama geldi\u011fini sen&nbsp; anlatmazsan, birileri senin yerine yapar.<\/p>\n\n\n\n<h3 class=\"wp-block-heading\"><strong>Kurumsal hikaye nas\u0131l yaz\u0131l\u0131r?<\/strong><\/h3>\n\n\n\n<p>Kurumsal hikayeler ne tu\u011fla kal\u0131nl\u0131\u011f\u0131nda a\u011f\u0131r psikolojik bir kitap ne de yapay zekadan yard\u0131m al\u0131narak yaz\u0131lm\u0131\u015f basit a\u015fk romanlar\u0131 de\u011fildir.<\/p>\n\n\n\n<p>\u0130yi bir kurumsal hikaye <strong>d\u00fcr\u00fcst<\/strong>t\u00fcr ve i\u00e7inde ge\u00e7en her olay do\u011fru \u015fekilde yaz\u0131lm\u0131\u015ft\u0131r.\u00a0<\/p>\n\n\n\n<p><strong>Basit bir dille<\/strong> yaz\u0131l\u0131r, ilgi \u00e7ekicidir, iyi yaz\u0131lm\u0131\u015f bir roman gibi kurulmu\u015ftur, dili ak\u0131c\u0131d\u0131r, s\u00f6ylemleri nettir ve kafa kar\u0131\u015f\u0131kl\u0131\u011f\u0131 yaratmadan tek hat\u00a0 \u00fczerinde ilerleyerek hikayeyi ge\u00e7mi\u015fteki bir noktadan alarak i\u00e7inde ya\u015fan\u0131lan d\u00f6neme kadar kesintisiz bi\u00e7imde ta\u015f\u0131r.<\/p>\n\n\n\n<p>\u015eirket i\u00e7in bir kurumsal hikaye yaz\u0131m\u0131, di\u011fer t\u00fcrlerde hikaye \u00fcretmekten \u00e7ok farkl\u0131 de\u011fil. Ortaya \u00e7\u0131kacak \u015fey samimi bir anlat\u0131.&nbsp;<\/p>\n\n\n\n<p>Kurumsal hikayenin, <strong>\u00fcr\u00fcn satmaktan daha b\u00fcy\u00fck bir amac\u0131<\/strong> oldu\u011fu g\u00f6zard\u0131 edilmemeli. Kurumsal hikaye bir <strong>vizyonu ortaya koyar<\/strong>, okuyana kendi\u011fi bir de\u011ferin par\u00e7as\u0131 gibi hissettirir.<\/p>\n\n\n\n<p>Dolay\u0131s\u0131yla bir kurumsal hikaye yazmaya ba\u015flamadan \u00f6nce, yan\u0131t\u0131 bulunmas\u0131 gereken ilk sorular <em>bu \u015firket neden kuruldu<\/em> ve <em>biz neden var\u0131z<\/em> olabilir.<\/p>\n\n\n\n<p>Bu soruya ger\u00e7ek bir yan\u0131t bularak ve bunu samimi bir \u015fekilde ifade ederek i\u015fe ba\u015flayabilirsin.<\/p>\n\n\n\n<p><strong>Bunun ard\u0131ndan \u015fu sorulara yan\u0131t bulmay\u0131 dene:<\/strong><\/p>\n\n\n\n<ol class=\"wp-block-list\">\n<li><em>Bu \u015firket neden kuruldu?<\/em><\/li>\n\n\n\n<li><em>Biz neden var\u0131z?<\/em><\/li>\n\n\n\n<li>Nas\u0131l ba\u015flad\u0131k? (Hikayenin fiziki ba\u015flang\u0131\u00e7 noktas\u0131)<\/li>\n\n\n\n<li>Neye inan\u0131yoruz? (Hikayeyi \u00f6nemli k\u0131lan de\u011fer)<\/li>\n\n\n\n<li>Neler yap\u0131yoruz?<\/li>\n\n\n\n<li>Hedefimiz ne?<\/li>\n<\/ol>\n\n\n\n<p><strong>Kurumsal hikayeyi yazmaya ba\u015flamadan \u00f6nce\u00a0 \u015fu sorulara yan\u0131t bul:<\/strong><\/p>\n\n\n\n<ul class=\"wp-block-list\">\n<li>Hikayeyi kim okuyacak?<\/li>\n\n\n\n<li>Hikayenin i\u00e7inde yer verilecek anektodlar neler?<\/li>\n\n\n\n<li>\u015eirket k\u00fclt\u00fcr\u00fcnde \u00f6ne \u00e7\u0131kan de\u011ferler neler?<\/li>\n\n\n\n<li>Hangi hikaye \u015fablonu kullan\u0131lacak?<\/li>\n<\/ul>\n\n\n\n<p>Giri\u015f k\u0131sm\u0131n\u0131n ard\u0131ndan, kalbinde ger\u00e7ek anektodlar vard\u0131r.<\/p>\n\n\n\n<p>K\u00fc\u00e7\u00fck fakat <strong>b\u00fcy\u00fck anlam ta\u015f\u0131yan m\u00fccadeleler<\/strong>, ilk ofis \/ tesis, ilk sipari\u015f, ilk ihracat, ilk m\u00fc\u015fteri yorumu hikayeyi besleyecek \u00f6nemli d\u00f6n\u00fcm noktalar\u0131n\u0131 olu\u015fturur.<\/p>\n\n\n\n<p>Bunlar <strong>hikayeyi canl\u0131 tutan<\/strong> ve hikayeyi kurarken <strong>anlat\u0131c\u0131ya kolayl\u0131k sa\u011flayan<\/strong> g\u00fcvenli noktalar.<\/p>\n\n\n\n<p>Hikayeyi <strong>belli bir model \u00fczerine oturtmak ve kurguyu bu modele g\u00f6re yapmak<\/strong> anlat\u0131c\u0131n\u0131n i\u015fini kolayla\u015ft\u0131racakt\u0131r.<\/p>\n\n\n\n<p>En \u00e7ok kullan\u0131lan kurumsal hikaye modelleri i\u00e7inde <em>s\u0131f\u0131rdan zirveye \u00e7\u0131kan bir kahraman\u0131n ini\u015fli \u00e7\u0131k\u0131\u015fl\u0131 yolculu\u011fu<\/em>, <em>\u00e7evresini daha iyi bir yer haline getirmeye \u00e7al\u0131\u015fan bir misyonun geli\u015fimi<\/em> ve <em>devaml\u0131 olarak yenilik pe\u015finde olan \u015firketin g\u00f6z dolduran ba\u015far\u0131lar\u0131<\/em> gibi temalar\u0131 sayabilirim.<\/p>\n\n\n\n<p>Kurumsal hikayeleri tarih\u00e7e yaz\u0131m\u0131nda oldu\u011fu gibi <strong>d\u00fcz ve duygulardan uzak bir \u015fekilde<\/strong> ifade etmek yerine okuyucunun kafas\u0131nda merak uyand\u0131r\u0131c\u0131 bi\u00e7imde yazmak ba\u011f kurman\u0131n \u00f6nemli ve ger\u00e7ek bir yolu.<strong> Hikayeyi olu\u015ftururken hangi \u015fablonu se\u00e7ersen se\u00e7,<\/strong> hikayenin kar\u015f\u0131 tarafta bir anlam bulmas\u0131n\u0131n en \u00f6nemli anahtar\u0131 <strong>ger\u00e7eklik duygusu<\/strong>nu bar\u0131nd\u0131rmas\u0131. Kurumsal hikayeleri di\u011fer hikaye t\u00fcrlerinden ay\u0131ran en \u00f6nemli \u00f6zelli\u011fi de bu.<\/p>\n\n\n\n<h3 class=\"wp-block-heading\"><strong>Kurumsal hikaye yazanlar i\u00e7in basit \u00f6neriler<\/strong><\/h3>\n\n\n\n<ul class=\"wp-block-list\">\n<li>Hikayeyi karma\u015f\u0131kla\u015ft\u0131rma, abartma, jargon kullan\u0131m\u0131n\u0131 ve anlat\u0131m\u0131 basit tut fakat i\u00e7ine duygular\u0131 kat.<\/li>\n\n\n\n<li>Do\u011frudan anlatmak yerine dolayl\u0131 ve verilerle desteklenmi\u015f bir anlat\u0131m\u0131 benimse.<\/li>\n\n\n\n<li>Kurumsal hikaye yaln\u0131zca web sitesinde de\u011fil, sosyal medyada, yat\u0131r\u0131mc\u0131 toplant\u0131lar\u0131nda, ekibe yeni kat\u0131lanlara verdi\u011fin oryantasyonda, kat\u0131l\u0131m sa\u011flanan organizasyonlarda, online sunumlarda var olmay\u0131 ba\u015farmal\u0131.<\/li>\n\n\n\n<li>\u00dcretti\u011fin metni test et. \u0130nsanlar\u0131n bu metni okumas\u0131 ve geri bildirim vermesi i\u00e7in gerekli aksiyonlar\u0131 al.<\/li>\n\n\n\n<li>Hikayeyi her y\u0131l\u0131n ba\u015f\u0131nda g\u00f6zden ge\u00e7irerek bir \u00f6nceki y\u0131l ger\u00e7ekle\u015fen yeni geli\u015fmeleri d\u00fczenli olarak hikayaye ekle.<\/li>\n<\/ul>\n\n\n\n<h3 class=\"wp-block-heading\"><strong>Kurumsal hikaye yazarken yapay zekadan nas\u0131l yard\u0131m alabilirsin?<\/strong><\/h3>\n\n\n\n<p>Bir yazar\u0131n <strong>hikaye yazarken kar\u015f\u0131la\u015ft\u0131\u011f\u0131 en b\u00fcy\u00fck zorluklardan biri<\/strong>, kafas\u0131n\u0131n i\u00e7inde ak\u0131p giden <strong>d\u00fc\u015f\u00fcnceleri d\u00fczenli ve ak\u0131c\u0131 bir \u015fekilde arka arkaya s\u0131ralamak<\/strong>, yani hikayeyi d\u00fczenli bir yap\u0131ya oturtmak.<\/p>\n\n\n\n<p>Yapay zeka ara\u00e7lar\u0131, hikaye anlat\u0131c\u0131ya bu a\u015famada baz\u0131 kolayl\u0131klar sa\u011flayabilir. <strong>Karma\u015f\u0131k \u015fekilde tutulan notlar\u0131 d\u00fczenlemek, hiyerar\u015fiyi belirlemek, hikayenin kurgusunun ana iskeletini olu\u015fturmak, belgelerin \u00f6zetlerini \u00e7\u0131karmak, hikayenin dilini talep edilen tona g\u00f6re belirlemek yapay zekan\u0131n sundu\u011fu baz\u0131 avantajlar aras\u0131nda.<\/strong> B\u00f6ylece \u00fczerinde saatlerce \u00e7al\u0131\u015f\u0131larak halledilebilecek baz\u0131 i\u015fler k\u0131sa s\u00fcre i\u00e7inde hallolur.<\/p>\n\n\n\n<p>Yapay zekan\u0131n bir di\u011fer \u00f6nemli avantaj\u0131, farkl\u0131 hedef kitlelere y\u00f6nelik farkl\u0131 tonlarda yaz\u0131lm\u0131\u015f i\u00e7eri\u011fi optimize edilmi\u015f i\u00e7eriklerin olu\u015fturulmas\u0131n\u0131 kolayla\u015ft\u0131rmas\u0131.\u00a0<\/p>\n\n\n\n<p>\u00d6rnek vermek gerekirse, <strong>yat\u0131r\u0131mc\u0131lara y\u00f6nelik daha finansal<\/strong>, analitik ve y\u00f6netimle ilgili detaylar\u0131 bar\u0131nd\u0131ran bir versiyonu, <strong>\u00e7al\u0131\u015fanlara y\u00f6nelik daha motive edici ve pozitif<\/strong> bir versiyon, <strong>m\u00fc\u015fterilere y\u00f6nelik daha duygusal<\/strong> bir kurumsal hikaye versiyonunu detaylar\u0131 g\u00f6zden ka\u00e7\u0131rmadan \u00fcretmek daha kolay ve h\u0131zl\u0131.\u00a0<\/p>\n\n\n\n<p>K\u0131saca, yapay zeka do\u011fru bir \u015fekilde kullan\u0131ld\u0131\u011f\u0131nda kurumsal hikayeyi <strong>yaln\u0131zca g\u00f6zden ge\u00e7irmek i\u00e7in de\u011fil, yeri geldi\u011finde d\u00fczenlemek, hikayenin ritmini ayarlamak, gidi\u015fat\u0131n\u0131 g\u00fc\u00e7lendirmek ve ikna g\u00fcc\u00fcn\u00fc katlamak i\u00e7in de kullan\u0131labilir<\/strong>.<\/p>\n\n\n\n<p>Kurumsal hikayeyi b\u00fct\u00fcn\u00fcyle yapay zekaya emanet etmek \u015fu an i\u00e7in iyi bir fikir gibi g\u00f6r\u00fcnm\u00fcyor, fakat ondan destek alarak hikayeyi g\u00fc\u00e7lendirmek ve daha ak\u0131c\u0131 hale getirmek m\u00fcmk\u00fcn.<\/p>\n\n\n\n<h3 class=\"wp-block-heading\">Baz\u0131 dikkat \u00e7ekici kurumsal hikaye \u00f6rnekleri<\/h3>\n\n\n\n<ul class=\"wp-block-list\">\n<li><a href=\"https:\/\/www.patagonia.com\/company-history\" target=\"_blank\" rel=\"noreferrer noopener\">Patagonia<\/a><\/li>\n\n\n\n<li><a href=\"https:\/\/www.camper.com\/en_US\/content\/history\" target=\"_blank\" rel=\"noreferrer noopener\">Camper<\/a> <\/li>\n\n\n\n<li><a href=\"https:\/\/www.mercedes-benz.com\/en\/innovation\/milestones\/corporate-history\/\" target=\"_blank\" rel=\"noreferrer noopener\">Mercedes-Benz<\/a><\/li>\n\n\n\n<li><a href=\"https:\/\/www.swatchgroup.com\/en\/swatch-group\/swatch-group-history\" target=\"_blank\" rel=\"noreferrer noopener\">Swatch<\/a><\/li>\n\n\n\n<li><a href=\"https:\/\/www.samsung.com\/us\/about-us\/leadership-and-mission\/heritage\/\" target=\"_blank\" rel=\"noreferrer noopener\">Samsung<\/a><\/li>\n<\/ul>\n\n\n\n<p>&#8230;<\/p>\n\n\n\n<p>Kurumsal hikaye, kurumsal kimli\u011fin i\u00e7inde kendine yer bulan sevimli bir birim de\u011fil. Bug\u00fcnlerde <strong>\u015firketler i\u00e7in kendileriyle ilgili hikaye anlatmak bir se\u00e7enek de\u011fil, art\u0131k bir zorunluluk.<\/strong>\u00a0<\/p>\n\n\n\n<p>\u0130ster yeni ba\u015flayan bir start-up olun ister \u00e7ok k\u00f6kl\u00fc bir \u015firket\u2026 Bu t\u00fcrden bir i\u00e7erik, <strong>t\u00fcketicilerin markaya g\u00fcven duymas\u0131n\u0131 sa\u011flamak, bu g\u00fcveni ve m\u00fc\u015fteri sadakatini peki\u015ftirmek, farkl\u0131la\u015fmak; hatta \u00e7al\u0131\u015fan ba\u011fl\u0131l\u0131\u011f\u0131n\u0131 g\u00fc\u00e7lendirmek i\u00e7in<\/strong> iyi bir ara\u00e7.<\/p>\n\n\n\n<p>D\u00fcnya d\u00f6n\u00fcyor; seni unutulmaz k\u0131lan \u015fey tek ba\u015f\u0131na \u00fcr\u00fcnlerin olmayacak, hikayenle insanlar\u0131n zihinlerinde ya\u015fayacaks\u0131n.<\/p>\n","protected":false},"excerpt":{"rendered":"<p>T\u00fcketicilerin sat\u0131n alma davran\u0131\u015flar\u0131 art\u0131k ge\u00e7mi\u015ften farkl\u0131. Eskiden bir \u00fcr\u00fcn\u00fc yada hizmeti yaln\u0131zca \u201csat\u0131yor\u201d olmak tek ba\u015f\u0131na yeterliyken, bug\u00fcn t\u00fcketicilerin, \u00fcr\u00fcn\u00fc satan ki\u015fiyle do\u011frudan ba\u011f kurmay\u0131 \u00f6nemsiyor. Baz\u0131 kahve sat\u0131c\u0131lar\u0131 mekanlar\u0131n\u0131 evle i\u015fin d\u0131\u015f\u0131ndaki \u00fc\u00e7\u00fcnc\u00fc yer olarak konumland\u0131rmaya \u00e7al\u0131\u015f\u0131yor, teknoloji sa\u011flay\u0131c\u0131lar\u0131 \u00fcr\u00fcnleriyle hayat\u0131n\u0131 nas\u0131l kolayla\u015ft\u0131rd\u0131\u011f\u0131n\u0131 anlat\u0131yor, Saas hizmeti sunan bir \u015firket yaz\u0131l\u0131m\u0131n\u0131n yo\u011fun beyin g\u00fcc\u00fc&#8230;<\/p>\n","protected":false},"author":1,"featured_media":1402,"comment_status":"open","ping_status":"open","sticky":false,"template":"","format":"standard","meta":{"_coblocks_attr":"","_coblocks_dimensions":"","_coblocks_responsive_height":"","_coblocks_accordion_ie_support":"","_uag_custom_page_level_css":"","_kadence_starter_templates_imported_post":false,"_kad_post_transparent":"","_kad_post_title":"","_kad_post_layout":"","_kad_post_sidebar_id":"","_kad_post_content_style":"","_kad_post_vertical_padding":"","_kad_post_feature":"","_kad_post_feature_position":"","_kad_post_header":false,"_kad_post_footer":false,"footnotes":""},"categories":[375,221],"tags":[427,430,428,431,432,429],"class_list":["post-1401","post","type-post","status-publish","format-standard","has-post-thumbnail","hentry","category-is-hayati","category-one-cikanlar","tag-kurumsal-hikaye","tag-kurumsal-hikaye-ve-tarihce-arasindaki-farklar","tag-kurumsal-hikaye-yazimi","tag-marka-sadakati-gelistirmek","tag-musteride-guven-uyandirmak","tag-tarihce"],"yoast_head":"<!-- This site is optimized with the Yoast SEO plugin v27.3 - https:\/\/yoast.com\/product\/yoast-seo-wordpress\/ -->\n<title>Neden her \u015firketin kurumsal hikayesi olmal\u0131?<\/title>\n<meta name=\"description\" content=\"Markan\u0131 t\u00fcketicilere anlatman\u0131n etkili bir yolu olan kurumsal hikaye hakk\u0131nda detayl\u0131, kapsaml\u0131 ve \u00f6nerilersunan bir rehber.\" \/>\n<meta name=\"robots\" content=\"index, follow, max-snippet:-1, max-image-preview:large, max-video-preview:-1\" \/>\n<link rel=\"canonical\" href=\"https:\/\/www.kaanugrasiz.com\/tr\/kurumsal-hikaye.html\" \/>\n<meta property=\"og:locale\" content=\"tr_TR\" \/>\n<meta property=\"og:type\" content=\"article\" \/>\n<meta property=\"og:title\" content=\"Neden her \u015firketin kurumsal hikayesi olmal\u0131?\" \/>\n<meta property=\"og:description\" content=\"Markan\u0131 t\u00fcketicilere anlatman\u0131n etkili bir yolu olan kurumsal hikaye hakk\u0131nda detayl\u0131, kapsaml\u0131 ve \u00f6nerilersunan bir rehber.\" \/>\n<meta property=\"og:url\" content=\"https:\/\/www.kaanugrasiz.com\/tr\/kurumsal-hikaye.html\" \/>\n<meta property=\"og:site_name\" content=\"Pazarlama ve marka ileti\u015fimi blogu - Kaan U\u011fras\u0131z\" \/>\n<meta property=\"article:published_time\" content=\"2025-09-17T04:00:00+00:00\" \/>\n<meta property=\"article:modified_time\" content=\"2025-10-16T07:24:58+00:00\" \/>\n<meta property=\"og:image\" content=\"https:\/\/www.kaanugrasiz.com\/tr\/wp-content\/uploads\/2025\/10\/neden-her-sirketin-kendi-kurumsal-hikayesi-olmali.webp\" \/>\n\t<meta property=\"og:image:width\" content=\"1100\" \/>\n\t<meta property=\"og:image:height\" content=\"770\" \/>\n\t<meta property=\"og:image:type\" content=\"image\/webp\" \/>\n<meta name=\"author\" content=\"Kaan U\u011fras\u0131z\" \/>\n<meta name=\"twitter:card\" content=\"summary_large_image\" \/>\n<meta name=\"twitter:label1\" content=\"Yazan:\" \/>\n\t<meta name=\"twitter:data1\" content=\"Kaan U\u011fras\u0131z\" \/>\n\t<meta name=\"twitter:label2\" content=\"Tahmini okuma s\u00fcresi\" \/>\n\t<meta name=\"twitter:data2\" content=\"9 dakika\" \/>\n<script type=\"application\/ld+json\" class=\"yoast-schema-graph\">{\"@context\":\"https:\\\/\\\/schema.org\",\"@graph\":[{\"@type\":\"Article\",\"@id\":\"https:\\\/\\\/www.kaanugrasiz.com\\\/tr\\\/kurumsal-hikaye.html#article\",\"isPartOf\":{\"@id\":\"https:\\\/\\\/www.kaanugrasiz.com\\\/tr\\\/kurumsal-hikaye.html\"},\"author\":{\"name\":\"Kaan U\u011fras\u0131z\",\"@id\":\"https:\\\/\\\/www.kaanugrasiz.com\\\/tr\\\/#\\\/schema\\\/person\\\/c03ebfb2409df5381cad2561495a437e\"},\"headline\":\"Neden her \u015firketin kurumsal hikayesi olmal\u0131?\",\"datePublished\":\"2025-09-17T04:00:00+00:00\",\"dateModified\":\"2025-10-16T07:24:58+00:00\",\"mainEntityOfPage\":{\"@id\":\"https:\\\/\\\/www.kaanugrasiz.com\\\/tr\\\/kurumsal-hikaye.html\"},\"wordCount\":1870,\"commentCount\":2,\"publisher\":{\"@id\":\"https:\\\/\\\/www.kaanugrasiz.com\\\/tr\\\/#\\\/schema\\\/person\\\/c03ebfb2409df5381cad2561495a437e\"},\"image\":{\"@id\":\"https:\\\/\\\/www.kaanugrasiz.com\\\/tr\\\/kurumsal-hikaye.html#primaryimage\"},\"thumbnailUrl\":\"https:\\\/\\\/www.kaanugrasiz.com\\\/tr\\\/wp-content\\\/uploads\\\/2025\\\/10\\\/neden-her-sirketin-kendi-kurumsal-hikayesi-olmali.webp\",\"keywords\":[\"kurumsal hikaye\",\"kurumsal hikaye ve tarih\u00e7e aras\u0131ndaki farklar\",\"kurumsal hikaye yaz\u0131m\u0131\",\"marka sadakati geli\u015ftirmek\",\"m\u00fc\u015fteride g\u00fcven uyand\u0131rmak\",\"tarih\u00e7e\"],\"articleSection\":[\"\u0130\u015f hayat\u0131\",\"\u00d6ne \u00e7\u0131kanlar\"],\"inLanguage\":\"tr\",\"potentialAction\":[{\"@type\":\"CommentAction\",\"name\":\"Comment\",\"target\":[\"https:\\\/\\\/www.kaanugrasiz.com\\\/tr\\\/kurumsal-hikaye.html#respond\"]}]},{\"@type\":\"WebPage\",\"@id\":\"https:\\\/\\\/www.kaanugrasiz.com\\\/tr\\\/kurumsal-hikaye.html\",\"url\":\"https:\\\/\\\/www.kaanugrasiz.com\\\/tr\\\/kurumsal-hikaye.html\",\"name\":\"Neden her \u015firketin kurumsal hikayesi olmal\u0131?\",\"isPartOf\":{\"@id\":\"https:\\\/\\\/www.kaanugrasiz.com\\\/tr\\\/#website\"},\"primaryImageOfPage\":{\"@id\":\"https:\\\/\\\/www.kaanugrasiz.com\\\/tr\\\/kurumsal-hikaye.html#primaryimage\"},\"image\":{\"@id\":\"https:\\\/\\\/www.kaanugrasiz.com\\\/tr\\\/kurumsal-hikaye.html#primaryimage\"},\"thumbnailUrl\":\"https:\\\/\\\/www.kaanugrasiz.com\\\/tr\\\/wp-content\\\/uploads\\\/2025\\\/10\\\/neden-her-sirketin-kendi-kurumsal-hikayesi-olmali.webp\",\"datePublished\":\"2025-09-17T04:00:00+00:00\",\"dateModified\":\"2025-10-16T07:24:58+00:00\",\"description\":\"Markan\u0131 t\u00fcketicilere anlatman\u0131n etkili bir yolu olan kurumsal hikaye hakk\u0131nda detayl\u0131, kapsaml\u0131 ve \u00f6nerilersunan bir rehber.\",\"breadcrumb\":{\"@id\":\"https:\\\/\\\/www.kaanugrasiz.com\\\/tr\\\/kurumsal-hikaye.html#breadcrumb\"},\"inLanguage\":\"tr\",\"potentialAction\":[{\"@type\":\"ReadAction\",\"target\":[\"https:\\\/\\\/www.kaanugrasiz.com\\\/tr\\\/kurumsal-hikaye.html\"]}]},{\"@type\":\"ImageObject\",\"inLanguage\":\"tr\",\"@id\":\"https:\\\/\\\/www.kaanugrasiz.com\\\/tr\\\/kurumsal-hikaye.html#primaryimage\",\"url\":\"https:\\\/\\\/www.kaanugrasiz.com\\\/tr\\\/wp-content\\\/uploads\\\/2025\\\/10\\\/neden-her-sirketin-kendi-kurumsal-hikayesi-olmali.webp\",\"contentUrl\":\"https:\\\/\\\/www.kaanugrasiz.com\\\/tr\\\/wp-content\\\/uploads\\\/2025\\\/10\\\/neden-her-sirketin-kendi-kurumsal-hikayesi-olmali.webp\",\"width\":1100,\"height\":770},{\"@type\":\"BreadcrumbList\",\"@id\":\"https:\\\/\\\/www.kaanugrasiz.com\\\/tr\\\/kurumsal-hikaye.html#breadcrumb\",\"itemListElement\":[{\"@type\":\"ListItem\",\"position\":1,\"name\":\"Anasayfa\",\"item\":\"https:\\\/\\\/www.kaanugrasiz.com\\\/tr\\\/\"},{\"@type\":\"ListItem\",\"position\":2,\"name\":\"Neden her \u015firketin kurumsal hikayesi olmal\u0131?\"}]},{\"@type\":\"WebSite\",\"@id\":\"https:\\\/\\\/www.kaanugrasiz.com\\\/tr\\\/#website\",\"url\":\"https:\\\/\\\/www.kaanugrasiz.com\\\/tr\\\/\",\"name\":\"Brand Monday TR\",\"description\":\"\",\"publisher\":{\"@id\":\"https:\\\/\\\/www.kaanugrasiz.com\\\/tr\\\/#\\\/schema\\\/person\\\/c03ebfb2409df5381cad2561495a437e\"},\"potentialAction\":[{\"@type\":\"SearchAction\",\"target\":{\"@type\":\"EntryPoint\",\"urlTemplate\":\"https:\\\/\\\/www.kaanugrasiz.com\\\/tr\\\/?s={search_term_string}\"},\"query-input\":{\"@type\":\"PropertyValueSpecification\",\"valueRequired\":true,\"valueName\":\"search_term_string\"}}],\"inLanguage\":\"tr\"},{\"@type\":[\"Person\",\"Organization\"],\"@id\":\"https:\\\/\\\/www.kaanugrasiz.com\\\/tr\\\/#\\\/schema\\\/person\\\/c03ebfb2409df5381cad2561495a437e\",\"name\":\"Kaan U\u011fras\u0131z\",\"image\":{\"@type\":\"ImageObject\",\"inLanguage\":\"tr\",\"@id\":\"https:\\\/\\\/www.kaanugrasiz.com\\\/tr\\\/wp-content\\\/uploads\\\/2026\\\/02\\\/cropped-cropped-kaanugrasiz-logo-gold.webp\",\"url\":\"https:\\\/\\\/www.kaanugrasiz.com\\\/tr\\\/wp-content\\\/uploads\\\/2026\\\/02\\\/cropped-cropped-kaanugrasiz-logo-gold.webp\",\"contentUrl\":\"https:\\\/\\\/www.kaanugrasiz.com\\\/tr\\\/wp-content\\\/uploads\\\/2026\\\/02\\\/cropped-cropped-kaanugrasiz-logo-gold.webp\",\"width\":512,\"height\":512,\"caption\":\"Kaan U\u011fras\u0131z\"},\"logo\":{\"@id\":\"https:\\\/\\\/www.kaanugrasiz.com\\\/tr\\\/wp-content\\\/uploads\\\/2026\\\/02\\\/cropped-cropped-kaanugrasiz-logo-gold.webp\"},\"description\":\"Yakla\u015f\u0131k 20 y\u0131ll\u0131k deneyime sahip bir pazarlama ileti\u015fimi profesyoneliyim ve \u00e7e\u015fitli formatlarda nitelikli, anlaml\u0131 ve etkili i\u00e7erikler \u00fcretip yay\u0131nlamaya odaklan\u0131yorum. Bir bireyin veya kurulu\u015fun \u00e7evresiyle uyumlu, d\u00fczenli ve anla\u015f\u0131l\u0131r bir ileti\u015fim kurmas\u0131, mevcut ili\u015fkileri g\u00fc\u00e7lendirmesi ve yeni ili\u015fkiler kurmas\u0131 i\u00e7in gereken t\u00fcm ara\u00e7lar\u0131 s\u0131f\u0131rdan geli\u015ftirebilir ve bu ama\u00e7la yol g\u00f6sterici haritalar olu\u015fturabilirim.\",\"sameAs\":[\"https:\\\/\\\/www.kaanugrasiz.com\\\/tr\",\"https:\\\/\\\/instagram.com\\\/kaanugrasiz\",\"https:\\\/\\\/linkedin.com\\\/in\\\/kaanugrasiz\"],\"url\":\"https:\\\/\\\/www.kaanugrasiz.com\\\/tr\\\/author\\\/travego\"}]}<\/script>\n<!-- \/ Yoast SEO plugin. -->","yoast_head_json":{"title":"Neden her \u015firketin kurumsal hikayesi olmal\u0131?","description":"Markan\u0131 t\u00fcketicilere anlatman\u0131n etkili bir yolu olan kurumsal hikaye hakk\u0131nda detayl\u0131, kapsaml\u0131 ve \u00f6nerilersunan bir rehber.","robots":{"index":"index","follow":"follow","max-snippet":"max-snippet:-1","max-image-preview":"max-image-preview:large","max-video-preview":"max-video-preview:-1"},"canonical":"https:\/\/www.kaanugrasiz.com\/tr\/kurumsal-hikaye.html","og_locale":"tr_TR","og_type":"article","og_title":"Neden her \u015firketin kurumsal hikayesi olmal\u0131?","og_description":"Markan\u0131 t\u00fcketicilere anlatman\u0131n etkili bir yolu olan kurumsal hikaye hakk\u0131nda detayl\u0131, kapsaml\u0131 ve \u00f6nerilersunan bir rehber.","og_url":"https:\/\/www.kaanugrasiz.com\/tr\/kurumsal-hikaye.html","og_site_name":"Pazarlama ve marka ileti\u015fimi blogu - Kaan U\u011fras\u0131z","article_published_time":"2025-09-17T04:00:00+00:00","article_modified_time":"2025-10-16T07:24:58+00:00","og_image":[{"width":1100,"height":770,"url":"https:\/\/www.kaanugrasiz.com\/tr\/wp-content\/uploads\/2025\/10\/neden-her-sirketin-kendi-kurumsal-hikayesi-olmali.webp","type":"image\/webp"}],"author":"Kaan U\u011fras\u0131z","twitter_card":"summary_large_image","twitter_misc":{"Yazan:":"Kaan U\u011fras\u0131z","Tahmini okuma s\u00fcresi":"9 dakika"},"schema":{"@context":"https:\/\/schema.org","@graph":[{"@type":"Article","@id":"https:\/\/www.kaanugrasiz.com\/tr\/kurumsal-hikaye.html#article","isPartOf":{"@id":"https:\/\/www.kaanugrasiz.com\/tr\/kurumsal-hikaye.html"},"author":{"name":"Kaan U\u011fras\u0131z","@id":"https:\/\/www.kaanugrasiz.com\/tr\/#\/schema\/person\/c03ebfb2409df5381cad2561495a437e"},"headline":"Neden her \u015firketin kurumsal hikayesi olmal\u0131?","datePublished":"2025-09-17T04:00:00+00:00","dateModified":"2025-10-16T07:24:58+00:00","mainEntityOfPage":{"@id":"https:\/\/www.kaanugrasiz.com\/tr\/kurumsal-hikaye.html"},"wordCount":1870,"commentCount":2,"publisher":{"@id":"https:\/\/www.kaanugrasiz.com\/tr\/#\/schema\/person\/c03ebfb2409df5381cad2561495a437e"},"image":{"@id":"https:\/\/www.kaanugrasiz.com\/tr\/kurumsal-hikaye.html#primaryimage"},"thumbnailUrl":"https:\/\/www.kaanugrasiz.com\/tr\/wp-content\/uploads\/2025\/10\/neden-her-sirketin-kendi-kurumsal-hikayesi-olmali.webp","keywords":["kurumsal hikaye","kurumsal hikaye ve tarih\u00e7e aras\u0131ndaki farklar","kurumsal hikaye yaz\u0131m\u0131","marka sadakati geli\u015ftirmek","m\u00fc\u015fteride g\u00fcven uyand\u0131rmak","tarih\u00e7e"],"articleSection":["\u0130\u015f hayat\u0131","\u00d6ne \u00e7\u0131kanlar"],"inLanguage":"tr","potentialAction":[{"@type":"CommentAction","name":"Comment","target":["https:\/\/www.kaanugrasiz.com\/tr\/kurumsal-hikaye.html#respond"]}]},{"@type":"WebPage","@id":"https:\/\/www.kaanugrasiz.com\/tr\/kurumsal-hikaye.html","url":"https:\/\/www.kaanugrasiz.com\/tr\/kurumsal-hikaye.html","name":"Neden her \u015firketin kurumsal hikayesi olmal\u0131?","isPartOf":{"@id":"https:\/\/www.kaanugrasiz.com\/tr\/#website"},"primaryImageOfPage":{"@id":"https:\/\/www.kaanugrasiz.com\/tr\/kurumsal-hikaye.html#primaryimage"},"image":{"@id":"https:\/\/www.kaanugrasiz.com\/tr\/kurumsal-hikaye.html#primaryimage"},"thumbnailUrl":"https:\/\/www.kaanugrasiz.com\/tr\/wp-content\/uploads\/2025\/10\/neden-her-sirketin-kendi-kurumsal-hikayesi-olmali.webp","datePublished":"2025-09-17T04:00:00+00:00","dateModified":"2025-10-16T07:24:58+00:00","description":"Markan\u0131 t\u00fcketicilere anlatman\u0131n etkili bir yolu olan kurumsal hikaye hakk\u0131nda detayl\u0131, kapsaml\u0131 ve \u00f6nerilersunan bir rehber.","breadcrumb":{"@id":"https:\/\/www.kaanugrasiz.com\/tr\/kurumsal-hikaye.html#breadcrumb"},"inLanguage":"tr","potentialAction":[{"@type":"ReadAction","target":["https:\/\/www.kaanugrasiz.com\/tr\/kurumsal-hikaye.html"]}]},{"@type":"ImageObject","inLanguage":"tr","@id":"https:\/\/www.kaanugrasiz.com\/tr\/kurumsal-hikaye.html#primaryimage","url":"https:\/\/www.kaanugrasiz.com\/tr\/wp-content\/uploads\/2025\/10\/neden-her-sirketin-kendi-kurumsal-hikayesi-olmali.webp","contentUrl":"https:\/\/www.kaanugrasiz.com\/tr\/wp-content\/uploads\/2025\/10\/neden-her-sirketin-kendi-kurumsal-hikayesi-olmali.webp","width":1100,"height":770},{"@type":"BreadcrumbList","@id":"https:\/\/www.kaanugrasiz.com\/tr\/kurumsal-hikaye.html#breadcrumb","itemListElement":[{"@type":"ListItem","position":1,"name":"Anasayfa","item":"https:\/\/www.kaanugrasiz.com\/tr\/"},{"@type":"ListItem","position":2,"name":"Neden her \u015firketin kurumsal hikayesi olmal\u0131?"}]},{"@type":"WebSite","@id":"https:\/\/www.kaanugrasiz.com\/tr\/#website","url":"https:\/\/www.kaanugrasiz.com\/tr\/","name":"Brand Monday TR","description":"","publisher":{"@id":"https:\/\/www.kaanugrasiz.com\/tr\/#\/schema\/person\/c03ebfb2409df5381cad2561495a437e"},"potentialAction":[{"@type":"SearchAction","target":{"@type":"EntryPoint","urlTemplate":"https:\/\/www.kaanugrasiz.com\/tr\/?s={search_term_string}"},"query-input":{"@type":"PropertyValueSpecification","valueRequired":true,"valueName":"search_term_string"}}],"inLanguage":"tr"},{"@type":["Person","Organization"],"@id":"https:\/\/www.kaanugrasiz.com\/tr\/#\/schema\/person\/c03ebfb2409df5381cad2561495a437e","name":"Kaan U\u011fras\u0131z","image":{"@type":"ImageObject","inLanguage":"tr","@id":"https:\/\/www.kaanugrasiz.com\/tr\/wp-content\/uploads\/2026\/02\/cropped-cropped-kaanugrasiz-logo-gold.webp","url":"https:\/\/www.kaanugrasiz.com\/tr\/wp-content\/uploads\/2026\/02\/cropped-cropped-kaanugrasiz-logo-gold.webp","contentUrl":"https:\/\/www.kaanugrasiz.com\/tr\/wp-content\/uploads\/2026\/02\/cropped-cropped-kaanugrasiz-logo-gold.webp","width":512,"height":512,"caption":"Kaan U\u011fras\u0131z"},"logo":{"@id":"https:\/\/www.kaanugrasiz.com\/tr\/wp-content\/uploads\/2026\/02\/cropped-cropped-kaanugrasiz-logo-gold.webp"},"description":"Yakla\u015f\u0131k 20 y\u0131ll\u0131k deneyime sahip bir pazarlama ileti\u015fimi profesyoneliyim ve \u00e7e\u015fitli formatlarda nitelikli, anlaml\u0131 ve etkili i\u00e7erikler \u00fcretip yay\u0131nlamaya odaklan\u0131yorum. Bir bireyin veya kurulu\u015fun \u00e7evresiyle uyumlu, d\u00fczenli ve anla\u015f\u0131l\u0131r bir ileti\u015fim kurmas\u0131, mevcut ili\u015fkileri g\u00fc\u00e7lendirmesi ve yeni ili\u015fkiler kurmas\u0131 i\u00e7in gereken t\u00fcm ara\u00e7lar\u0131 s\u0131f\u0131rdan geli\u015ftirebilir ve bu ama\u00e7la yol g\u00f6sterici haritalar olu\u015fturabilirim.","sameAs":["https:\/\/www.kaanugrasiz.com\/tr","https:\/\/instagram.com\/kaanugrasiz","https:\/\/linkedin.com\/in\/kaanugrasiz"],"url":"https:\/\/www.kaanugrasiz.com\/tr\/author\/travego"}]}},"uagb_featured_image_src":{"full":["https:\/\/www.kaanugrasiz.com\/tr\/wp-content\/uploads\/2025\/10\/neden-her-sirketin-kendi-kurumsal-hikayesi-olmali.webp",1100,770,false],"thumbnail":["https:\/\/www.kaanugrasiz.com\/tr\/wp-content\/uploads\/2025\/10\/neden-her-sirketin-kendi-kurumsal-hikayesi-olmali-150x150.webp",150,150,true],"medium":["https:\/\/www.kaanugrasiz.com\/tr\/wp-content\/uploads\/2025\/10\/neden-her-sirketin-kendi-kurumsal-hikayesi-olmali-300x210.webp",300,210,true],"medium_large":["https:\/\/www.kaanugrasiz.com\/tr\/wp-content\/uploads\/2025\/10\/neden-her-sirketin-kendi-kurumsal-hikayesi-olmali-768x538.webp",768,538,true],"large":["https:\/\/www.kaanugrasiz.com\/tr\/wp-content\/uploads\/2025\/10\/neden-her-sirketin-kendi-kurumsal-hikayesi-olmali-1024x717.webp",1024,717,true],"1536x1536":["https:\/\/www.kaanugrasiz.com\/tr\/wp-content\/uploads\/2025\/10\/neden-her-sirketin-kendi-kurumsal-hikayesi-olmali.webp",1100,770,false],"2048x2048":["https:\/\/www.kaanugrasiz.com\/tr\/wp-content\/uploads\/2025\/10\/neden-her-sirketin-kendi-kurumsal-hikayesi-olmali.webp",1100,770,false],"web-stories-poster-portrait":["https:\/\/www.kaanugrasiz.com\/tr\/wp-content\/uploads\/2025\/10\/neden-her-sirketin-kendi-kurumsal-hikayesi-olmali.webp",640,448,false],"web-stories-publisher-logo":["https:\/\/www.kaanugrasiz.com\/tr\/wp-content\/uploads\/2025\/10\/neden-her-sirketin-kendi-kurumsal-hikayesi-olmali.webp",96,67,false],"web-stories-thumbnail":["https:\/\/www.kaanugrasiz.com\/tr\/wp-content\/uploads\/2025\/10\/neden-her-sirketin-kendi-kurumsal-hikayesi-olmali.webp",150,105,false]},"uagb_author_info":{"display_name":"Kaan U\u011fras\u0131z","author_link":"https:\/\/www.kaanugrasiz.com\/tr\/author\/travego"},"uagb_comment_info":2,"uagb_excerpt":"T\u00fcketicilerin sat\u0131n alma davran\u0131\u015flar\u0131 art\u0131k ge\u00e7mi\u015ften farkl\u0131. Eskiden bir \u00fcr\u00fcn\u00fc yada hizmeti yaln\u0131zca \u201csat\u0131yor\u201d olmak tek ba\u015f\u0131na yeterliyken, bug\u00fcn t\u00fcketicilerin, \u00fcr\u00fcn\u00fc satan ki\u015fiyle do\u011frudan ba\u011f kurmay\u0131 \u00f6nemsiyor. Baz\u0131 kahve sat\u0131c\u0131lar\u0131 mekanlar\u0131n\u0131 evle i\u015fin d\u0131\u015f\u0131ndaki \u00fc\u00e7\u00fcnc\u00fc yer olarak konumland\u0131rmaya \u00e7al\u0131\u015f\u0131yor, teknoloji sa\u011flay\u0131c\u0131lar\u0131 \u00fcr\u00fcnleriyle hayat\u0131n\u0131 nas\u0131l kolayla\u015ft\u0131rd\u0131\u011f\u0131n\u0131 anlat\u0131yor, Saas hizmeti sunan bir \u015firket yaz\u0131l\u0131m\u0131n\u0131n yo\u011fun beyin g\u00fcc\u00fc...","_links":{"self":[{"href":"https:\/\/www.kaanugrasiz.com\/tr\/wp-json\/wp\/v2\/posts\/1401","targetHints":{"allow":["GET"]}}],"collection":[{"href":"https:\/\/www.kaanugrasiz.com\/tr\/wp-json\/wp\/v2\/posts"}],"about":[{"href":"https:\/\/www.kaanugrasiz.com\/tr\/wp-json\/wp\/v2\/types\/post"}],"author":[{"embeddable":true,"href":"https:\/\/www.kaanugrasiz.com\/tr\/wp-json\/wp\/v2\/users\/1"}],"replies":[{"embeddable":true,"href":"https:\/\/www.kaanugrasiz.com\/tr\/wp-json\/wp\/v2\/comments?post=1401"}],"version-history":[{"count":2,"href":"https:\/\/www.kaanugrasiz.com\/tr\/wp-json\/wp\/v2\/posts\/1401\/revisions"}],"predecessor-version":[{"id":1404,"href":"https:\/\/www.kaanugrasiz.com\/tr\/wp-json\/wp\/v2\/posts\/1401\/revisions\/1404"}],"wp:featuredmedia":[{"embeddable":true,"href":"https:\/\/www.kaanugrasiz.com\/tr\/wp-json\/wp\/v2\/media\/1402"}],"wp:attachment":[{"href":"https:\/\/www.kaanugrasiz.com\/tr\/wp-json\/wp\/v2\/media?parent=1401"}],"wp:term":[{"taxonomy":"category","embeddable":true,"href":"https:\/\/www.kaanugrasiz.com\/tr\/wp-json\/wp\/v2\/categories?post=1401"},{"taxonomy":"post_tag","embeddable":true,"href":"https:\/\/www.kaanugrasiz.com\/tr\/wp-json\/wp\/v2\/tags?post=1401"}],"curies":[{"name":"wp","href":"https:\/\/api.w.org\/{rel}","templated":true}]}}