{"id":1241,"date":"2025-05-10T07:00:00","date_gmt":"2025-05-10T04:00:00","guid":{"rendered":"https:\/\/www.kaanugrasiz.com\/tr\/?p=1241"},"modified":"2025-10-03T11:16:43","modified_gmt":"2025-10-03T08:16:43","slug":"ipad-pro-reklami","status":"publish","type":"post","link":"https:\/\/www.kaanugrasiz.com\/tr\/ipad-pro-reklami.html","title":{"rendered":"Dijital ara\u00e7lar geleneksel enstrumanlar\u0131 yok etmek zorunda m\u0131?"},"content":{"rendered":"\n<h2 class=\"wp-block-heading\">Teknolojinin h\u0131zl\u0131 ilerleyi\u015finden sanat d\u00fcnyas\u0131 da nasibini al\u0131yor. Geleneksel sanat ara\u00e7lar\u0131, y\u00fczy\u0131llard\u0131r duygu ve d\u00fc\u015f\u00fcnceleri ifade etmek i\u00e7in kullan\u0131lan temel unsurlar. Ancak, elektronik ara\u00e7lar\u0131n sanat \u00fcretiminde daha fazla kullan\u0131lmas\u0131 ve geleneksel ara\u00e7lar\u0131n yerini almas\u0131 tart\u0131\u015fma konusu olmaya ba\u015fl\u0131yor.<\/h2>\n\n\n\n<p>2024 y\u0131l\u0131nda sad\u0131k bir kullan\u0131c\u0131 kitlesine sahip olan Apple\u2019\u0131n tan\u0131tt\u0131\u011f\u0131 yeni iPad Pro\u2019nun piyasaya s\u00fcr\u00fclmesi esnas\u0131nda yay\u0131nlanan bir reklam filmi, teknolojinin geleneksele kar\u015f\u0131 bir t\u00fcr sava\u015f i\u00e7inde olup olmad\u0131\u011f\u0131n\u0131 d\u00fc\u015f\u00fcnmeye itti beni.<\/p>\n\n\n\n<p id=\"ca73\">Bug\u00fcnlerde <strong>teknolojinin h\u0131zl\u0131 ilerleyi\u015fine hepimiz yak\u0131ndan \u015fahit oluyoruz<\/strong> ve bu geli\u015fmelerden en \u00e7ok etkilenenden birisi de <strong>sanat d\u00fcnyas\u0131<\/strong>. \u00dczerinde olduk\u00e7a fazla vakit harcanm\u0131\u015f ve ortaya \u00e7\u0131k\u0131\u015fnda b\u00fcy\u00fck sanc\u0131lar \u00e7ekilmi\u015f <strong>geleneksel sanat ara\u00e7lar\u0131 y\u00fczy\u0131llard\u0131r sanat\u00e7\u0131lar\u0131n duygular\u0131n\u0131 ve d\u00fc\u015f\u00fcncelerini ifade etmek i\u00e7in kulland\u0131klar\u0131 temel unsur<\/strong>lar. Elektronik ara\u00e7lar\u0131n sanat \u00fcretiminde geleneksel ara\u00e7lar\u0131n yerlerini almaya ba\u015flad\u0131klar\u0131 da bir ger\u00e7ek ve her ge\u00e7en g\u00fcn daha fazla insan daha fazla sanat\u0131 bu elektroniklerle \u00fcretiyor. Ancak, 2024 y\u0131l\u0131nda olduk\u00e7a kapsaml\u0131 ve sad\u0131k bir kullan\u0131c\u0131 kitlesine sahip olan Apple\u2019\u0131n tan\u0131tt\u0131\u011f\u0131 yeni <strong>iPad Pro<\/strong>\u2019nun hedef kitlesine ula\u015fmaya \u00e7al\u0131\u015f\u0131rken \u00fczerinden ge\u00e7ti\u011fi yol bana biraz sorunlu ve tart\u0131\u015fmaya a\u00e7\u0131k gibi g\u00f6r\u00fcn\u00fcyor.<\/p>\n\n\n\n<figure class=\"wp-block-embed is-type-video is-provider-youtube wp-block-embed-youtube wp-embed-aspect-16-9 wp-has-aspect-ratio\" style=\"margin-top:var(--wp--preset--spacing--80);margin-bottom:var(--wp--preset--spacing--80)\"><div class=\"wp-block-embed__wrapper\">\n<iframe loading=\"lazy\" title=\"Apple vs Samsung Commercial (Creativity cannot be crushed)\" width=\"720\" height=\"405\" src=\"https:\/\/www.youtube.com\/embed\/v3AyOUjriJ8?feature=oembed\" frameborder=\"0\" allow=\"accelerometer; autoplay; clipboard-write; encrypted-media; gyroscope; picture-in-picture; web-share\" referrerpolicy=\"strict-origin-when-cross-origin\" allowfullscreen><\/iframe>\n<\/div><\/figure>\n\n\n\n<p id=\"b3bc\">\u00d6zellikle <strong>resim, heykel ve yaz\u0131 gibi geleneksel sanat formlar\u0131<\/strong> sanat\u00e7\u0131lar\u0131n do\u011frudan duygular\u0131n\u0131 ve hayal g\u00fcc\u00fcn\u00fc bir malzeme kullanarak fiziki hale getirmesini yada bir y\u00fczeye aktararak kal\u0131c\u0131 hale getirmesine olanak tan\u0131r.<\/p>\n\n\n\n<p id=\"b3bc\">F\u0131r\u00e7a darbesi veya kalem izi gibi insan elinin do\u011frudan izleri, eserin ruhunu ve sanat\u00e7\u0131n\u0131n duygusal durumunu yans\u0131t\u0131r. Fakat dijital ara\u00e7lar bu temas\u0131n eksikli\u011fini ta\u015f\u0131r ve daha \u00e7ok teknik beceri ve bilgi gerektirir.<\/p>\n\n\n\n<p id=\"b3bc\">iPad Pro gibi cihazlar\u0131nda sanat \u00fcretim s\u00fcreci daha soyut ve teknik; dolay\u0131s\u0131yla sanattan bekledi\u011fimiz derinlik ve ruhsal doyum da buna ba\u011fl\u0131 olarak biraz daha farkl\u0131 boyutta.<\/p>\n\n\n\n<p>Apple\u2019\u0131n iPad Pro\u2019sunun yada herhangi ba\u015fka bir \u00fcreticinin \u00fcretti\u011fi elektronik bir \u00fcr\u00fcn\u00fcn g\u00fcn\u00fcm\u00fczde bir <em>sanat arac\u0131<\/em> yada <em>sanat \u00fcretme arac\u0131s\u0131<\/em> olarak tan\u0131mlanmas\u0131n\u0131n yada tan\u0131mlanmamas\u0131n\u0131n pek bir \u00f6nemi yok fakat bu elektronik formlar\u0131n <strong>sanat \u00fcretmek i\u00e7in geleneksel olarak kullan\u0131lan ara\u00e7lar\u0131n yerini alabilecek mi<\/strong> \/ almal\u0131 m\u0131, belki de bunun \u00fczerine konu\u015fmal\u0131y\u0131z.<\/p>\n\n\n\n<p>Bu dijital ara\u00e7lar\u0131n sanat\u0131n \u00f6z\u00fcn\u00fc ne kadar de\u011fi\u015ftirdi\u011fi ve <strong>sanat\u0131n kayna\u011f\u0131n\u0131 nas\u0131l etkiledi\u011fi<\/strong> konusunda daha derin bir \u015fekilde d\u00fc\u015f\u00fcnmeliyiz ve dijital \u00fcretimin geleneksel ara\u00e7lar\u0131n yerini almas\u0131yla birlikte, sanat\u0131n icras\u0131 ve alg\u0131lanmas\u0131 \u00fczerindeki etkilerini sadece teknik olarak de\u011fil ayn\u0131 zamanda i\u015fin ruh bak\u0131m\u0131ndan da sorgulamal\u0131y\u0131z.<\/p>\n\n\n\n<p id=\"71fd\">Sanat\u00e7\u0131lar tabii ki elektronik cihazlar\u0131 kullanarak eser \u00fcretebilirler, bunlar geleneksel ara\u00e7larla \u00fcrettiklerinden farkl\u0131 bir estetik ve duygusal derinlik de ta\u015f\u0131yabilir. Fakat teknolojinin ticarile\u015fmesiyle birlikte dijital ara\u00e7lar, sanat\u0131n pazarlanmas\u0131n\u0131 ve standartla\u015fmas\u0131n\u0131 da \u00f6ne \u00e7\u0131karabilir. <em>Bunun do\u011fru yolu geleneksel olarak tan\u0131\u011f\u0131m\u0131z enstrumanlar\u0131 ve ikonik hale gelmi\u015f temsilleri bir yok etme metodu olarak ezmekten ge\u00e7memeli; ge\u00e7mi\u015ften g\u00fc\u00e7 alarak bug\u00fcn y\u00fckselen bu teknoloji ge\u00e7mi\u015fle ahenkli bir \u015fekilde \u00e7al\u0131\u015fmal\u0131.<\/em><\/p>\n\n\n\n<p id=\"5427\">Sanat, Apple\u2019\u0131n bize anlatmaya \u00e7al\u0131\u015ft\u0131\u011f\u0131 \u015fekliyle yaln\u0131zca bir ara\u00e7 de\u011fil; ayn\u0131 zamanda insanlar\u0131n duygular\u0131n\u0131, d\u00fc\u015f\u00fcncelerini ve deneyimlerini ifade etmenin bir yolu. Teknolojinin sanat, sanat \u00fcretimi ve sanat\u00e7\u0131 \u00fczerindeki rol\u00fc, sanat\u0131n yap\u0131l\u0131\u015f ve icra edili\u015f \u015feklinin \u00f6z\u00fcyle uyumlu olmal\u0131 ve onu zenginle\u015ftirmeli, ancak onu ezerek yada yok ederek olmamal\u0131\u2026<\/p>\n","protected":false},"excerpt":{"rendered":"<p>Teknolojinin h\u0131zl\u0131 ilerleyi\u015finden sanat d\u00fcnyas\u0131 da nasibini al\u0131yor. Geleneksel sanat ara\u00e7lar\u0131, y\u00fczy\u0131llard\u0131r duygu ve d\u00fc\u015f\u00fcnceleri ifade etmek i\u00e7in kullan\u0131lan temel unsurlar. Ancak, elektronik ara\u00e7lar\u0131n sanat \u00fcretiminde daha fazla kullan\u0131lmas\u0131 ve geleneksel ara\u00e7lar\u0131n yerini almas\u0131 tart\u0131\u015fma konusu olmaya ba\u015fl\u0131yor. 2024 y\u0131l\u0131nda sad\u0131k bir kullan\u0131c\u0131 kitlesine sahip olan Apple\u2019\u0131n tan\u0131tt\u0131\u011f\u0131 yeni iPad Pro\u2019nun piyasaya s\u00fcr\u00fclmesi esnas\u0131nda yay\u0131nlanan&#8230;<\/p>\n","protected":false},"author":1,"featured_media":1242,"comment_status":"open","ping_status":"open","sticky":false,"template":"","format":"standard","meta":{"_coblocks_attr":"","_coblocks_dimensions":"","_coblocks_responsive_height":"","_coblocks_accordion_ie_support":"","_uag_custom_page_level_css":"","_kadence_starter_templates_imported_post":false,"_kad_post_transparent":"","_kad_post_title":"","_kad_post_layout":"","_kad_post_sidebar_id":"","_kad_post_content_style":"","_kad_post_vertical_padding":"","_kad_post_feature":"","_kad_post_feature_position":"","_kad_post_header":false,"_kad_post_footer":false,"footnotes":""},"categories":[182,183,234],"tags":[160,334,331,332,333,335],"class_list":["post-1241","post","type-post","status-publish","format-standard","has-post-thumbnail","hentry","category-tasarim","category-teknoloji","category-tuketim","tag-apple","tag-gecmisle-baglanti-kurmak","tag-ipad-pro","tag-reklam-filmi","tag-sanat","tag-sanat-uretimi"],"yoast_head":"<!-- This site is optimized with the Yoast SEO plugin v27.3 - https:\/\/yoast.com\/product\/yoast-seo-wordpress\/ -->\n<title>Dijital ara\u00e7lar geleneksel enstrumanlar\u0131 yok etmek zorunda m\u0131?<\/title>\n<meta name=\"description\" content=\"Sanat \u00fcretimini dijitale kayd\u0131r\u0131rken geleneksel sanat \u00fcretim ara\u00e7lar\u0131n\u0131 yok say\u0131p onlar\u0131 yok mu etmeliyiz?\" \/>\n<meta name=\"robots\" content=\"index, follow, max-snippet:-1, max-image-preview:large, max-video-preview:-1\" \/>\n<link rel=\"canonical\" href=\"https:\/\/www.kaanugrasiz.com\/tr\/ipad-pro-reklami.html\" \/>\n<meta property=\"og:locale\" content=\"tr_TR\" \/>\n<meta property=\"og:type\" content=\"article\" \/>\n<meta property=\"og:title\" content=\"Dijital ara\u00e7lar geleneksel enstrumanlar\u0131 yok etmek zorunda m\u0131?\" \/>\n<meta property=\"og:description\" content=\"Sanat \u00fcretimini dijitale kayd\u0131r\u0131rken geleneksel sanat \u00fcretim ara\u00e7lar\u0131n\u0131 yok say\u0131p onlar\u0131 yok mu etmeliyiz?\" \/>\n<meta property=\"og:url\" content=\"https:\/\/www.kaanugrasiz.com\/tr\/ipad-pro-reklami.html\" \/>\n<meta property=\"og:site_name\" content=\"Pazarlama ve marka ileti\u015fimi blogu - Kaan U\u011fras\u0131z\" \/>\n<meta property=\"article:published_time\" content=\"2025-05-10T04:00:00+00:00\" \/>\n<meta property=\"article:modified_time\" content=\"2025-10-03T08:16:43+00:00\" \/>\n<meta property=\"og:image\" content=\"https:\/\/www.kaanugrasiz.com\/tr\/wp-content\/uploads\/2025\/10\/ipad-pro-reklami-ile-yenilikten-mi-bahsediyoruz-scaled.webp\" \/>\n\t<meta property=\"og:image:width\" content=\"2560\" \/>\n\t<meta property=\"og:image:height\" content=\"1823\" \/>\n\t<meta property=\"og:image:type\" content=\"image\/webp\" \/>\n<meta name=\"author\" content=\"Kaan U\u011fras\u0131z\" \/>\n<meta name=\"twitter:card\" content=\"summary_large_image\" \/>\n<meta name=\"twitter:label1\" content=\"Yazan:\" \/>\n\t<meta name=\"twitter:data1\" content=\"Kaan U\u011fras\u0131z\" \/>\n\t<meta name=\"twitter:label2\" content=\"Tahmini okuma s\u00fcresi\" \/>\n\t<meta name=\"twitter:data2\" content=\"4 dakika\" \/>\n<script type=\"application\/ld+json\" class=\"yoast-schema-graph\">{\"@context\":\"https:\\\/\\\/schema.org\",\"@graph\":[{\"@type\":\"Article\",\"@id\":\"https:\\\/\\\/www.kaanugrasiz.com\\\/tr\\\/ipad-pro-reklami.html#article\",\"isPartOf\":{\"@id\":\"https:\\\/\\\/www.kaanugrasiz.com\\\/tr\\\/ipad-pro-reklami.html\"},\"author\":{\"name\":\"Kaan U\u011fras\u0131z\",\"@id\":\"https:\\\/\\\/www.kaanugrasiz.com\\\/tr\\\/#\\\/schema\\\/person\\\/c03ebfb2409df5381cad2561495a437e\"},\"headline\":\"Dijital ara\u00e7lar geleneksel enstrumanlar\u0131 yok etmek zorunda m\u0131?\",\"datePublished\":\"2025-05-10T04:00:00+00:00\",\"dateModified\":\"2025-10-03T08:16:43+00:00\",\"mainEntityOfPage\":{\"@id\":\"https:\\\/\\\/www.kaanugrasiz.com\\\/tr\\\/ipad-pro-reklami.html\"},\"wordCount\":664,\"commentCount\":0,\"publisher\":{\"@id\":\"https:\\\/\\\/www.kaanugrasiz.com\\\/tr\\\/#\\\/schema\\\/person\\\/c03ebfb2409df5381cad2561495a437e\"},\"image\":{\"@id\":\"https:\\\/\\\/www.kaanugrasiz.com\\\/tr\\\/ipad-pro-reklami.html#primaryimage\"},\"thumbnailUrl\":\"https:\\\/\\\/www.kaanugrasiz.com\\\/tr\\\/wp-content\\\/uploads\\\/2025\\\/10\\\/ipad-pro-reklami-ile-yenilikten-mi-bahsediyoruz-scaled.webp\",\"keywords\":[\"apple\",\"ge\u00e7mi\u015fle ba\u011flant\u0131 kurmak\",\"ipad pro\",\"reklam filmi\",\"sanat\",\"sanat \u00fcretimi\"],\"articleSection\":[\"Tasar\u0131m\",\"Teknoloji\",\"T\u00fcketim\"],\"inLanguage\":\"tr\",\"potentialAction\":[{\"@type\":\"CommentAction\",\"name\":\"Comment\",\"target\":[\"https:\\\/\\\/www.kaanugrasiz.com\\\/tr\\\/ipad-pro-reklami.html#respond\"]}]},{\"@type\":\"WebPage\",\"@id\":\"https:\\\/\\\/www.kaanugrasiz.com\\\/tr\\\/ipad-pro-reklami.html\",\"url\":\"https:\\\/\\\/www.kaanugrasiz.com\\\/tr\\\/ipad-pro-reklami.html\",\"name\":\"Dijital ara\u00e7lar geleneksel enstrumanlar\u0131 yok etmek zorunda m\u0131?\",\"isPartOf\":{\"@id\":\"https:\\\/\\\/www.kaanugrasiz.com\\\/tr\\\/#website\"},\"primaryImageOfPage\":{\"@id\":\"https:\\\/\\\/www.kaanugrasiz.com\\\/tr\\\/ipad-pro-reklami.html#primaryimage\"},\"image\":{\"@id\":\"https:\\\/\\\/www.kaanugrasiz.com\\\/tr\\\/ipad-pro-reklami.html#primaryimage\"},\"thumbnailUrl\":\"https:\\\/\\\/www.kaanugrasiz.com\\\/tr\\\/wp-content\\\/uploads\\\/2025\\\/10\\\/ipad-pro-reklami-ile-yenilikten-mi-bahsediyoruz-scaled.webp\",\"datePublished\":\"2025-05-10T04:00:00+00:00\",\"dateModified\":\"2025-10-03T08:16:43+00:00\",\"description\":\"Sanat \u00fcretimini dijitale kayd\u0131r\u0131rken geleneksel sanat \u00fcretim ara\u00e7lar\u0131n\u0131 yok say\u0131p onlar\u0131 yok mu etmeliyiz?\",\"breadcrumb\":{\"@id\":\"https:\\\/\\\/www.kaanugrasiz.com\\\/tr\\\/ipad-pro-reklami.html#breadcrumb\"},\"inLanguage\":\"tr\",\"potentialAction\":[{\"@type\":\"ReadAction\",\"target\":[\"https:\\\/\\\/www.kaanugrasiz.com\\\/tr\\\/ipad-pro-reklami.html\"]}]},{\"@type\":\"ImageObject\",\"inLanguage\":\"tr\",\"@id\":\"https:\\\/\\\/www.kaanugrasiz.com\\\/tr\\\/ipad-pro-reklami.html#primaryimage\",\"url\":\"https:\\\/\\\/www.kaanugrasiz.com\\\/tr\\\/wp-content\\\/uploads\\\/2025\\\/10\\\/ipad-pro-reklami-ile-yenilikten-mi-bahsediyoruz-scaled.webp\",\"contentUrl\":\"https:\\\/\\\/www.kaanugrasiz.com\\\/tr\\\/wp-content\\\/uploads\\\/2025\\\/10\\\/ipad-pro-reklami-ile-yenilikten-mi-bahsediyoruz-scaled.webp\",\"width\":2560,\"height\":1823},{\"@type\":\"BreadcrumbList\",\"@id\":\"https:\\\/\\\/www.kaanugrasiz.com\\\/tr\\\/ipad-pro-reklami.html#breadcrumb\",\"itemListElement\":[{\"@type\":\"ListItem\",\"position\":1,\"name\":\"Anasayfa\",\"item\":\"https:\\\/\\\/www.kaanugrasiz.com\\\/tr\\\/\"},{\"@type\":\"ListItem\",\"position\":2,\"name\":\"Dijital ara\u00e7lar geleneksel enstrumanlar\u0131 yok etmek zorunda m\u0131?\"}]},{\"@type\":\"WebSite\",\"@id\":\"https:\\\/\\\/www.kaanugrasiz.com\\\/tr\\\/#website\",\"url\":\"https:\\\/\\\/www.kaanugrasiz.com\\\/tr\\\/\",\"name\":\"Brand Monday TR\",\"description\":\"\",\"publisher\":{\"@id\":\"https:\\\/\\\/www.kaanugrasiz.com\\\/tr\\\/#\\\/schema\\\/person\\\/c03ebfb2409df5381cad2561495a437e\"},\"potentialAction\":[{\"@type\":\"SearchAction\",\"target\":{\"@type\":\"EntryPoint\",\"urlTemplate\":\"https:\\\/\\\/www.kaanugrasiz.com\\\/tr\\\/?s={search_term_string}\"},\"query-input\":{\"@type\":\"PropertyValueSpecification\",\"valueRequired\":true,\"valueName\":\"search_term_string\"}}],\"inLanguage\":\"tr\"},{\"@type\":[\"Person\",\"Organization\"],\"@id\":\"https:\\\/\\\/www.kaanugrasiz.com\\\/tr\\\/#\\\/schema\\\/person\\\/c03ebfb2409df5381cad2561495a437e\",\"name\":\"Kaan U\u011fras\u0131z\",\"image\":{\"@type\":\"ImageObject\",\"inLanguage\":\"tr\",\"@id\":\"https:\\\/\\\/www.kaanugrasiz.com\\\/tr\\\/wp-content\\\/uploads\\\/2026\\\/02\\\/cropped-cropped-kaanugrasiz-logo-gold.webp\",\"url\":\"https:\\\/\\\/www.kaanugrasiz.com\\\/tr\\\/wp-content\\\/uploads\\\/2026\\\/02\\\/cropped-cropped-kaanugrasiz-logo-gold.webp\",\"contentUrl\":\"https:\\\/\\\/www.kaanugrasiz.com\\\/tr\\\/wp-content\\\/uploads\\\/2026\\\/02\\\/cropped-cropped-kaanugrasiz-logo-gold.webp\",\"width\":512,\"height\":512,\"caption\":\"Kaan U\u011fras\u0131z\"},\"logo\":{\"@id\":\"https:\\\/\\\/www.kaanugrasiz.com\\\/tr\\\/wp-content\\\/uploads\\\/2026\\\/02\\\/cropped-cropped-kaanugrasiz-logo-gold.webp\"},\"description\":\"Yakla\u015f\u0131k 20 y\u0131ll\u0131k deneyime sahip bir pazarlama ileti\u015fimi profesyoneliyim ve \u00e7e\u015fitli formatlarda nitelikli, anlaml\u0131 ve etkili i\u00e7erikler \u00fcretip yay\u0131nlamaya odaklan\u0131yorum. Bir bireyin veya kurulu\u015fun \u00e7evresiyle uyumlu, d\u00fczenli ve anla\u015f\u0131l\u0131r bir ileti\u015fim kurmas\u0131, mevcut ili\u015fkileri g\u00fc\u00e7lendirmesi ve yeni ili\u015fkiler kurmas\u0131 i\u00e7in gereken t\u00fcm ara\u00e7lar\u0131 s\u0131f\u0131rdan geli\u015ftirebilir ve bu ama\u00e7la yol g\u00f6sterici haritalar olu\u015fturabilirim.\",\"sameAs\":[\"https:\\\/\\\/www.kaanugrasiz.com\\\/tr\",\"https:\\\/\\\/instagram.com\\\/kaanugrasiz\",\"https:\\\/\\\/linkedin.com\\\/in\\\/kaanugrasiz\"],\"url\":\"https:\\\/\\\/www.kaanugrasiz.com\\\/tr\\\/author\\\/travego\"}]}<\/script>\n<!-- \/ Yoast SEO plugin. -->","yoast_head_json":{"title":"Dijital ara\u00e7lar geleneksel enstrumanlar\u0131 yok etmek zorunda m\u0131?","description":"Sanat \u00fcretimini dijitale kayd\u0131r\u0131rken geleneksel sanat \u00fcretim ara\u00e7lar\u0131n\u0131 yok say\u0131p onlar\u0131 yok mu etmeliyiz?","robots":{"index":"index","follow":"follow","max-snippet":"max-snippet:-1","max-image-preview":"max-image-preview:large","max-video-preview":"max-video-preview:-1"},"canonical":"https:\/\/www.kaanugrasiz.com\/tr\/ipad-pro-reklami.html","og_locale":"tr_TR","og_type":"article","og_title":"Dijital ara\u00e7lar geleneksel enstrumanlar\u0131 yok etmek zorunda m\u0131?","og_description":"Sanat \u00fcretimini dijitale kayd\u0131r\u0131rken geleneksel sanat \u00fcretim ara\u00e7lar\u0131n\u0131 yok say\u0131p onlar\u0131 yok mu etmeliyiz?","og_url":"https:\/\/www.kaanugrasiz.com\/tr\/ipad-pro-reklami.html","og_site_name":"Pazarlama ve marka ileti\u015fimi blogu - Kaan U\u011fras\u0131z","article_published_time":"2025-05-10T04:00:00+00:00","article_modified_time":"2025-10-03T08:16:43+00:00","og_image":[{"width":2560,"height":1823,"url":"https:\/\/www.kaanugrasiz.com\/tr\/wp-content\/uploads\/2025\/10\/ipad-pro-reklami-ile-yenilikten-mi-bahsediyoruz-scaled.webp","type":"image\/webp"}],"author":"Kaan U\u011fras\u0131z","twitter_card":"summary_large_image","twitter_misc":{"Yazan:":"Kaan U\u011fras\u0131z","Tahmini okuma s\u00fcresi":"4 dakika"},"schema":{"@context":"https:\/\/schema.org","@graph":[{"@type":"Article","@id":"https:\/\/www.kaanugrasiz.com\/tr\/ipad-pro-reklami.html#article","isPartOf":{"@id":"https:\/\/www.kaanugrasiz.com\/tr\/ipad-pro-reklami.html"},"author":{"name":"Kaan U\u011fras\u0131z","@id":"https:\/\/www.kaanugrasiz.com\/tr\/#\/schema\/person\/c03ebfb2409df5381cad2561495a437e"},"headline":"Dijital ara\u00e7lar geleneksel enstrumanlar\u0131 yok etmek zorunda m\u0131?","datePublished":"2025-05-10T04:00:00+00:00","dateModified":"2025-10-03T08:16:43+00:00","mainEntityOfPage":{"@id":"https:\/\/www.kaanugrasiz.com\/tr\/ipad-pro-reklami.html"},"wordCount":664,"commentCount":0,"publisher":{"@id":"https:\/\/www.kaanugrasiz.com\/tr\/#\/schema\/person\/c03ebfb2409df5381cad2561495a437e"},"image":{"@id":"https:\/\/www.kaanugrasiz.com\/tr\/ipad-pro-reklami.html#primaryimage"},"thumbnailUrl":"https:\/\/www.kaanugrasiz.com\/tr\/wp-content\/uploads\/2025\/10\/ipad-pro-reklami-ile-yenilikten-mi-bahsediyoruz-scaled.webp","keywords":["apple","ge\u00e7mi\u015fle ba\u011flant\u0131 kurmak","ipad pro","reklam filmi","sanat","sanat \u00fcretimi"],"articleSection":["Tasar\u0131m","Teknoloji","T\u00fcketim"],"inLanguage":"tr","potentialAction":[{"@type":"CommentAction","name":"Comment","target":["https:\/\/www.kaanugrasiz.com\/tr\/ipad-pro-reklami.html#respond"]}]},{"@type":"WebPage","@id":"https:\/\/www.kaanugrasiz.com\/tr\/ipad-pro-reklami.html","url":"https:\/\/www.kaanugrasiz.com\/tr\/ipad-pro-reklami.html","name":"Dijital ara\u00e7lar geleneksel enstrumanlar\u0131 yok etmek zorunda m\u0131?","isPartOf":{"@id":"https:\/\/www.kaanugrasiz.com\/tr\/#website"},"primaryImageOfPage":{"@id":"https:\/\/www.kaanugrasiz.com\/tr\/ipad-pro-reklami.html#primaryimage"},"image":{"@id":"https:\/\/www.kaanugrasiz.com\/tr\/ipad-pro-reklami.html#primaryimage"},"thumbnailUrl":"https:\/\/www.kaanugrasiz.com\/tr\/wp-content\/uploads\/2025\/10\/ipad-pro-reklami-ile-yenilikten-mi-bahsediyoruz-scaled.webp","datePublished":"2025-05-10T04:00:00+00:00","dateModified":"2025-10-03T08:16:43+00:00","description":"Sanat \u00fcretimini dijitale kayd\u0131r\u0131rken geleneksel sanat \u00fcretim ara\u00e7lar\u0131n\u0131 yok say\u0131p onlar\u0131 yok mu etmeliyiz?","breadcrumb":{"@id":"https:\/\/www.kaanugrasiz.com\/tr\/ipad-pro-reklami.html#breadcrumb"},"inLanguage":"tr","potentialAction":[{"@type":"ReadAction","target":["https:\/\/www.kaanugrasiz.com\/tr\/ipad-pro-reklami.html"]}]},{"@type":"ImageObject","inLanguage":"tr","@id":"https:\/\/www.kaanugrasiz.com\/tr\/ipad-pro-reklami.html#primaryimage","url":"https:\/\/www.kaanugrasiz.com\/tr\/wp-content\/uploads\/2025\/10\/ipad-pro-reklami-ile-yenilikten-mi-bahsediyoruz-scaled.webp","contentUrl":"https:\/\/www.kaanugrasiz.com\/tr\/wp-content\/uploads\/2025\/10\/ipad-pro-reklami-ile-yenilikten-mi-bahsediyoruz-scaled.webp","width":2560,"height":1823},{"@type":"BreadcrumbList","@id":"https:\/\/www.kaanugrasiz.com\/tr\/ipad-pro-reklami.html#breadcrumb","itemListElement":[{"@type":"ListItem","position":1,"name":"Anasayfa","item":"https:\/\/www.kaanugrasiz.com\/tr\/"},{"@type":"ListItem","position":2,"name":"Dijital ara\u00e7lar geleneksel enstrumanlar\u0131 yok etmek zorunda m\u0131?"}]},{"@type":"WebSite","@id":"https:\/\/www.kaanugrasiz.com\/tr\/#website","url":"https:\/\/www.kaanugrasiz.com\/tr\/","name":"Brand Monday TR","description":"","publisher":{"@id":"https:\/\/www.kaanugrasiz.com\/tr\/#\/schema\/person\/c03ebfb2409df5381cad2561495a437e"},"potentialAction":[{"@type":"SearchAction","target":{"@type":"EntryPoint","urlTemplate":"https:\/\/www.kaanugrasiz.com\/tr\/?s={search_term_string}"},"query-input":{"@type":"PropertyValueSpecification","valueRequired":true,"valueName":"search_term_string"}}],"inLanguage":"tr"},{"@type":["Person","Organization"],"@id":"https:\/\/www.kaanugrasiz.com\/tr\/#\/schema\/person\/c03ebfb2409df5381cad2561495a437e","name":"Kaan U\u011fras\u0131z","image":{"@type":"ImageObject","inLanguage":"tr","@id":"https:\/\/www.kaanugrasiz.com\/tr\/wp-content\/uploads\/2026\/02\/cropped-cropped-kaanugrasiz-logo-gold.webp","url":"https:\/\/www.kaanugrasiz.com\/tr\/wp-content\/uploads\/2026\/02\/cropped-cropped-kaanugrasiz-logo-gold.webp","contentUrl":"https:\/\/www.kaanugrasiz.com\/tr\/wp-content\/uploads\/2026\/02\/cropped-cropped-kaanugrasiz-logo-gold.webp","width":512,"height":512,"caption":"Kaan U\u011fras\u0131z"},"logo":{"@id":"https:\/\/www.kaanugrasiz.com\/tr\/wp-content\/uploads\/2026\/02\/cropped-cropped-kaanugrasiz-logo-gold.webp"},"description":"Yakla\u015f\u0131k 20 y\u0131ll\u0131k deneyime sahip bir pazarlama ileti\u015fimi profesyoneliyim ve \u00e7e\u015fitli formatlarda nitelikli, anlaml\u0131 ve etkili i\u00e7erikler \u00fcretip yay\u0131nlamaya odaklan\u0131yorum. Bir bireyin veya kurulu\u015fun \u00e7evresiyle uyumlu, d\u00fczenli ve anla\u015f\u0131l\u0131r bir ileti\u015fim kurmas\u0131, mevcut ili\u015fkileri g\u00fc\u00e7lendirmesi ve yeni ili\u015fkiler kurmas\u0131 i\u00e7in gereken t\u00fcm ara\u00e7lar\u0131 s\u0131f\u0131rdan geli\u015ftirebilir ve bu ama\u00e7la yol g\u00f6sterici haritalar olu\u015fturabilirim.","sameAs":["https:\/\/www.kaanugrasiz.com\/tr","https:\/\/instagram.com\/kaanugrasiz","https:\/\/linkedin.com\/in\/kaanugrasiz"],"url":"https:\/\/www.kaanugrasiz.com\/tr\/author\/travego"}]}},"uagb_featured_image_src":{"full":["https:\/\/www.kaanugrasiz.com\/tr\/wp-content\/uploads\/2025\/10\/ipad-pro-reklami-ile-yenilikten-mi-bahsediyoruz-scaled.webp",2560,1823,false],"thumbnail":["https:\/\/www.kaanugrasiz.com\/tr\/wp-content\/uploads\/2025\/10\/ipad-pro-reklami-ile-yenilikten-mi-bahsediyoruz-150x150.webp",150,150,true],"medium":["https:\/\/www.kaanugrasiz.com\/tr\/wp-content\/uploads\/2025\/10\/ipad-pro-reklami-ile-yenilikten-mi-bahsediyoruz-300x214.webp",300,214,true],"medium_large":["https:\/\/www.kaanugrasiz.com\/tr\/wp-content\/uploads\/2025\/10\/ipad-pro-reklami-ile-yenilikten-mi-bahsediyoruz-768x547.webp",768,547,true],"large":["https:\/\/www.kaanugrasiz.com\/tr\/wp-content\/uploads\/2025\/10\/ipad-pro-reklami-ile-yenilikten-mi-bahsediyoruz-1024x729.webp",1024,729,true],"1536x1536":["https:\/\/www.kaanugrasiz.com\/tr\/wp-content\/uploads\/2025\/10\/ipad-pro-reklami-ile-yenilikten-mi-bahsediyoruz-1536x1094.webp",1536,1094,true],"2048x2048":["https:\/\/www.kaanugrasiz.com\/tr\/wp-content\/uploads\/2025\/10\/ipad-pro-reklami-ile-yenilikten-mi-bahsediyoruz-2048x1458.webp",2048,1458,true],"web-stories-poster-portrait":["https:\/\/www.kaanugrasiz.com\/tr\/wp-content\/uploads\/2025\/10\/ipad-pro-reklami-ile-yenilikten-mi-bahsediyoruz-scaled.webp",640,456,false],"web-stories-publisher-logo":["https:\/\/www.kaanugrasiz.com\/tr\/wp-content\/uploads\/2025\/10\/ipad-pro-reklami-ile-yenilikten-mi-bahsediyoruz-scaled.webp",96,68,false],"web-stories-thumbnail":["https:\/\/www.kaanugrasiz.com\/tr\/wp-content\/uploads\/2025\/10\/ipad-pro-reklami-ile-yenilikten-mi-bahsediyoruz-scaled.webp",150,107,false]},"uagb_author_info":{"display_name":"Kaan U\u011fras\u0131z","author_link":"https:\/\/www.kaanugrasiz.com\/tr\/author\/travego"},"uagb_comment_info":0,"uagb_excerpt":"Teknolojinin h\u0131zl\u0131 ilerleyi\u015finden sanat d\u00fcnyas\u0131 da nasibini al\u0131yor. Geleneksel sanat ara\u00e7lar\u0131, y\u00fczy\u0131llard\u0131r duygu ve d\u00fc\u015f\u00fcnceleri ifade etmek i\u00e7in kullan\u0131lan temel unsurlar. Ancak, elektronik ara\u00e7lar\u0131n sanat \u00fcretiminde daha fazla kullan\u0131lmas\u0131 ve geleneksel ara\u00e7lar\u0131n yerini almas\u0131 tart\u0131\u015fma konusu olmaya ba\u015fl\u0131yor. 2024 y\u0131l\u0131nda sad\u0131k bir kullan\u0131c\u0131 kitlesine sahip olan Apple\u2019\u0131n tan\u0131tt\u0131\u011f\u0131 yeni iPad Pro\u2019nun piyasaya s\u00fcr\u00fclmesi esnas\u0131nda yay\u0131nlanan...","_links":{"self":[{"href":"https:\/\/www.kaanugrasiz.com\/tr\/wp-json\/wp\/v2\/posts\/1241","targetHints":{"allow":["GET"]}}],"collection":[{"href":"https:\/\/www.kaanugrasiz.com\/tr\/wp-json\/wp\/v2\/posts"}],"about":[{"href":"https:\/\/www.kaanugrasiz.com\/tr\/wp-json\/wp\/v2\/types\/post"}],"author":[{"embeddable":true,"href":"https:\/\/www.kaanugrasiz.com\/tr\/wp-json\/wp\/v2\/users\/1"}],"replies":[{"embeddable":true,"href":"https:\/\/www.kaanugrasiz.com\/tr\/wp-json\/wp\/v2\/comments?post=1241"}],"version-history":[{"count":2,"href":"https:\/\/www.kaanugrasiz.com\/tr\/wp-json\/wp\/v2\/posts\/1241\/revisions"}],"predecessor-version":[{"id":1244,"href":"https:\/\/www.kaanugrasiz.com\/tr\/wp-json\/wp\/v2\/posts\/1241\/revisions\/1244"}],"wp:featuredmedia":[{"embeddable":true,"href":"https:\/\/www.kaanugrasiz.com\/tr\/wp-json\/wp\/v2\/media\/1242"}],"wp:attachment":[{"href":"https:\/\/www.kaanugrasiz.com\/tr\/wp-json\/wp\/v2\/media?parent=1241"}],"wp:term":[{"taxonomy":"category","embeddable":true,"href":"https:\/\/www.kaanugrasiz.com\/tr\/wp-json\/wp\/v2\/categories?post=1241"},{"taxonomy":"post_tag","embeddable":true,"href":"https:\/\/www.kaanugrasiz.com\/tr\/wp-json\/wp\/v2\/tags?post=1241"}],"curies":[{"name":"wp","href":"https:\/\/api.w.org\/{rel}","templated":true}]}}