{"id":1198,"date":"2025-07-29T07:00:00","date_gmt":"2025-07-29T04:00:00","guid":{"rendered":"https:\/\/www.kaanugrasiz.com\/tr\/?p=1198"},"modified":"2026-01-12T16:56:12","modified_gmt":"2026-01-12T13:56:12","slug":"bir-algi-yonetimi-bicimi-olarak-turkiyede-outlet-magazacilik","status":"publish","type":"post","link":"https:\/\/www.kaanugrasiz.com\/tr\/bir-algi-yonetimi-bicimi-olarak-turkiyede-outlet-magazacilik.html","title":{"rendered":"Bir alg\u0131 y\u00f6netimi bi\u00e7imi olarak T\u00fcrkiye\u2019de outlet ma\u011fazac\u0131l\u0131k"},"content":{"rendered":"\n<p>T\u00fcrkiye nas\u0131l bir \u201coutlet\u201d cennetine d\u00f6n\u00fc\u015ft\u00fc, ilan edilen indirimler ger\u00e7ekten yap\u0131l\u0131yor mu, kampanyalar ger\u00e7ek\u00e7i mi, bir \u00fcr\u00fcn\u00fcn ger\u00e7ekten indirimde olup olmad\u0131\u011f\u0131n\u0131 anlamaya y\u00f6nelik \u00e7\u00f6z\u00fcm \u00f6nerileri, \u201coutlet\u201d etiketi al\u0131\u015fveri\u015f merkezlerini nas\u0131l d\u00f6n\u00fc\u015ft\u00fcrecek?<\/p>\n\n\n<style>.kb-table-of-content-nav.kb-table-of-content-id1198_5ed9b6-59 .kb-table-of-content-wrap{padding-top:var(--global-kb-spacing-sm, 1.5rem);padding-right:var(--global-kb-spacing-sm, 1.5rem);padding-bottom:var(--global-kb-spacing-sm, 1.5rem);padding-left:var(--global-kb-spacing-sm, 1.5rem);}.kb-table-of-content-nav.kb-table-of-content-id1198_5ed9b6-59 .kb-table-of-contents-title-wrap{padding-top:0px;padding-right:0px;padding-bottom:0px;padding-left:0px;}.kb-table-of-content-nav.kb-table-of-content-id1198_5ed9b6-59 .kb-table-of-contents-title{font-weight:regular;font-style:normal;}.kb-table-of-content-nav.kb-table-of-content-id1198_5ed9b6-59 .kb-table-of-content-wrap .kb-table-of-content-list{font-weight:regular;font-style:normal;margin-top:var(--global-kb-spacing-sm, 1.5rem);margin-right:0px;margin-bottom:0px;margin-left:0px;}<\/style>\n\n\n<p id=\"231b\">Bir sezonun sonunda elde kalan, <strong>defolu<\/strong> ya da \u00fcretimden <strong>ikinci kalite<\/strong> olarak \u00e7\u0131km\u0131\u015f, fazla \u00fcretilmi\u015f ve koleksiyondan \u00e7\u0131kar\u0131lm\u0131\u015f \u00fcr\u00fcnlerin yayg\u0131n olarak sat\u0131\u015f\u0131n\u0131n yap\u0131ld\u0131\u011f\u0131 <strong>outlet ma\u011faza k\u00fclt\u00fcr\u00fc<\/strong>n\u00fcn hayat\u0131m\u0131za giri\u015fi asl\u0131da \u00e7ok da erken say\u0131lmaz.<\/p>\n\n\n\n<p id=\"8458\">Bahsetti\u011fim <strong>outlet <\/strong>kelimesini \u0130ngilizce\u2019den ve bir t\u00fcr <em>\u00e7<\/em>\u0131k\u0131\u015f noktas\u0131 veya sat\u0131\u015f kanal\u0131 olarak d\u00fc\u015f\u00fcn\u00fclebilir.<\/p>\n\n\n\n<p id=\"9d5b\"><strong>Outlet kategorisi<\/strong>nde hizmet veren ma\u011fazalar\u0131n kurulma amac\u0131 ise markalar\u0131n elinde kalan \u00fcr\u00fcnleri eritmek, raflar\u0131 yeni \u00fcr\u00fcnler i\u00e7in temizlemek ve depolarda yeni \u00fcr\u00fcnlere yer a\u00e7mak.<\/p>\n\n\n\n<p id=\"b34b\">Bu formuyla outlet ma\u011fazalar\u0131n\u0131, t\u00fcketiciler i\u00e7in bir t\u00fcr <em>kampanya ve \u00fcr\u00fcn pazarlama noktas\u0131<\/em> de\u011fil de \u00fcr\u00fcn d\u00f6ng\u00fcs\u00fcn\u00fc sa\u011flamak i\u00e7in i\u015flevsel bir kanal olarak d\u00fc\u015f\u00fcnmemiz yanl\u0131\u015f olmaz.<\/p>\n\n\n\n<h3 class=\"wp-block-heading\" id=\"4d17\">Outlet k\u00fclt\u00fcr\u00fcn\u00fcn ortaya \u00e7\u0131k\u0131\u015f\u0131<\/h3>\n\n\n\n<p id=\"9fac\"><strong>Outlet ma\u011fazalar\u0131n\u0131n k\u00f6keni,<\/strong> t\u00fcketim konusundaki pek \u00e7ok \u015feyde oldu\u011fu gibi Amerika\u2019ya dayan\u0131yor, ilk outlet ma\u011fazalar\u0131n\u0131n tarihi ise 1930&#8217;lu y\u0131llar.<\/p>\n\n\n\n<p id=\"9072\">Bu d\u00f6nemdeki <strong>\u00fcreticiler, \u00f6ncelikli olarak kendi \u00e7al\u0131\u015fanlar\u0131na daha uygun fiyatl\u0131 \u00fcr\u00fcnler satmak<\/strong> i\u00e7in fabrikalar\u0131n yak\u0131nlar\u0131nda k\u00fc\u00e7\u00fck sat\u0131\u015f noktalar\u0131 a\u00e7maya ba\u015flad\u0131lar ve bu yap\u0131, bir s\u00fcre sonra halk\u0131n da eri\u015fimine a\u00e7\u0131ld\u0131, ilk <em>factory outlet<\/em>ler ortaya \u00e7\u0131kt\u0131.<\/p>\n\n\n\n<p id=\"5d63\">1980&#8217;li y\u0131llara geldi\u011fimizde ise outlet ortaya \u00e7\u0131kt\u0131\u011f\u0131 ilk g\u00fcnden bamba\u015fka bir yere geldi. \u00d6zellikle Avrupa ve Amerika\u2019da \u015fehir d\u0131\u015f\u0131na konumland\u0131r\u0131lan outlet ma\u011fazalar\u0131 birer al\u0131\u015fveri\u015f merkezi \/ al\u0131\u015fveri\u015f kompleksi olarak konumlanmaya ba\u015flad\u0131.<\/p>\n\n\n\n<p id=\"9d49\">Bug\u00fcn <strong>T\u00fcrkiye\u2019de kurulu olan outlet ma\u011fazalar\u0131n\u0131n konumlar\u0131ndan farkl\u0131 olarak<\/strong>, Avrupa ve Amerika\u2019daki outletler \u00e7o\u011funlukla <strong>\u015fehrin d\u0131\u015f\u0131nda ve ula\u015f\u0131m i\u00e7in ara\u00e7 kullanmak gerekli<\/strong>. \u0130nsanlar buraya haftasonu plan\u0131 yaparak gidiyor ve outlete gitmek, g\u00fcnl\u00fck bir gezi \u015feklinde planlan\u0131yor.<\/p>\n\n\n\n<p id=\"7eb9\">Amerika\u2019dakiler daha \u00e7ok bizim bildi\u011fimiz anlamda modern yap\u0131lar olarak tasarlansa da Avrupa\u2019daki daha az katl\u0131, ye\u015fil alanlara yak\u0131n ve mimari olarak daha <em>village<\/em> formunda.<\/p>\n\n\n\n<p id=\"7a83\"><strong>Outlet ma\u011fazalar\u0131n \u015fehir d\u0131\u015f\u0131na konumland\u0131r\u0131lmas\u0131n\u0131n temel sebebi al\u0131\u015fveri\u015f i\u00e7in \u00f6zel bir niyetle oray\u0131 ziyaret etmek.<\/strong> Bir di\u011fer \u00f6nemli sebebi ise \u015fehir merkezindeki metrekare bazl\u0131 kiralama \/ sat\u0131n alma bedellerinin y\u00fcksek olu\u015fu. Bir \u00f6nceki yaz\u0131dan da bildi\u011fimiz \u00fczere, kira giderleri \u00fcr\u00fcn fiyatlar\u0131n\u0131n belirlenmesinde art\u0131k birinci etken konumunda.<\/p>\n\n\n\n<p id=\"fbdd\">\u015eehir d\u0131\u015f\u0131ndaki araziler daha ucuz ve \u015fehir d\u0131\u015f\u0131na kurulmu\u015f olan bir al\u0131\u015fveri\u015f merkezi, \u015fehrin o y\u00f6nde b\u00fcy\u00fcy\u00fcp geni\u015flemesini de te\u015fvik eden bir yap\u0131. Dipnot.<\/p>\n\n\n\n<p id=\"aecd\">Yani bilin\u00e7siz t\u00fcketime te\u015fvik edici bir unsur de\u011fil outlet kavram\u0131, <strong>\u00fcr\u00fcnleri daha uygun fiyatl\u0131 sunarak stoklar\u0131 eritme stratejisi.<\/strong><\/p>\n\n\n\n<figure class=\"wp-block-image size-full\"><img loading=\"lazy\" decoding=\"async\" width=\"720\" height=\"480\" src=\"https:\/\/www.kaanugrasiz.com\/tr\/wp-content\/uploads\/2025\/10\/turkiyede-outlet-magazacilik.webp\" alt=\"\" class=\"wp-image-1200\" srcset=\"https:\/\/www.kaanugrasiz.com\/tr\/wp-content\/uploads\/2025\/10\/turkiyede-outlet-magazacilik.webp 720w, https:\/\/www.kaanugrasiz.com\/tr\/wp-content\/uploads\/2025\/10\/turkiyede-outlet-magazacilik-300x200.webp 300w\" sizes=\"auto, (max-width: 720px) 100vw, 720px\" \/><\/figure>\n\n\n\n<h3 class=\"wp-block-heading\" id=\"d9d0\">T\u00fcrkiye\u2019de outlet k\u00fclt\u00fcr\u00fc; outlet ma\u011fazac\u0131l\u0131ktan ne anl\u0131yoruz?<\/h3>\n\n\n\n<p id=\"3ed8\">Outlet ma\u011fazac\u0131\u011f\u0131n\u0131, markalar\u0131n ellerindeki fazla \u00fcr\u00fcnleri eritmek ve y\u00f6netmek i\u00e7in ak\u0131ll\u0131ca bir pazarlama plan\u0131 olarak d\u00fc\u015f\u00fcnmek m\u00fcmk\u00fcn. Fakat T\u00fcrkiye gibi a\u015f\u0131r\u0131 enflasyonist ekonomilerde, outlet kavram\u0131, as\u0131l amac\u0131ndan uzakla\u015farak bamba\u015fka bir forma d\u00f6n\u00fc\u015fm\u00fc\u015f vaziyette: <strong>s\u00fcrekli ucuzluk<\/strong>.<\/p>\n\n\n\n<p id=\"2ded\"><strong>T\u00fcrkiye\u2019de neden her yer outlet doldu?<\/strong><\/p>\n\n\n\n<p id=\"2686\">T\u00fcrkiye\u2019deki al\u0131\u015fveri\u015f merkezlerinin art\u0131k yaln\u0131zca al\u0131\u015fveri\u015f yap\u0131lan yerler olmad\u0131\u011f\u0131 ve bu komplekslerin bir t\u00fcr sosyal ya\u015fam merkezi haline geldi\u011finden bir \u00f6nceki yaz\u0131da bahsetmi\u015ftim.<\/p>\n\n\n\n<p id=\"8391\">Bu al\u0131\u015fveri\u015f merkezlerinden hangisine giderseniz gidin, hangi ma\u011fazan\u0131n \u00f6n\u00fcnden ge\u00e7erseni ge\u00e7in ve vitrinini incelerseniz inceleyin, dikkatinizi mutlaka \u00e7ekecek olan bir \u015fey var: indirim tabelalar\u0131 ve outlet ma\u011faza beyanlar\u0131.<\/p>\n\n\n\n<p id=\"089a\">\u00d6yle ki, baz\u0131 al\u0131\u015fveri\u015f merkezleri i\u00e7in sezon \u00fcr\u00fcn\u00fc satmak, merkezin kendi imaj\u0131na zarar veren bir l\u00fcks haline gelmi\u015f durumda, \u00e7\u00fcnk\u00fc t\u00fcketiciler indirimde ya da kampanyada olmayan \u00fcr\u00fcnleri \u201cpahal\u0131\u201d buluyor.<\/p>\n\n\n\n<p id=\"06e6\">T\u00fcrkiye\u2019deki hemen hemen her al\u0131\u015fveri\u015f merkezinin bir yerinde outlet ge\u00e7irmesinin temel maksatlar\u0131ndan ilki, enflasyon nedeniyle d\u00fc\u015fen al\u0131m g\u00fcc\u00fc kar\u015f\u0131s\u0131nda sat\u0131\u015flar\u0131 artt\u0131maya \u00e7al\u0131\u015fmak. Yani <strong>indirimli \u00fcr\u00fcn<\/strong> alg\u0131s\u0131n\u0131n kal\u0131c\u0131 hale gelmesi.<\/p>\n\n\n\n<p id=\"4e1c\">\u00c7\u00fcnk\u00fc neden; al\u0131m g\u00fcc\u00fcn\u00fcn d\u00fc\u015fmesi ve fiyatlar\u0131n yukar\u0131 y\u00f6nl\u00fc devaml\u0131 olarak gitmesine ra\u011fmen \u015firketler sat\u0131\u015f birimlerine her seferinde daha fazla sat\u0131\u015f kotas\u0131 veriyor ve insanlar\u0131n bunu tamamlamas\u0131n\u0131 b\u00fcy\u00fck bir i\u015ftahla bekliyor.<\/p>\n\n\n\n<p id=\"376f\">Perakendecilikte devaml\u0131 olarak artan ve gittik\u00e7e daha hakim hale gelen indirimli \u00fcr\u00fcn k\u00fclt\u00fcr\u00fcn\u00fcn yayg\u0131nla\u015fmas\u0131n\u0131n sebeplerini bir ka\u00e7 ba\u015fl\u0131k alt\u0131nda s\u0131ralamak m\u00fcmk\u00fcn;<\/p>\n\n\n\n<ul class=\"wp-block-list\">\n<li>Y\u00fcksek enflasyon kar\u015f\u0131s\u0131nda al\u0131m g\u00fcc\u00fc d\u00fc\u015fen t\u00fcketiciyi ma\u011fazaya \u00e7ekmeyi ba\u015farmak<\/li>\n\n\n\n<li>Kira giderlerini y\u00fcksek ciro ile dengeleme \u00e7abas\u0131<\/li>\n\n\n\n<li>Markalar aras\u0131nda fiyat rekabeti yaratmak<\/li>\n\n\n\n<li>T\u00fcketicilerin al\u0131\u015fveri\u015f al\u0131\u015fkanl\u0131klar\u0131n\u0131n \u015fok indirimlere, y\u0131lda bir gelen kampanyalara ve dip fiyatlara ba\u011f\u0131ml\u0131 hale gelmesi<\/li>\n<\/ul>\n\n\n\n<p id=\"aa12\">Bir \u00e7ok marka, bir \u00f6nceki sezondan kalan, ikinci kalite ya da basit defolar\u0131 olan \u00fcr\u00fcnleri outlete ay\u0131rmak yerine ma\u011fazalar\u0131n t\u00fcm\u00fcn\u00fc outlet kategorisine ay\u0131rarak ma\u011fazay\u0131 <strong>s\u00fcrekli kampanyada<\/strong> tutuyor. Fakat bu tutum art\u0131k pek \u00e7ok t\u00fcketici taraf\u0131ndan samimi ve ger\u00e7ek\u00e7i bulunmuyor.<\/p>\n\n\n\n<p id=\"3842\">\u00c7\u00fcnk\u00fc burdaki ama\u00e7 ger\u00e7ek bir stok eritme plan\u0131 de\u011fil; i\u015f alg\u0131 y\u00f6netimine d\u00f6n\u00fc\u015fm\u00fc\u015f durumda.<\/p>\n\n\n\n<h3 class=\"wp-block-heading\" id=\"99aa\">Outlet al\u0131\u015fveri\u015f bi\u00e7iminin d\u00f6n\u00fc\u015f\u00fcm\u00fc<\/h3>\n\n\n\n<p id=\"4aff\">Ben k\u00fc\u00e7\u00fckken dahi indirim ma\u011fazalar\u0131 \u015fehrin d\u0131\u015f\u0131ndayd\u0131 ve annemlerle oraya daha uyguna al\u0131\u015fveri\u015f yapmaya gitti\u011fimiz olurdu. Fakat bu al\u0131\u015fveri\u015f bi\u00e7imi zamanla de\u011fi\u015fti ve bug\u00fcn \u015fehrin i\u00e7indeyken dahi kafam\u0131 ne tarafa \u00e7evirsem, al\u0131\u015fveri\u015f merkezlerinin fiziksel olarak outlet olmasa bile pazarlama stratejilerini outlet olarak konumland\u0131r\u0131d\u0131\u011f\u0131n\u0131 g\u00f6r\u00fcyorum.<\/p>\n\n\n\n<p id=\"f51f\">Tabelalarda ise \u201c%80 indirim\u201d, \u201c3 al 2 \u00f6de\u201d, \u201cfinal indirimi\u201d gibi ifadeler birbiri ile yar\u0131\u015f\u0131yor. Hatta d\u00fcnyada \u00f6nemli pazarlama kampanyalar\u0131n\u0131n tertip edildi\u011fi <em>black friday, cyber monday, sevgililer g\u00fcn\u00fc, yaln\u0131zlar g\u00fcn\u00fc, yar\u0131y\u0131l indirimleri, ramazan indirimi, bayram kampanyalar\u0131<\/em>n\u0131n birisi bitiyor di\u011fer ba\u015fl\u0131yor.<\/p>\n\n\n\n<p id=\"9876\">Buradaki tek fark, d\u00fcnyada d\u00fczenlenen benzer kampanyalarda ger\u00e7ek bir indirimden s\u00f6z etmek m\u00fcmk\u00fcnken T\u00fcrkiye\u2019deki fiyatlamalarda \u00e7o\u011funlukla \u00f6nce fiyatlar\u0131n yukar\u0131 \u00e7ekildi\u011fini ve artm\u0131\u015f fiyatlardan indirim yap\u0131larak yine rutin sat\u0131\u015f fiyatlar\u0131yla \u00fcr\u00fcnlerin listelendi\u011fini ve sergilendi\u011fini g\u00f6r\u00fcyorum.<\/p>\n\n\n\n<p id=\"8966\">Halbuki baz\u0131 kategorilerde devaml\u0131 olarak \u00fcr\u00fcn fiyat\u0131 takip eden birisi olarak, \u00f6zellikle afaki indirimlerin yap\u0131ld\u0131\u011f\u0131 iddia edilen hi\u00e7 bir \u00fcr\u00fcn\u00fcn ilk fiyat\u0131n\u0131n hi\u00e7 bir zaman ilan edildi\u011fi gibi oldu\u011funu g\u00f6rm\u00fcyorum. Kald\u0131 ki \u00fcr\u00fcn\u00fc elime ald\u0131\u011f\u0131mda etiketindeki fiyat\u0131 bile etmedi\u011fini anl\u0131yorum.<\/p>\n\n\n\n<blockquote class=\"wp-block-quote is-layout-flow wp-block-quote-is-layout-flow\">\n<p id=\"b6e3\">\u00dcr\u00fcnlerin ger\u00e7ekten indirimde olup olmad\u0131\u011f\u0131n\u0131 ve ne zaman kampanyaya sokulup ne zaman kampanyadan \u00e7\u0131kt\u0131\u011f\u0131n\u0131, bir t\u00fcr ulusal barkod takip sistemiyle \u00e7\u00f6zebiliriz gibi geliyor bana.<\/p>\n\n\n\n<p id=\"149a\">Fakat bunun i\u00e7in ticareti d\u00fczenleyen otoritenin tam bir kontrol sa\u011flamas\u0131, ticaretle ilgili baz\u0131 kurallar\u0131n yeniden belirlenmesi ve \u00fcreticilerin bu sisteme ko\u015fulsuz \u015farts\u0131z tam entegre olmas\u0131 gerekiyor. \u015eimdilik bir \u00fctopya gibi g\u00f6r\u00fcn\u00fcyor, ama neden olmas\u0131n?<\/p>\n<\/blockquote>\n\n\n\n<h3 class=\"wp-block-heading\" id=\"0f27\">Outlet ve marka alg\u0131s\u0131 aras\u0131ndaki ili\u015fki<\/h3>\n\n\n\n<p id=\"e090\">Devaml\u0131 olarak indirimde olman\u0131n ve markan\u0131n devaml\u0131 olarak outlet kategorisinde g\u00f6r\u00fcnmesinin, markan\u0131n konumlanmak istedi\u011fi as\u0131l kategoriye zarar verdi\u011fini g\u00f6z \u00f6n\u00fcnde bulundurmak \u00f6nemli ve t\u00fcketicinin zihninde olu\u015fan sorular \u015funlar;<\/p>\n\n\n\n<ul class=\"wp-block-list\">\n<li>Bu \u00fcr\u00fcn ger\u00e7ekten indirimde mi, nas\u0131l anlayaca\u011f\u0131m?<\/li>\n\n\n\n<li>Bir ma\u011fazada ger\u00e7ekten indirim oldu\u011funu nas\u0131l ay\u0131rt edebilirim?<\/li>\n\n\n\n<li>Bu \u00fcr\u00fcnler ger\u00e7ekten anlat\u0131ld\u0131\u011f\u0131 kadar kaliteli mi?<\/li>\n<\/ul>\n\n\n\n<p id=\"7cd6\">T\u00fcrkiye\u2019de t\u00fcketiciler, outletin d\u0131\u015f\u0131na \u00e7\u0131kt\u0131\u011f\u0131nda \u00fcr\u00fcnleri pahal\u0131 buluyor, bu da markalar\u0131n vitrinlerinde daima bir t\u00fcr indirim imaj\u0131 sunmas\u0131n\u0131 gerekli k\u0131l\u0131yor.<\/p>\n\n\n\n<p id=\"71e4\">Ma\u011fazan\u0131n i\u00e7ine girdi\u011finizde \u00e7o\u011funlukla hi\u00e7 kimsenin \u00fcst\u00fcne olmayan bir ya da bir ka\u00e7 grup \u00fcr\u00fcn\u00fcn indirim ad\u0131 alt\u0131nda sergilendi\u011fini fakat kimsenin onlar\u0131 almaya yana\u015fmad\u0131n\u0131 g\u00f6r\u00fcrs\u00fcn\u00fcz; ma\u011fazda indirimli \u00fcr\u00fcn var m\u0131 var; fakat i\u015fe yar\u0131yor mu, genellikle hay\u0131r.<\/p>\n\n\n\n<p id=\"7f2e\">\u0130ndirim sarmal\u0131n\u0131n i\u00e7ine bir kez giren markalar bir s\u00fcre sonra yukar\u0131 do\u011fru hareket edemiyor, a\u015fa\u011f\u0131 indik\u00e7e de kar marjlar\u0131 d\u00fc\u015f\u00fcyor sonun ba\u015flang\u0131c\u0131 belki de bu noktada ba\u015fl\u0131yor.<\/p>\n\n\n\n<h3 class=\"wp-block-heading\" id=\"3eab\">Outlet etiketi al\u0131\u015fveri\u015f merkezlerini nas\u0131l d\u00f6n\u00fc\u015ft\u00fcrd\u00fc?<\/h3>\n\n\n\n<p id=\"5cbc\">Outlet etiketini benimseyen al\u0131\u015fveri\u015f merkezleri art\u0131k b\u00fcy\u00fck zincir ma\u011fazalar ve prestijli markalar\u0131n bulu\u015fma noktas\u0131 de\u011fil; bunlar\u0131n daha d\u00fc\u015f\u00fck kaliteli \u00fcr\u00fcnlerinin y\u0131\u011f\u0131ld\u0131\u011f\u0131 ve kap\u0131s\u0131nda her zaman bir kampanyan\u0131n bulundu\u011fu, pazar yerinden biraz daha hallice bir yere d\u00f6n\u00fc\u015ft\u00fc ve ma\u011fazalar art\u0131k birbiri ile ayn\u0131la\u015fmaya ba\u015flad\u0131.<\/p>\n\n\n\n<p id=\"add1\">Zaten baz\u0131 b\u00fcy\u00fck tekstil gruplar\u0131 bir \u00e7ok markas\u0131yla al\u0131\u015fveri\u015f merkezine girdi\u011finden \u00fcr\u00fcnler de bu benze\u015fmeden nasibini al\u0131yor, kompleksler birbirinin kopyas\u0131 haline geliyor ve bence bu konseptin yak\u0131n zamanda varaca\u011f\u0131 g\u00f6r\u00fcn\u00fcm Tahtakale\u2019deki \u015eark Han\u2019a benzeyen bir yap\u0131 olacak.<\/p>\n\n\n\n<blockquote class=\"wp-block-quote is-layout-flow wp-block-quote-is-layout-flow\">\n<p id=\"5b21\">Al\u0131\u015fveri\u015f merkezlerinde devaml\u0131 indirim, kampanya ve outlet kavramlar\u0131 etraf\u0131nda izlenen sat\u0131\u015f stratejilerinden olumlu y\u00f6nde etkilenen tek bir segment akl\u0131ma geliyor; o da l\u00fcks t\u00fcketim.<\/p>\n<\/blockquote>\n\n\n\n<p id=\"381f\">\u015eahsi olarak g\u00f6zlemledi\u011fim bir konu var; \u015fehrin her yan\u0131nda ad\u0131 outlet olan fakat i\u00e7indeki \u00fcr\u00fcnlerin fiyatlar\u0131yla hi\u00e7 outlet gibi durmayan al\u0131\u015fveri\u015f merkezleri benim i\u00e7in bir t\u00fcr f<strong>\u0131rsat kovalama mekan\u0131<\/strong>na d\u00f6n\u00fc\u015ft\u00fc. M\u00fcmk\u00fcn oldu\u011fu kadar az ziyaret etmeye \u00e7al\u0131\u015f\u0131yorum fakat bir al\u0131\u015fveri\u015f merkezine gitti\u011fimde gezinmekten \u00e7ok c\u00fczdan\u0131ma uygun bir \u015fey bulmaya zaman harc\u0131yorum ve bu da bir b\u00fct\u00fcn olarak beni olduk\u00e7a yoruyor.<\/p>\n\n\n\n<p id=\"74f8\">\u2026<\/p>\n\n\n\n<p id=\"f519\">Devaml\u0131 indirimde olmak, benzersiz oldu\u011fu iddia edilen kampanyalar\u0131 devreye almak ve outlet oldu\u011fu iddia edilen \u00fcr\u00fcnleri sezon fiyat\u0131na satmak T\u00fcrkiye\u2019deki al\u0131\u015fveri\u015f merkezlerindeki ma\u011fazalar\u0131n bence ortak bir sorunu. T\u00fcketicinin ilgisini diri tutmaya yarayan bu pazarlama ileti\u015fimi \u00e7al\u0131\u015fmalar\u0131, uzun vadede asl\u0131nda hem markalar\u0131n hem de al\u0131\u015fveri\u015f k\u00fclt\u00fcr\u00fcn\u00fcn niteli\u011fini a\u015f\u0131nd\u0131rarak t\u00fcm s\u00fcreci yozla\u015ft\u0131r\u0131yor.<\/p>\n\n\n\n<p id=\"7ae0\">\u00dcr\u00fcn\u00fcn ger\u00e7ek de\u011ferinden \u00e7ok indirimli de\u011ferine odaklanmay\u0131 s\u00fcrd\u00fcrd\u00fck\u00e7e, al\u0131\u015fveri\u015f deneyiminde bir de\u011fi\u015fiklik beklemiyorum, \u00e7\u00fcnk\u00fc marka ile t\u00fcketici aras\u0131ndaki g\u00fcven ve samimiyet, i\u015flevsiz kampanyalarla, sahte indirimlerle ve sezon fiyat\u0131na sat\u0131lan outlet \u00fcr\u00fcnlerle her ge\u00e7en g\u00fcn daha fazla kayboluyor.<\/p>\n","protected":false},"excerpt":{"rendered":"<p>T\u00fcrkiye nas\u0131l bir \u201coutlet\u201d cennetine d\u00f6n\u00fc\u015ft\u00fc, ilan edilen indirimler ger\u00e7ekten yap\u0131l\u0131yor mu, kampanyalar ger\u00e7ek\u00e7i mi, bir \u00fcr\u00fcn\u00fcn ger\u00e7ekten indirimde olup olmad\u0131\u011f\u0131n\u0131 anlamaya y\u00f6nelik \u00e7\u00f6z\u00fcm \u00f6nerileri, \u201coutlet\u201d etiketi al\u0131\u015fveri\u015f merkezlerini nas\u0131l d\u00f6n\u00fc\u015ft\u00fcrecek? Bir sezonun sonunda elde kalan, defolu ya da \u00fcretimden ikinci kalite olarak \u00e7\u0131km\u0131\u015f, fazla \u00fcretilmi\u015f ve koleksiyondan \u00e7\u0131kar\u0131lm\u0131\u015f \u00fcr\u00fcnlerin yayg\u0131n olarak sat\u0131\u015f\u0131n\u0131n yap\u0131ld\u0131\u011f\u0131 outlet&#8230;<\/p>\n","protected":false},"author":1,"featured_media":1199,"comment_status":"open","ping_status":"open","sticky":false,"template":"","format":"standard","meta":{"_coblocks_attr":"","_coblocks_dimensions":"","_coblocks_responsive_height":"","_coblocks_accordion_ie_support":"","_uag_custom_page_level_css":"","_kadence_starter_templates_imported_post":false,"_kad_post_transparent":"","_kad_post_title":"","_kad_post_layout":"","_kad_post_sidebar_id":"","_kad_post_content_style":"","_kad_post_vertical_padding":"","_kad_post_feature":"","_kad_post_feature_position":"","_kad_post_header":false,"_kad_post_footer":false,"footnotes":""},"categories":[185,234],"tags":[308,311,310,309],"class_list":["post-1198","post","type-post","status-publish","format-standard","has-post-thumbnail","hentry","category-kahve-molasi","category-tuketim","tag-defolu-urunler","tag-magazacilik","tag-outlet-magaza","tag-outlet-urunler"],"yoast_head":"<!-- This site is optimized with the Yoast SEO plugin v27.3 - https:\/\/yoast.com\/product\/yoast-seo-wordpress\/ -->\n<title>Bir alg\u0131 y\u00f6netimi bi\u00e7imi olarak T\u00fcrkiye\u2019de outlet ma\u011fazac\u0131l\u0131k<\/title>\n<meta name=\"robots\" content=\"index, follow, max-snippet:-1, max-image-preview:large, max-video-preview:-1\" \/>\n<link rel=\"canonical\" href=\"https:\/\/www.kaanugrasiz.com\/tr\/bir-algi-yonetimi-bicimi-olarak-turkiyede-outlet-magazacilik.html\" \/>\n<meta property=\"og:locale\" content=\"tr_TR\" \/>\n<meta property=\"og:type\" content=\"article\" \/>\n<meta property=\"og:title\" content=\"Bir alg\u0131 y\u00f6netimi bi\u00e7imi olarak T\u00fcrkiye\u2019de outlet ma\u011fazac\u0131l\u0131k\" \/>\n<meta property=\"og:description\" content=\"T\u00fcrkiye nas\u0131l bir \u201coutlet\u201d cennetine d\u00f6n\u00fc\u015ft\u00fc, ilan edilen indirimler ger\u00e7ekten yap\u0131l\u0131yor mu, kampanyalar ger\u00e7ek\u00e7i mi, bir \u00fcr\u00fcn\u00fcn ger\u00e7ekten indirimde olup olmad\u0131\u011f\u0131n\u0131 anlamaya y\u00f6nelik \u00e7\u00f6z\u00fcm \u00f6nerileri, \u201coutlet\u201d etiketi al\u0131\u015fveri\u015f merkezlerini nas\u0131l d\u00f6n\u00fc\u015ft\u00fcrecek? Bir sezonun sonunda elde kalan, defolu ya da \u00fcretimden ikinci kalite olarak \u00e7\u0131km\u0131\u015f, fazla \u00fcretilmi\u015f ve koleksiyondan \u00e7\u0131kar\u0131lm\u0131\u015f \u00fcr\u00fcnlerin yayg\u0131n olarak sat\u0131\u015f\u0131n\u0131n yap\u0131ld\u0131\u011f\u0131 outlet...\" \/>\n<meta property=\"og:url\" content=\"https:\/\/www.kaanugrasiz.com\/tr\/bir-algi-yonetimi-bicimi-olarak-turkiyede-outlet-magazacilik.html\" \/>\n<meta property=\"og:site_name\" content=\"Pazarlama ve marka ileti\u015fimi blogu - Kaan U\u011fras\u0131z\" \/>\n<meta property=\"article:published_time\" content=\"2025-07-29T04:00:00+00:00\" \/>\n<meta property=\"article:modified_time\" content=\"2026-01-12T13:56:12+00:00\" \/>\n<meta property=\"og:image\" content=\"https:\/\/www.kaanugrasiz.com\/tr\/wp-content\/uploads\/2025\/10\/bir-algi-yonetim-bicimi-olarak-turkiyede-outlet-magazacilik.webp\" \/>\n\t<meta property=\"og:image:width\" content=\"1100\" \/>\n\t<meta property=\"og:image:height\" content=\"733\" \/>\n\t<meta property=\"og:image:type\" content=\"image\/webp\" \/>\n<meta name=\"author\" content=\"Kaan U\u011fras\u0131z\" \/>\n<meta name=\"twitter:card\" content=\"summary_large_image\" \/>\n<meta name=\"twitter:label1\" content=\"Yazan:\" \/>\n\t<meta name=\"twitter:data1\" content=\"Kaan U\u011fras\u0131z\" \/>\n\t<meta name=\"twitter:label2\" content=\"Tahmini okuma s\u00fcresi\" \/>\n\t<meta name=\"twitter:data2\" content=\"8 dakika\" \/>\n<script type=\"application\/ld+json\" class=\"yoast-schema-graph\">{\"@context\":\"https:\\\/\\\/schema.org\",\"@graph\":[{\"@type\":\"Article\",\"@id\":\"https:\\\/\\\/www.kaanugrasiz.com\\\/tr\\\/bir-algi-yonetimi-bicimi-olarak-turkiyede-outlet-magazacilik.html#article\",\"isPartOf\":{\"@id\":\"https:\\\/\\\/www.kaanugrasiz.com\\\/tr\\\/bir-algi-yonetimi-bicimi-olarak-turkiyede-outlet-magazacilik.html\"},\"author\":{\"name\":\"Kaan U\u011fras\u0131z\",\"@id\":\"https:\\\/\\\/www.kaanugrasiz.com\\\/tr\\\/#\\\/schema\\\/person\\\/c03ebfb2409df5381cad2561495a437e\"},\"headline\":\"Bir alg\u0131 y\u00f6netimi bi\u00e7imi olarak T\u00fcrkiye\u2019de outlet ma\u011fazac\u0131l\u0131k\",\"datePublished\":\"2025-07-29T04:00:00+00:00\",\"dateModified\":\"2026-01-12T13:56:12+00:00\",\"mainEntityOfPage\":{\"@id\":\"https:\\\/\\\/www.kaanugrasiz.com\\\/tr\\\/bir-algi-yonetimi-bicimi-olarak-turkiyede-outlet-magazacilik.html\"},\"wordCount\":1869,\"commentCount\":1,\"publisher\":{\"@id\":\"https:\\\/\\\/www.kaanugrasiz.com\\\/tr\\\/#\\\/schema\\\/person\\\/c03ebfb2409df5381cad2561495a437e\"},\"image\":{\"@id\":\"https:\\\/\\\/www.kaanugrasiz.com\\\/tr\\\/bir-algi-yonetimi-bicimi-olarak-turkiyede-outlet-magazacilik.html#primaryimage\"},\"thumbnailUrl\":\"https:\\\/\\\/www.kaanugrasiz.com\\\/tr\\\/wp-content\\\/uploads\\\/2025\\\/10\\\/bir-algi-yonetim-bicimi-olarak-turkiyede-outlet-magazacilik.webp\",\"keywords\":[\"defolu \u00fcr\u00fcnler\",\"ma\u011fazac\u0131l\u0131k\",\"outlet ma\u011faza\",\"outlet \u00fcr\u00fcnler\"],\"articleSection\":[\"Kahve molas\u0131\",\"T\u00fcketim\"],\"inLanguage\":\"tr\",\"potentialAction\":[{\"@type\":\"CommentAction\",\"name\":\"Comment\",\"target\":[\"https:\\\/\\\/www.kaanugrasiz.com\\\/tr\\\/bir-algi-yonetimi-bicimi-olarak-turkiyede-outlet-magazacilik.html#respond\"]}]},{\"@type\":\"WebPage\",\"@id\":\"https:\\\/\\\/www.kaanugrasiz.com\\\/tr\\\/bir-algi-yonetimi-bicimi-olarak-turkiyede-outlet-magazacilik.html\",\"url\":\"https:\\\/\\\/www.kaanugrasiz.com\\\/tr\\\/bir-algi-yonetimi-bicimi-olarak-turkiyede-outlet-magazacilik.html\",\"name\":\"Bir alg\u0131 y\u00f6netimi bi\u00e7imi olarak T\u00fcrkiye\u2019de outlet ma\u011fazac\u0131l\u0131k\",\"isPartOf\":{\"@id\":\"https:\\\/\\\/www.kaanugrasiz.com\\\/tr\\\/#website\"},\"primaryImageOfPage\":{\"@id\":\"https:\\\/\\\/www.kaanugrasiz.com\\\/tr\\\/bir-algi-yonetimi-bicimi-olarak-turkiyede-outlet-magazacilik.html#primaryimage\"},\"image\":{\"@id\":\"https:\\\/\\\/www.kaanugrasiz.com\\\/tr\\\/bir-algi-yonetimi-bicimi-olarak-turkiyede-outlet-magazacilik.html#primaryimage\"},\"thumbnailUrl\":\"https:\\\/\\\/www.kaanugrasiz.com\\\/tr\\\/wp-content\\\/uploads\\\/2025\\\/10\\\/bir-algi-yonetim-bicimi-olarak-turkiyede-outlet-magazacilik.webp\",\"datePublished\":\"2025-07-29T04:00:00+00:00\",\"dateModified\":\"2026-01-12T13:56:12+00:00\",\"breadcrumb\":{\"@id\":\"https:\\\/\\\/www.kaanugrasiz.com\\\/tr\\\/bir-algi-yonetimi-bicimi-olarak-turkiyede-outlet-magazacilik.html#breadcrumb\"},\"inLanguage\":\"tr\",\"potentialAction\":[{\"@type\":\"ReadAction\",\"target\":[\"https:\\\/\\\/www.kaanugrasiz.com\\\/tr\\\/bir-algi-yonetimi-bicimi-olarak-turkiyede-outlet-magazacilik.html\"]}]},{\"@type\":\"ImageObject\",\"inLanguage\":\"tr\",\"@id\":\"https:\\\/\\\/www.kaanugrasiz.com\\\/tr\\\/bir-algi-yonetimi-bicimi-olarak-turkiyede-outlet-magazacilik.html#primaryimage\",\"url\":\"https:\\\/\\\/www.kaanugrasiz.com\\\/tr\\\/wp-content\\\/uploads\\\/2025\\\/10\\\/bir-algi-yonetim-bicimi-olarak-turkiyede-outlet-magazacilik.webp\",\"contentUrl\":\"https:\\\/\\\/www.kaanugrasiz.com\\\/tr\\\/wp-content\\\/uploads\\\/2025\\\/10\\\/bir-algi-yonetim-bicimi-olarak-turkiyede-outlet-magazacilik.webp\",\"width\":1100,\"height\":733},{\"@type\":\"BreadcrumbList\",\"@id\":\"https:\\\/\\\/www.kaanugrasiz.com\\\/tr\\\/bir-algi-yonetimi-bicimi-olarak-turkiyede-outlet-magazacilik.html#breadcrumb\",\"itemListElement\":[{\"@type\":\"ListItem\",\"position\":1,\"name\":\"Anasayfa\",\"item\":\"https:\\\/\\\/www.kaanugrasiz.com\\\/tr\\\/\"},{\"@type\":\"ListItem\",\"position\":2,\"name\":\"Bir alg\u0131 y\u00f6netimi bi\u00e7imi olarak T\u00fcrkiye\u2019de outlet ma\u011fazac\u0131l\u0131k\"}]},{\"@type\":\"WebSite\",\"@id\":\"https:\\\/\\\/www.kaanugrasiz.com\\\/tr\\\/#website\",\"url\":\"https:\\\/\\\/www.kaanugrasiz.com\\\/tr\\\/\",\"name\":\"Brand Monday TR\",\"description\":\"\",\"publisher\":{\"@id\":\"https:\\\/\\\/www.kaanugrasiz.com\\\/tr\\\/#\\\/schema\\\/person\\\/c03ebfb2409df5381cad2561495a437e\"},\"potentialAction\":[{\"@type\":\"SearchAction\",\"target\":{\"@type\":\"EntryPoint\",\"urlTemplate\":\"https:\\\/\\\/www.kaanugrasiz.com\\\/tr\\\/?s={search_term_string}\"},\"query-input\":{\"@type\":\"PropertyValueSpecification\",\"valueRequired\":true,\"valueName\":\"search_term_string\"}}],\"inLanguage\":\"tr\"},{\"@type\":[\"Person\",\"Organization\"],\"@id\":\"https:\\\/\\\/www.kaanugrasiz.com\\\/tr\\\/#\\\/schema\\\/person\\\/c03ebfb2409df5381cad2561495a437e\",\"name\":\"Kaan U\u011fras\u0131z\",\"image\":{\"@type\":\"ImageObject\",\"inLanguage\":\"tr\",\"@id\":\"https:\\\/\\\/www.kaanugrasiz.com\\\/tr\\\/wp-content\\\/uploads\\\/2026\\\/02\\\/cropped-cropped-kaanugrasiz-logo-gold.webp\",\"url\":\"https:\\\/\\\/www.kaanugrasiz.com\\\/tr\\\/wp-content\\\/uploads\\\/2026\\\/02\\\/cropped-cropped-kaanugrasiz-logo-gold.webp\",\"contentUrl\":\"https:\\\/\\\/www.kaanugrasiz.com\\\/tr\\\/wp-content\\\/uploads\\\/2026\\\/02\\\/cropped-cropped-kaanugrasiz-logo-gold.webp\",\"width\":512,\"height\":512,\"caption\":\"Kaan U\u011fras\u0131z\"},\"logo\":{\"@id\":\"https:\\\/\\\/www.kaanugrasiz.com\\\/tr\\\/wp-content\\\/uploads\\\/2026\\\/02\\\/cropped-cropped-kaanugrasiz-logo-gold.webp\"},\"description\":\"Yakla\u015f\u0131k 20 y\u0131ll\u0131k deneyime sahip bir pazarlama ileti\u015fimi profesyoneliyim ve \u00e7e\u015fitli formatlarda nitelikli, anlaml\u0131 ve etkili i\u00e7erikler \u00fcretip yay\u0131nlamaya odaklan\u0131yorum. Bir bireyin veya kurulu\u015fun \u00e7evresiyle uyumlu, d\u00fczenli ve anla\u015f\u0131l\u0131r bir ileti\u015fim kurmas\u0131, mevcut ili\u015fkileri g\u00fc\u00e7lendirmesi ve yeni ili\u015fkiler kurmas\u0131 i\u00e7in gereken t\u00fcm ara\u00e7lar\u0131 s\u0131f\u0131rdan geli\u015ftirebilir ve bu ama\u00e7la yol g\u00f6sterici haritalar olu\u015fturabilirim.\",\"sameAs\":[\"https:\\\/\\\/www.kaanugrasiz.com\\\/tr\",\"https:\\\/\\\/instagram.com\\\/kaanugrasiz\",\"https:\\\/\\\/linkedin.com\\\/in\\\/kaanugrasiz\"],\"url\":\"https:\\\/\\\/www.kaanugrasiz.com\\\/tr\\\/author\\\/travego\"}]}<\/script>\n<!-- \/ Yoast SEO plugin. -->","yoast_head_json":{"title":"Bir alg\u0131 y\u00f6netimi bi\u00e7imi olarak T\u00fcrkiye\u2019de outlet ma\u011fazac\u0131l\u0131k","robots":{"index":"index","follow":"follow","max-snippet":"max-snippet:-1","max-image-preview":"max-image-preview:large","max-video-preview":"max-video-preview:-1"},"canonical":"https:\/\/www.kaanugrasiz.com\/tr\/bir-algi-yonetimi-bicimi-olarak-turkiyede-outlet-magazacilik.html","og_locale":"tr_TR","og_type":"article","og_title":"Bir alg\u0131 y\u00f6netimi bi\u00e7imi olarak T\u00fcrkiye\u2019de outlet ma\u011fazac\u0131l\u0131k","og_description":"T\u00fcrkiye nas\u0131l bir \u201coutlet\u201d cennetine d\u00f6n\u00fc\u015ft\u00fc, ilan edilen indirimler ger\u00e7ekten yap\u0131l\u0131yor mu, kampanyalar ger\u00e7ek\u00e7i mi, bir \u00fcr\u00fcn\u00fcn ger\u00e7ekten indirimde olup olmad\u0131\u011f\u0131n\u0131 anlamaya y\u00f6nelik \u00e7\u00f6z\u00fcm \u00f6nerileri, \u201coutlet\u201d etiketi al\u0131\u015fveri\u015f merkezlerini nas\u0131l d\u00f6n\u00fc\u015ft\u00fcrecek? Bir sezonun sonunda elde kalan, defolu ya da \u00fcretimden ikinci kalite olarak \u00e7\u0131km\u0131\u015f, fazla \u00fcretilmi\u015f ve koleksiyondan \u00e7\u0131kar\u0131lm\u0131\u015f \u00fcr\u00fcnlerin yayg\u0131n olarak sat\u0131\u015f\u0131n\u0131n yap\u0131ld\u0131\u011f\u0131 outlet...","og_url":"https:\/\/www.kaanugrasiz.com\/tr\/bir-algi-yonetimi-bicimi-olarak-turkiyede-outlet-magazacilik.html","og_site_name":"Pazarlama ve marka ileti\u015fimi blogu - Kaan U\u011fras\u0131z","article_published_time":"2025-07-29T04:00:00+00:00","article_modified_time":"2026-01-12T13:56:12+00:00","og_image":[{"width":1100,"height":733,"url":"https:\/\/www.kaanugrasiz.com\/tr\/wp-content\/uploads\/2025\/10\/bir-algi-yonetim-bicimi-olarak-turkiyede-outlet-magazacilik.webp","type":"image\/webp"}],"author":"Kaan U\u011fras\u0131z","twitter_card":"summary_large_image","twitter_misc":{"Yazan:":"Kaan U\u011fras\u0131z","Tahmini okuma s\u00fcresi":"8 dakika"},"schema":{"@context":"https:\/\/schema.org","@graph":[{"@type":"Article","@id":"https:\/\/www.kaanugrasiz.com\/tr\/bir-algi-yonetimi-bicimi-olarak-turkiyede-outlet-magazacilik.html#article","isPartOf":{"@id":"https:\/\/www.kaanugrasiz.com\/tr\/bir-algi-yonetimi-bicimi-olarak-turkiyede-outlet-magazacilik.html"},"author":{"name":"Kaan U\u011fras\u0131z","@id":"https:\/\/www.kaanugrasiz.com\/tr\/#\/schema\/person\/c03ebfb2409df5381cad2561495a437e"},"headline":"Bir alg\u0131 y\u00f6netimi bi\u00e7imi olarak T\u00fcrkiye\u2019de outlet ma\u011fazac\u0131l\u0131k","datePublished":"2025-07-29T04:00:00+00:00","dateModified":"2026-01-12T13:56:12+00:00","mainEntityOfPage":{"@id":"https:\/\/www.kaanugrasiz.com\/tr\/bir-algi-yonetimi-bicimi-olarak-turkiyede-outlet-magazacilik.html"},"wordCount":1869,"commentCount":1,"publisher":{"@id":"https:\/\/www.kaanugrasiz.com\/tr\/#\/schema\/person\/c03ebfb2409df5381cad2561495a437e"},"image":{"@id":"https:\/\/www.kaanugrasiz.com\/tr\/bir-algi-yonetimi-bicimi-olarak-turkiyede-outlet-magazacilik.html#primaryimage"},"thumbnailUrl":"https:\/\/www.kaanugrasiz.com\/tr\/wp-content\/uploads\/2025\/10\/bir-algi-yonetim-bicimi-olarak-turkiyede-outlet-magazacilik.webp","keywords":["defolu \u00fcr\u00fcnler","ma\u011fazac\u0131l\u0131k","outlet ma\u011faza","outlet \u00fcr\u00fcnler"],"articleSection":["Kahve molas\u0131","T\u00fcketim"],"inLanguage":"tr","potentialAction":[{"@type":"CommentAction","name":"Comment","target":["https:\/\/www.kaanugrasiz.com\/tr\/bir-algi-yonetimi-bicimi-olarak-turkiyede-outlet-magazacilik.html#respond"]}]},{"@type":"WebPage","@id":"https:\/\/www.kaanugrasiz.com\/tr\/bir-algi-yonetimi-bicimi-olarak-turkiyede-outlet-magazacilik.html","url":"https:\/\/www.kaanugrasiz.com\/tr\/bir-algi-yonetimi-bicimi-olarak-turkiyede-outlet-magazacilik.html","name":"Bir alg\u0131 y\u00f6netimi bi\u00e7imi olarak T\u00fcrkiye\u2019de outlet ma\u011fazac\u0131l\u0131k","isPartOf":{"@id":"https:\/\/www.kaanugrasiz.com\/tr\/#website"},"primaryImageOfPage":{"@id":"https:\/\/www.kaanugrasiz.com\/tr\/bir-algi-yonetimi-bicimi-olarak-turkiyede-outlet-magazacilik.html#primaryimage"},"image":{"@id":"https:\/\/www.kaanugrasiz.com\/tr\/bir-algi-yonetimi-bicimi-olarak-turkiyede-outlet-magazacilik.html#primaryimage"},"thumbnailUrl":"https:\/\/www.kaanugrasiz.com\/tr\/wp-content\/uploads\/2025\/10\/bir-algi-yonetim-bicimi-olarak-turkiyede-outlet-magazacilik.webp","datePublished":"2025-07-29T04:00:00+00:00","dateModified":"2026-01-12T13:56:12+00:00","breadcrumb":{"@id":"https:\/\/www.kaanugrasiz.com\/tr\/bir-algi-yonetimi-bicimi-olarak-turkiyede-outlet-magazacilik.html#breadcrumb"},"inLanguage":"tr","potentialAction":[{"@type":"ReadAction","target":["https:\/\/www.kaanugrasiz.com\/tr\/bir-algi-yonetimi-bicimi-olarak-turkiyede-outlet-magazacilik.html"]}]},{"@type":"ImageObject","inLanguage":"tr","@id":"https:\/\/www.kaanugrasiz.com\/tr\/bir-algi-yonetimi-bicimi-olarak-turkiyede-outlet-magazacilik.html#primaryimage","url":"https:\/\/www.kaanugrasiz.com\/tr\/wp-content\/uploads\/2025\/10\/bir-algi-yonetim-bicimi-olarak-turkiyede-outlet-magazacilik.webp","contentUrl":"https:\/\/www.kaanugrasiz.com\/tr\/wp-content\/uploads\/2025\/10\/bir-algi-yonetim-bicimi-olarak-turkiyede-outlet-magazacilik.webp","width":1100,"height":733},{"@type":"BreadcrumbList","@id":"https:\/\/www.kaanugrasiz.com\/tr\/bir-algi-yonetimi-bicimi-olarak-turkiyede-outlet-magazacilik.html#breadcrumb","itemListElement":[{"@type":"ListItem","position":1,"name":"Anasayfa","item":"https:\/\/www.kaanugrasiz.com\/tr\/"},{"@type":"ListItem","position":2,"name":"Bir alg\u0131 y\u00f6netimi bi\u00e7imi olarak T\u00fcrkiye\u2019de outlet ma\u011fazac\u0131l\u0131k"}]},{"@type":"WebSite","@id":"https:\/\/www.kaanugrasiz.com\/tr\/#website","url":"https:\/\/www.kaanugrasiz.com\/tr\/","name":"Brand Monday TR","description":"","publisher":{"@id":"https:\/\/www.kaanugrasiz.com\/tr\/#\/schema\/person\/c03ebfb2409df5381cad2561495a437e"},"potentialAction":[{"@type":"SearchAction","target":{"@type":"EntryPoint","urlTemplate":"https:\/\/www.kaanugrasiz.com\/tr\/?s={search_term_string}"},"query-input":{"@type":"PropertyValueSpecification","valueRequired":true,"valueName":"search_term_string"}}],"inLanguage":"tr"},{"@type":["Person","Organization"],"@id":"https:\/\/www.kaanugrasiz.com\/tr\/#\/schema\/person\/c03ebfb2409df5381cad2561495a437e","name":"Kaan U\u011fras\u0131z","image":{"@type":"ImageObject","inLanguage":"tr","@id":"https:\/\/www.kaanugrasiz.com\/tr\/wp-content\/uploads\/2026\/02\/cropped-cropped-kaanugrasiz-logo-gold.webp","url":"https:\/\/www.kaanugrasiz.com\/tr\/wp-content\/uploads\/2026\/02\/cropped-cropped-kaanugrasiz-logo-gold.webp","contentUrl":"https:\/\/www.kaanugrasiz.com\/tr\/wp-content\/uploads\/2026\/02\/cropped-cropped-kaanugrasiz-logo-gold.webp","width":512,"height":512,"caption":"Kaan U\u011fras\u0131z"},"logo":{"@id":"https:\/\/www.kaanugrasiz.com\/tr\/wp-content\/uploads\/2026\/02\/cropped-cropped-kaanugrasiz-logo-gold.webp"},"description":"Yakla\u015f\u0131k 20 y\u0131ll\u0131k deneyime sahip bir pazarlama ileti\u015fimi profesyoneliyim ve \u00e7e\u015fitli formatlarda nitelikli, anlaml\u0131 ve etkili i\u00e7erikler \u00fcretip yay\u0131nlamaya odaklan\u0131yorum. Bir bireyin veya kurulu\u015fun \u00e7evresiyle uyumlu, d\u00fczenli ve anla\u015f\u0131l\u0131r bir ileti\u015fim kurmas\u0131, mevcut ili\u015fkileri g\u00fc\u00e7lendirmesi ve yeni ili\u015fkiler kurmas\u0131 i\u00e7in gereken t\u00fcm ara\u00e7lar\u0131 s\u0131f\u0131rdan geli\u015ftirebilir ve bu ama\u00e7la yol g\u00f6sterici haritalar olu\u015fturabilirim.","sameAs":["https:\/\/www.kaanugrasiz.com\/tr","https:\/\/instagram.com\/kaanugrasiz","https:\/\/linkedin.com\/in\/kaanugrasiz"],"url":"https:\/\/www.kaanugrasiz.com\/tr\/author\/travego"}]}},"uagb_featured_image_src":{"full":["https:\/\/www.kaanugrasiz.com\/tr\/wp-content\/uploads\/2025\/10\/bir-algi-yonetim-bicimi-olarak-turkiyede-outlet-magazacilik.webp",1100,733,false],"thumbnail":["https:\/\/www.kaanugrasiz.com\/tr\/wp-content\/uploads\/2025\/10\/bir-algi-yonetim-bicimi-olarak-turkiyede-outlet-magazacilik-150x150.webp",150,150,true],"medium":["https:\/\/www.kaanugrasiz.com\/tr\/wp-content\/uploads\/2025\/10\/bir-algi-yonetim-bicimi-olarak-turkiyede-outlet-magazacilik-300x200.webp",300,200,true],"medium_large":["https:\/\/www.kaanugrasiz.com\/tr\/wp-content\/uploads\/2025\/10\/bir-algi-yonetim-bicimi-olarak-turkiyede-outlet-magazacilik-768x512.webp",768,512,true],"large":["https:\/\/www.kaanugrasiz.com\/tr\/wp-content\/uploads\/2025\/10\/bir-algi-yonetim-bicimi-olarak-turkiyede-outlet-magazacilik-1024x682.webp",1024,682,true],"1536x1536":["https:\/\/www.kaanugrasiz.com\/tr\/wp-content\/uploads\/2025\/10\/bir-algi-yonetim-bicimi-olarak-turkiyede-outlet-magazacilik.webp",1100,733,false],"2048x2048":["https:\/\/www.kaanugrasiz.com\/tr\/wp-content\/uploads\/2025\/10\/bir-algi-yonetim-bicimi-olarak-turkiyede-outlet-magazacilik.webp",1100,733,false],"web-stories-poster-portrait":["https:\/\/www.kaanugrasiz.com\/tr\/wp-content\/uploads\/2025\/10\/bir-algi-yonetim-bicimi-olarak-turkiyede-outlet-magazacilik.webp",640,426,false],"web-stories-publisher-logo":["https:\/\/www.kaanugrasiz.com\/tr\/wp-content\/uploads\/2025\/10\/bir-algi-yonetim-bicimi-olarak-turkiyede-outlet-magazacilik.webp",96,64,false],"web-stories-thumbnail":["https:\/\/www.kaanugrasiz.com\/tr\/wp-content\/uploads\/2025\/10\/bir-algi-yonetim-bicimi-olarak-turkiyede-outlet-magazacilik.webp",150,100,false]},"uagb_author_info":{"display_name":"Kaan U\u011fras\u0131z","author_link":"https:\/\/www.kaanugrasiz.com\/tr\/author\/travego"},"uagb_comment_info":1,"uagb_excerpt":"T\u00fcrkiye nas\u0131l bir \u201coutlet\u201d cennetine d\u00f6n\u00fc\u015ft\u00fc, ilan edilen indirimler ger\u00e7ekten yap\u0131l\u0131yor mu, kampanyalar ger\u00e7ek\u00e7i mi, bir \u00fcr\u00fcn\u00fcn ger\u00e7ekten indirimde olup olmad\u0131\u011f\u0131n\u0131 anlamaya y\u00f6nelik \u00e7\u00f6z\u00fcm \u00f6nerileri, \u201coutlet\u201d etiketi al\u0131\u015fveri\u015f merkezlerini nas\u0131l d\u00f6n\u00fc\u015ft\u00fcrecek? Bir sezonun sonunda elde kalan, defolu ya da \u00fcretimden ikinci kalite olarak \u00e7\u0131km\u0131\u015f, fazla \u00fcretilmi\u015f ve koleksiyondan \u00e7\u0131kar\u0131lm\u0131\u015f \u00fcr\u00fcnlerin yayg\u0131n olarak sat\u0131\u015f\u0131n\u0131n yap\u0131ld\u0131\u011f\u0131 outlet...","_links":{"self":[{"href":"https:\/\/www.kaanugrasiz.com\/tr\/wp-json\/wp\/v2\/posts\/1198","targetHints":{"allow":["GET"]}}],"collection":[{"href":"https:\/\/www.kaanugrasiz.com\/tr\/wp-json\/wp\/v2\/posts"}],"about":[{"href":"https:\/\/www.kaanugrasiz.com\/tr\/wp-json\/wp\/v2\/types\/post"}],"author":[{"embeddable":true,"href":"https:\/\/www.kaanugrasiz.com\/tr\/wp-json\/wp\/v2\/users\/1"}],"replies":[{"embeddable":true,"href":"https:\/\/www.kaanugrasiz.com\/tr\/wp-json\/wp\/v2\/comments?post=1198"}],"version-history":[{"count":2,"href":"https:\/\/www.kaanugrasiz.com\/tr\/wp-json\/wp\/v2\/posts\/1198\/revisions"}],"predecessor-version":[{"id":2685,"href":"https:\/\/www.kaanugrasiz.com\/tr\/wp-json\/wp\/v2\/posts\/1198\/revisions\/2685"}],"wp:featuredmedia":[{"embeddable":true,"href":"https:\/\/www.kaanugrasiz.com\/tr\/wp-json\/wp\/v2\/media\/1199"}],"wp:attachment":[{"href":"https:\/\/www.kaanugrasiz.com\/tr\/wp-json\/wp\/v2\/media?parent=1198"}],"wp:term":[{"taxonomy":"category","embeddable":true,"href":"https:\/\/www.kaanugrasiz.com\/tr\/wp-json\/wp\/v2\/categories?post=1198"},{"taxonomy":"post_tag","embeddable":true,"href":"https:\/\/www.kaanugrasiz.com\/tr\/wp-json\/wp\/v2\/tags?post=1198"}],"curies":[{"name":"wp","href":"https:\/\/api.w.org\/{rel}","templated":true}]}}