{"id":1155,"date":"2025-07-31T07:00:00","date_gmt":"2025-07-31T04:00:00","guid":{"rendered":"https:\/\/www.kaanugrasiz.com\/tr\/?p=1155"},"modified":"2025-10-01T13:47:39","modified_gmt":"2025-10-01T10:47:39","slug":"sehir-havalimanlarini-ulasim-ve-afet-planlarimiza-neden-dahil-etmeliyiz","status":"publish","type":"post","link":"https:\/\/www.kaanugrasiz.com\/tr\/sehir-havalimanlarini-ulasim-ve-afet-planlarimiza-neden-dahil-etmeliyiz.html","title":{"rendered":"\u015eehir havalimanlar\u0131n\u0131 ula\u015f\u0131m ve afet planlar\u0131m\u0131za neden dahil etmeliyiz?"},"content":{"rendered":"\n<h2 class=\"wp-block-heading\">\u015eehir planlamas\u0131 yaparken daha fazla d\u00fc\u015f\u00fcnmemiz gereken bir konu var: \u015fehir havalimanlar\u0131.<\/h2>\n\n\n<style>.kb-table-of-content-nav.kb-table-of-content-id1155_9a5f93-d3 .kb-table-of-content-wrap{padding-top:var(--global-kb-spacing-sm, 1.5rem);padding-right:var(--global-kb-spacing-sm, 1.5rem);padding-bottom:var(--global-kb-spacing-sm, 1.5rem);padding-left:var(--global-kb-spacing-sm, 1.5rem);}.kb-table-of-content-nav.kb-table-of-content-id1155_9a5f93-d3 .kb-table-of-contents-title-wrap{padding-top:0px;padding-right:0px;padding-bottom:0px;padding-left:0px;}.kb-table-of-content-nav.kb-table-of-content-id1155_9a5f93-d3 .kb-table-of-contents-title{font-weight:regular;font-style:normal;}.kb-table-of-content-nav.kb-table-of-content-id1155_9a5f93-d3 .kb-table-of-content-wrap .kb-table-of-content-list{font-weight:regular;font-style:normal;margin-top:var(--global-kb-spacing-sm, 1.5rem);margin-right:0px;margin-bottom:0px;margin-left:0px;}<\/style>\n\n\n<p>De\u011fi\u015fip d\u00f6n\u00fc\u015fen seyahat etme al\u0131\u015fkanl\u0131klar\u0131m\u0131za ba\u011fl\u0131 olarak art\u0131k karayoluyla ula\u015f\u0131m kadar havayoluyla ula\u015f\u0131m\u0131 da planlar\u0131m\u0131za dahil etmemiz gerekirken biz ne yap\u0131yoruz; var olan \u015fehir havalimanlar\u0131n\u0131 kapat\u0131yoruz. <\/p>\n\n\n\n<p>Kentler b\u00fcy\u00fcyor ve bu, \u00f6n\u00fcne ge\u00e7emedi\u011fimiz bir ger\u00e7ek. G\u00f6\u00e7 olgusu tarihin her devrinde vard\u0131 ve \u00f6yle g\u00f6r\u00fcn\u00fcyor ki olmaya da devam edecek.<\/p>\n\n\n\n<p id=\"846b\">Bu sefer olaya bamba\u015fka bir taraf\u0131ndan bakmak istiyorum, <strong>\u015fehir havalimanlar\u0131n\u0131n taraf\u0131ndan<\/strong>. Bu yaz\u0131y\u0131 yazmaya karar vermemi sa\u011flayan \u015fey, \u0130zmir\u2019den Mersin\u2019e gitmek i\u00e7in \u00f6demem gereken bilet paras\u0131na Paris\u2019e bilet alabilece\u011fime dair att\u0131\u011f\u0131m bir Tweet\u2019e, arkada\u015f\u0131m\u0131n verdi\u011fi \u201cen az\u0131ndan havaliman\u0131m\u0131z var\u201d yan\u0131t oldu.<\/p>\n\n\n\n<p id=\"db19\">Adana\u2019da da bir zamanlar bir \u015fehir havaliman\u0131 vard\u0131, \u015eakirpa\u015fa; ADA. Adana\u2019n\u0131n yan\u0131s\u0131ra Tarsus, Mersin, \u0130skenderun, Osmaniye, Kilis hatta zaman zaman Gaziantep\u2019e giden \/ bu \u015fehirlerden gelen yolculara da hizmet verirdi.<\/p>\n\n\n\n<h3 class=\"wp-block-heading\" id=\"41c8\">\u00c7ok y\u00f6nl\u00fc bir i\u015fleviyle havaliman\u0131<\/h3>\n\n\n\n<p id=\"4a0c\">Havalimanlar\u0131n\u0131n art\u0131k yaln\u0131zca u\u00e7aklar\u0131n inip kalkt\u0131\u011f\u0131 yerler olarak d\u00fc\u015f\u00fcnmemek laz\u0131m. Hangi \u00f6l\u00e7ekte olursa olsun havaliman\u0131 demek, ula\u015f\u0131labilirlik ve mobilite ba\u011flam\u0131nda \u015fehir ekonomisine do\u011frudan katk\u0131 demek; kriz anlar\u0131nda h\u0131zl\u0131 m\u00fcdahale demek\u2026<\/p>\n\n\n\n<p id=\"5ef9\">Hatta benim gibi havaliman\u0131nda ge\u00e7en hikayelerin hayalini kuran, u\u00e7a\u011fa olmas\u0131 gerekenden bir ka\u00e7 saat \u00f6nce gidip (\u00f6rne\u011fin sabah be\u015fteki u\u00e7u\u015f i\u00e7in gece on ikide havaliman\u0131nda olmak gibi) orada vakit ge\u00e7irmeyi seven ve not defterini kar\u0131\u015ft\u0131ran insanlar var.<\/p>\n\n\n\n<p id=\"5e82\">Havaliman\u0131nda olmak ve u\u00e7akla bir yere gitmek, de\u011fi\u015fen havayolu yolcusu profiline ra\u011fmen halen \u00e7ok \u00f6zel ve farkl\u0131 bir yerde duruyor ve \u00f6zel bir ilgi ile \u00f6zen gerektiriyor.<\/p>\n\n\n\n<p id=\"f347\">\u00d6zellikle son on y\u0131lda, d\u0131\u015far\u0131dan bak\u0131ld\u0131\u011f\u0131nda \u00e7ok garip g\u00f6r\u00fcnen fakat bir \u015fekilde normalle\u015ftirmeyi ba\u015fard\u0131\u011f\u0131m\u0131z bir tak\u0131m havac\u0131l\u0131k reaksiyonlar\u0131 ald\u0131k \u00fclke olarak.<\/p>\n\n\n\n<p id=\"dbd9\">Bunlar konusunda \u015fa\u015fk\u0131n\u0131m, fakat elimden gelen bir \u015fey \u015fu an i\u00e7in yok.<\/p>\n\n\n\n<p id=\"6e79\">Dikkat \u00e7eken en \u00f6nemli iki aksiyondan ilki, \u0130stanbul\u2019daki Atat\u00fcrk Havaliman\u0131\u2019n\u0131n (ATA) devre d\u0131\u015f\u0131 b\u0131rak\u0131l\u0131p sanki sa\u011f\u0131nda solunda ba\u015fka bo\u015f alan yokmu\u015f gibi, daha \u00f6nce koca koca u\u00e7aklar\u0131n konup kalkt\u0131\u011f\u0131 pahal\u0131 pistlerin tam ucuna \u00e7e\u015fitli yap\u0131lar\u0131n, spor sahalar\u0131n\u0131n ve bir hastanenin kondurulmas\u0131 oldu. <em>O pistlere u\u00e7ak inemesin demenin bir ba\u015fka \u015fekli bu bence.<\/em><\/p>\n\n\n\n<p id=\"8d7d\">Di\u011fer ise Yenice\u2019de, \u00c7ukurova havaliman\u0131n\u0131n devreye giri\u015fiyle birlikte Adana\u2019daki \u015eakirpa\u015fa Havaliman\u0131\u2019n\u0131n (ADA) devreden \u00e7\u0131k\u0131\u015f\u0131.<\/p>\n\n\n\n<p id=\"055e\">Dedi\u011fim gibi, \u00e7ok \u015fa\u015fk\u0131n\u0131m.<\/p>\n\n\n\n<p id=\"7745\">Bu havalimanlar\u0131n\u0131n ikisi de i\u00e7inde bulunduklar\u0131 \u015fehirlerin tam merkezinde, toplu ula\u015f\u0131ma entegre ve uluslararas\u0131 u\u00e7u\u015flar\u0131n da ger\u00e7ekle\u015fti\u011fi kap\u0131lard\u0131. B\u00fcy\u00fck u\u00e7aklara da \u00e7ok rahat bir \u015fekilde inip kalk\u0131yordu; 777 ve 747&#8217;lerden bahsediyorum.<\/p>\n\n\n\n<p id=\"8a51\">Her\u015feyi hallettin s\u0131ra ATA ile ADA\u2019ya m\u0131 geldi diyecek olursan e\u011fer evet, bunlar\u0131 konu\u015fmak i\u00e7in bence ge\u00e7 bile kald\u0131m.<\/p>\n\n\n\n<h3 class=\"wp-block-heading\" id=\"39bb\">\u015eehir havaliman\u0131 konsepti<\/h3>\n\n\n\n<p id=\"fa7e\">\u015eehir havalimanlar\u0131 d\u00fcnyan\u0131n her k\u0131tas\u0131nda var. H\u0131zl\u0131 ini\u015f bini\u015f ve k\u0131sa mesafeli havayolu seyahatleri i\u00e7in \u015fehir havalimanlar\u0131 havac\u0131l\u0131\u011f\u0131n sa\u011flad\u0131\u011f\u0131 en pratik yollardan biri. Londra biraz London City (LCY) oldu\u011fu i\u00e7in Londra, Paris Le Bourget (LBG) oldu\u011fu i\u00e7in biraz da Paris, Madrid Bajaras (MAD) \u015fehre yak\u0131n oldu\u011fu i\u00e7in biraz da Madrid.<\/p>\n\n\n\n<p id=\"9ef3\">Hatta Adnan Menderes (ADB) ve Sabiha G\u00f6k\u00e7en (SAW) hemen \u015fehrin yan\u0131ba\u015f\u0131nda \/ i\u00e7inde oldu\u011fu i\u00e7in bir t\u00fcr b\u00f6lgesel \/\u015fehir havaliman\u0131 \u00f6zelli\u011fini ta\u015f\u0131yor ve yak\u0131n illerden gelen \/ illere giden yolcular bu terminalleri kullan\u0131yor.<\/p>\n\n\n\n<p id=\"9263\"><em>SAW i\u00e7in bir t\u00fcr cep otogar\u0131 da diyebiliriz, fakat bunu ba\u015fka bir yaz\u0131ya b\u0131rakal\u0131m.<\/em><\/p>\n\n\n\n<p id=\"9c17\">\u015eehir havalimanlar\u0131, KOB\u0130\u2019lerin oldu\u011fu b\u00f6lgelerde devreye girdi\u011finde \u015fehrin ve \u015fehirde kurulu olan i\u015fletmelerin de <strong>b\u00f6lgesel rekabeti g\u00fc\u00e7lendiren en \u00f6nemli avantajlardan biri<\/strong> haline gelir. Pandemiden sonra d\u00fc\u015f\u00fc\u015f g\u00f6r\u00fclse ve toplant\u0131 al\u0131\u015fkanl\u0131klar\u0131 a\u011f\u0131rl\u0131kl\u0131 olarak online\u2019a kaym\u0131\u015f olsa da, fiziksel olarak bir \u015feyler \u00fcreten insanlar, halen kendi aralar\u0131nda ziyaretleri s\u00fcrd\u00fcr\u00fcyor.<\/p>\n\n\n\n<p id=\"29cc\">RyanAir gibi havayollar\u0131 bu t\u00fcr havalimanlar\u0131na inerek hem ini\u015f-bini\u015f s\u00fcresini k\u0131salt\u0131yor hem de maliyetlerini d\u00fc\u015f\u00fcr\u00fcyor; ayn\u0131 zamanda b\u00f6lgeleri kalk\u0131nmas\u0131na destek oluyor.<\/p>\n\n\n\n<p id=\"7d4e\">Avrupa\u2019da ve Amerika\u2019da ana havayoluna ba\u011flant\u0131 \/ besleme sa\u011flayan bir s\u00fcr\u00fc k\u00fc\u00e7\u00fck havayolu bu \u015fehir havalimanlar\u0131ndan tarifeli seferlerle b\u00fcy\u00fck havalimanlar\u0131na u\u00e7arak insanlar\u0131n seyahat s\u00fcresini k\u0131salt\u0131yor. Benim bildi\u011fim \u00f6rnekler aras\u0131nda Luftansa City, American Eagle, Qantas Link, Iberia Regional, Air Canada Express var (<em>hepsini ayr\u0131 ayr\u0131 takip etmeye bay\u0131l\u0131yoru\u0131m).<\/em><\/p>\n\n\n\n<p id=\"36b6\">Bizim \u00fclkede sanki tek bir havaliman\u0131 varm\u0131\u015f gibi bayrak ta\u015f\u0131y\u0131c\u0131 olan T\u00fcrk Hava Yollar\u0131\u2019n\u0131n bir s\u00fcr\u00fc u\u00e7u\u015fu tek bir havaliman\u0131na yap\u0131l\u0131yor ve reg\u00fclasyon yine bu havaliman\u0131ndan sa\u011flan\u0131yor. Melih G. zaman\u0131n\u0131n Ankara\u2019s\u0131 gibi; o zaman da \u015fehrin bir aks\u0131ndan di\u011ferine gitmek i\u00e7in mutlaka K\u0131z\u0131lay\u2019dan aktarma yapmak zorunda kal\u0131rd\u0131k, \u015fehrin \u00e7eperlerinde d\u00f6nen toplu ula\u015f\u0131m yoktu \u00e7\u00fcnk\u00fc.<\/p>\n\n\n\n<p id=\"6ea5\">Bu durum bir tek bana m\u0131 garip g\u00f6r\u00fcn\u00fcyor? \u00c7ok spesifik bir ba\u015fka \u00f6rnek vermek gerekirse\u2026<\/p>\n\n\n\n<p id=\"e1a9\">Londra\u2019da bir s\u00fcr\u00fc havaliman\u0131 var ve Thames\u2019in yan\u0131ba\u015f\u0131nda kurulu \u015fehir havaliman\u0131ndan (LCY) BA1 koduyla New York\u2019a, i\u00e7i \u00f6zel olarak tasarlanm\u0131\u015f bir A318 ile transatlantik u\u00e7u\u015flar bile yap\u0131ld\u0131 (<em>Merakl\u0131s\u0131na: BA1, 2003 y\u0131l\u0131nda emekli olana kadar JFK\u2019ya u\u00e7an Concord taraf\u0131ndan kullan\u0131l\u0131yordu<\/em>).<\/p>\n\n\n\n<p id=\"4902\">U\u00e7ak LCY\u2019den tam dolu yak\u0131tla kalkamad\u0131\u011f\u0131ndan \u0130rlanda Shannon\u2019da (SNN) k\u0131sa bir mola veriyor ve yak\u0131t al\u0131yor; yolcular da o esnada Amerikan g\u00fcmr\u00fc\u011f\u00fcnden ge\u00e7iveriyordu; zira SNN, uzaktaki Amerikan g\u00fcmr\u00fcklerinden birisini bar\u0131nd\u0131r\u0131yor; di\u011feri de beni olduk\u00e7a \u015fa\u015f\u0131rtan bi\u00e7imde, Etihad\u2019\u0131n memleketi Abu Dhabi\u2019deki Zayed\u2019de (AUH).<\/p>\n\n\n\n<p id=\"d81a\">Vaktin varsa LCY\u2019nin destinasyonlar\u0131na ve Avrupa\u2019n\u0131n di\u011fer \u015fehirlerine sa\u011flad\u0131\u011f\u0131 <a href=\"https:\/\/www.flightradar24.com\/data\/airports\/lcy\/routes\" rel=\"noreferrer noopener\" target=\"_blank\">ba\u011flant\u0131lara g\u00f6z at<\/a>. Z\u00fcrih\u2019ten kalk\u0131p Londra\u2019n\u0131n g\u00f6be\u011fine inen bir u\u00e7u\u015f fikri bile tek ba\u015f\u0131na olduk\u00e7a heyecan verici.<\/p>\n\n\n\n<p id=\"6455\">Ger\u00e7ekli\u011fe d\u00f6nmek gerekirse; yani T\u00fcrkiye\u2019ye (burada g\u00f6zlerimi yukar\u0131 do\u011fru deviriyorum)\u2026<\/p>\n\n\n\n<p id=\"7205\"><strong>Anlayaca\u011f\u0131n\u0131z, \u015fehir i\u00e7ine konumlanmay\u0131 ba\u015faran bir havaliman\u0131, kent ya\u015fam\u0131n\u0131 h\u0131zland\u0131ran ve verimlili\u011fi artt\u0131ran harika bir \u015fey.<\/strong> \u015eahsen ben, (<em>bo\u011faz\u0131na d\u00fc\u015fk\u00fcn bir birey olarak)<\/em> ADA\u2019ya indikten 15 dakika sonra, en sevdi\u011fim arkada\u015f\u0131mla kar\u015f\u0131l\u0131kl\u0131 kebapla dolu bir masan\u0131n k\u0131y\u0131s\u0131nda oturup kendimi kaybetmeyi hep \u00e7ok sevdim ve zaman zaman da \u00f6zl\u00fcyorum.<\/p>\n\n\n\n<p id=\"4b50\">Yine uzakla\u015ft\u0131m, fark\u0131nday\u0131m, ADA\u2019ya d\u00f6n\u00fcyorum\u2026<\/p>\n\n\n\n<p id=\"9fe7\">Bir havaliman\u0131 a\u00e7\u0131ld\u0131\u011f\u0131nda, <strong>onun \u00e7evresindeki ticaret de do\u011frudan etkilenir.<\/strong> \u00d6ncelikle havaliman\u0131n\u0131n yak\u0131nlar\u0131nda bir otel hizmete girer, havaliman\u0131na lojistik destek sa\u011flayan \u015firketler oraya servis vermeye ba\u015flar, yer hizmetleri sa\u011flayan firmalar gelir, ula\u015f\u0131m a\u011flar\u0131 havaliman\u0131na eri\u015fim sa\u011flayacak \u015fekilde planlan\u0131r, k\u00fc\u00e7\u00fck i\u015fletmeler havaliman\u0131n\u0131n i\u00e7inde ve \u00e7evresinde bir ekosiste olu\u015furur.<\/p>\n\n\n\n<p id=\"45ac\">Bir havaliman\u0131 kapand\u0131\u011f\u0131ndaysa b\u00fct\u00fcn bunlar bir anda yok olur, p\u00fcf. \u0130nanm\u0131yorsan ATA ve ADA\u2019n\u0131n etraf\u0131nda Google Maps ile biraz gezinti yap.<\/p>\n\n\n\n<p id=\"fe94\">ATA t\u0131pk\u0131 Sovyet d\u00f6neminden kalma viranelere benzer bir \u015fekilde \u015fehrin tam ortas\u0131nda kalm\u0131\u015f bir hayalet ve ADA,s\u0131ca\u011f\u0131n alt\u0131nda kendi halinde \u00f6ylece bekliyor.<\/p>\n\n\n\n<h3 class=\"wp-block-heading\" id=\"7d4c\"><strong>ADA\u2019n\u0131n kritik durumda \u00fcstlendi\u011fi g\u00f6revi uygulamal\u0131 olarak g\u00f6rmek: Kahramanmara\u015f Depremi<\/strong><\/h3>\n\n\n\n<p id=\"1d0d\">ADA\u2019n\u0131n \u00f6nemini ve i\u015flevini san\u0131r\u0131m uygulamal\u0131 olarak en iyi <strong>Kahramanmara\u015f depremi<\/strong>nden sonra havaliman\u0131n\u0131n kargo operasyonlar\u0131 i\u00e7in \u00fcs haline gelmesiyle uygulamal\u0131 olarak da g\u00f6rd\u00fck.<\/p>\n\n\n\n<p id=\"a458\">Amik G\u00f6l\u00fc\u2019n\u00fc bo\u015falt\u0131p \u00fczerine kurulan ve her ya\u011fmurda sular alt\u0131nda kalan Hatay Havaliman\u0131\u2019n\u0131n pistinin ba\u015f\u0131na gelenlerden sonra ADA\u2019ya d\u00fcnyan\u0131n d\u00f6rt bir yan\u0131ndan her b\u00fcy\u00fckl\u00fckten onlarca u\u00e7ak indi; hemen hemen hepsini takip ettim, oradan biliyorum.<\/p>\n\n\n\n<p id=\"f368\">\u015eehir havalimanlar\u0131, do\u011fal afetlerde arama kurtarma ekiplerinin h\u0131zl\u0131 bir \u015fekilde \u015fehre sokulmas\u0131da b\u00fcy\u00fck bir avantaj sa\u011flar. Genellikle \u015fehir merkezinden uzakta, b\u00fcy\u00fck alan kaplayan ve operasyonlar\u0131 \u015fehir havalimanlar\u0131na g\u00f6re daha a\u011f\u0131r ilerleyen havalimanlar\u0131n\u0131n kendi ve buralara ula\u015f\u0131m sa\u011flayan yollar zarar g\u00f6rd\u00fc\u011f\u00fcnde, kent merkezindeki pistler hayati \u00f6nem ta\u015f\u0131r.<\/p>\n\n\n\n<p id=\"fa4e\">Zira ADA\u2019da depremden sonra tam da bu i\u015flevi g\u00f6rd\u00fc; d\u00fcnyan\u0131n d\u00f6rt bi yan\u0131ndan inen arama ekipleri bu havaliman\u0131ndan organize oldu ve deprem b\u00f6lgesine intikal etti.<\/p>\n\n\n\n<p id=\"0058\">Bunun bir benzerini 2022 y\u0131l\u0131nda \u0130stanbul\u2019u etkisi alt\u0131na alan kar ya\u011f\u0131\u015f\u0131nda devlet g\u00f6revlilerinin ATA\u2019ya ini\u015f haberleriyle, \u0130stanbul\u2019da uygulamal\u0131 olarak g\u00f6rd\u00fck. ISL kapand\u0131 ve daha korunakl\u0131 ve i\u015fler halde kalan ATA\u2019ya inildi.<\/p>\n\n\n\n<p id=\"a130\">Peki ne yap\u0131ld\u0131; bu havalimanlar\u0131n\u0131 kapatt\u0131k ve a\u00e7\u0131k\u00e7a s\u00f6ylemek gerekirse, tahrif ederek kullan\u0131lmaz hale getirildi.<\/p>\n\n\n\n<p id=\"9b29\"><em>Bir de benim anlamad\u0131\u011f\u0131m \u015fey, halihaz\u0131rda var olan ve i\u015fleyen bir altyap\u0131y\u0131 s\u0131rf yak\u0131nlara bir yere ba\u015fka bir tesis kurduk diye niye kapat\u0131yoruz? Mesela neden turizmi \/ lojisti\u011fi geli\u015ftirip t\u00fcm havalimanlar\u0131n\u0131 tam kapasite kullanmaya gayret etmiyoruz da sanki cebimizden yapm\u0131\u015f\u0131z gibi birden, tek bir s\u00f6zle i\u015flevsizle\u015ftiriyoruz? D\u00fcnyan\u0131n ba\u015fka neresinde var b\u00f6yle bir i\u015fletme modeli?<\/em><\/p>\n\n\n\n<h3 class=\"wp-block-heading\" id=\"96ce\">Tarihte ATA ve ADA<\/h3>\n\n\n\n<p id=\"33d4\">Ye\u015filk\u00f6y Havaliman\u0131, 1912&#8217;de kuruldu ve \u201853\u2019e kadar askeri havaliman\u0131yd\u0131, \u201885\u2019te T\u00fcrkiye\u2019nin en b\u00fcy\u00fc\u011f\u00fc olmas\u0131 nedeniyle <strong>Atat\u00fcrk<\/strong> ad\u0131n\u0131 ald\u0131. 2019&#8217;da a\u00e7\u0131lan ISL\u2019nin ard\u0131ndan tarifeli u\u00e7u\u015flar buradan al\u0131nd\u0131 ve ATA\u2019n\u0131n kapan\u0131\u015f\u0131, ula\u015f\u0131m, i\u015f olanaklar\u0131 ve kent belle\u011fi a\u00e7\u0131s\u0131ndan da \u00f6nemli bir kayba neden oldu.<\/p>\n\n\n\n<p id=\"d972\">ADA ise \u201837\u2019de kuruldu ve \u00f6nemli bir tar\u0131m, ticaret ve sanayi b\u00f6lgesi olan \u00c7ukurova\u2019y\u0131 \u00fclkenin geri kalan\u0131na ba\u011flamak konusunda olduk\u00e7a \u00f6nemli bir yerdeydi. Adana \u015fehir merkezine \u2014 neredeyse y\u00fcr\u00fcme mesafesindeydi. \u00c7ukurova a\u00e7\u0131lana kadar i\u015flevini s\u00fcrd\u00fcr\u00fcne \u015eakirpa\u015fa Havaliman\u0131\u2019n\u0131n kapan\u0131\u015f\u0131 konusunda yerel halk\u0131n oldu\u011fu kadar havaliman\u0131n\u0131 kullanan \/ kullanm\u0131\u015f olan herkesin ele\u015ftirileri \/ tepkileri var.<\/p>\n\n\n\n<h3 class=\"wp-block-heading\" id=\"8c53\">Yeni bir havaliman\u0131 in\u015fa etmek mi yoksa var olan\u0131 geli\u015ftirmek mi?<\/h3>\n\n\n\n<p id=\"a770\">Yeni havaliman\u0131 yap\u0131lar\u0131 daha geni\u015f pistleri ve y\u00fcksek yolcu kapasiteleriyle g\u00f6z doldursa da, konumlar\u0131 itibariyle eri\u015filebilirlik, altyap\u0131 kullan\u0131m\u0131 ve kriz y\u00f6netimi a\u00e7\u0131s\u0131ndan dezavantajl\u0131 durumda.<\/p>\n\n\n\n<p id=\"9685\">Elbette ki yeni ve modern havalimanlar\u0131m\u0131z olmal\u0131, halihaz\u0131rda i\u015fler durumda olan havalimanlar\u0131n\u0131 kapatarak i\u015flevsiz hale getirmek de b\u00fcy\u00fck bir vizyonsuzluk. Bu \u00fclke pek \u00e7ok ba\u011flamda afet riskiyle kar\u015f\u0131 kar\u015f\u0131ya ve i\u015fler halde tutulan \u015fehir havalimanlar\u0131 acil durumlar hayati \u00f6nem ta\u015f\u0131yor.<\/p>\n\n\n\n<p id=\"8246\">\u2026<\/p>\n\n\n\n<p id=\"1394\">Birilerini mutlu edece\u011fiz ve ceplerini dolduraca\u011f\u0131z diye \u00fclke olarak bir ola ola bitemedi\u011fimiz \u015fu g\u00fcnlerde, \u015fehir havalimanlar\u0131n\u0131 yaln\u0131zca konfor sunan ve h\u0131zl\u0131 birer u\u00e7u\u015f kap\u0131s\u0131 de\u011fil, ekonomik y\u00f6nden canl\u0131l\u0131k, \u015fehirlere h\u0131zl\u0131 eri\u015fim ve toplumsal a\u00e7\u0131dan stratejik varl\u0131klar olarak d\u00fc\u015f\u00fcnmemiz \u00f6nemli.<\/p>\n\n\n\n<p id=\"a0b0\">Tarihi \u00f6nemi olan, co\u011frafi a\u00e7\u0131dan iyi konumlanm\u0131\u015f ve \u00e7evresiyle olan etkile\u015fimi oturmu\u015f olan havalimanlar\u0131n\u0131 kapatmak yerine fonksiyonlar\u0131n\u0131 artt\u0131rarak yeniden de\u011ferlendirmemiz gerekiyor.<\/p>\n","protected":false},"excerpt":{"rendered":"<p>\u015eehir planlamas\u0131 yaparken daha fazla d\u00fc\u015f\u00fcnmemiz gereken bir konu var: \u015fehir havalimanlar\u0131. De\u011fi\u015fip d\u00f6n\u00fc\u015fen seyahat etme al\u0131\u015fkanl\u0131klar\u0131m\u0131za ba\u011fl\u0131 olarak art\u0131k karayoluyla ula\u015f\u0131m kadar havayoluyla ula\u015f\u0131m\u0131 da planlar\u0131m\u0131za dahil etmemiz gerekirken biz ne yap\u0131yoruz; var olan \u015fehir havalimanlar\u0131n\u0131 kapat\u0131yoruz. Kentler b\u00fcy\u00fcyor ve bu, \u00f6n\u00fcne ge\u00e7emedi\u011fimiz bir ger\u00e7ek. G\u00f6\u00e7 olgusu tarihin her devrinde vard\u0131 ve \u00f6yle g\u00f6r\u00fcn\u00fcyor&#8230;<\/p>\n","protected":false},"author":1,"featured_media":1156,"comment_status":"open","ping_status":"open","sticky":false,"template":"","format":"standard","meta":{"_coblocks_attr":"","_coblocks_dimensions":"","_coblocks_responsive_height":"","_coblocks_accordion_ie_support":"","_uag_custom_page_level_css":"","_kadence_starter_templates_imported_post":false,"_kad_post_transparent":"","_kad_post_title":"","_kad_post_layout":"","_kad_post_sidebar_id":"","_kad_post_content_style":"","_kad_post_vertical_padding":"","_kad_post_feature":"","_kad_post_feature_position":"","_kad_post_header":false,"_kad_post_footer":false,"footnotes":""},"categories":[185],"tags":[276,275,278,277,274],"class_list":["post-1155","post","type-post","status-publish","format-standard","has-post-thumbnail","hentry","category-kahve-molasi","tag-adana-havalimani","tag-ataturk-havalimani","tag-dogal-afetlerde-sehir-havalimanlarinin-onemi","tag-sakirpasa-havaalani","tag-sehir-havalimanlari"],"yoast_head":"<!-- This site is optimized with the Yoast SEO plugin v27.3 - https:\/\/yoast.com\/product\/yoast-seo-wordpress\/ -->\n<title>\u015eehir havalimanlar\u0131n\u0131 ula\u015f\u0131m ve afet planlar\u0131m\u0131za neden dahil etmeliyiz?<\/title>\n<meta name=\"robots\" content=\"index, follow, max-snippet:-1, max-image-preview:large, max-video-preview:-1\" \/>\n<link rel=\"canonical\" href=\"https:\/\/www.kaanugrasiz.com\/tr\/sehir-havalimanlarini-ulasim-ve-afet-planlarimiza-neden-dahil-etmeliyiz.html\" \/>\n<meta property=\"og:locale\" content=\"tr_TR\" \/>\n<meta property=\"og:type\" content=\"article\" \/>\n<meta property=\"og:title\" content=\"\u015eehir havalimanlar\u0131n\u0131 ula\u015f\u0131m ve afet planlar\u0131m\u0131za neden dahil etmeliyiz?\" \/>\n<meta property=\"og:description\" content=\"\u015eehir planlamas\u0131 yaparken daha fazla d\u00fc\u015f\u00fcnmemiz gereken bir konu var: \u015fehir havalimanlar\u0131. De\u011fi\u015fip d\u00f6n\u00fc\u015fen seyahat etme al\u0131\u015fkanl\u0131klar\u0131m\u0131za ba\u011fl\u0131 olarak art\u0131k karayoluyla ula\u015f\u0131m kadar havayoluyla ula\u015f\u0131m\u0131 da planlar\u0131m\u0131za dahil etmemiz gerekirken biz ne yap\u0131yoruz; var olan \u015fehir havalimanlar\u0131n\u0131 kapat\u0131yoruz. Kentler b\u00fcy\u00fcyor ve bu, \u00f6n\u00fcne ge\u00e7emedi\u011fimiz bir ger\u00e7ek. G\u00f6\u00e7 olgusu tarihin her devrinde vard\u0131 ve \u00f6yle g\u00f6r\u00fcn\u00fcyor...\" \/>\n<meta property=\"og:url\" content=\"https:\/\/www.kaanugrasiz.com\/tr\/sehir-havalimanlarini-ulasim-ve-afet-planlarimiza-neden-dahil-etmeliyiz.html\" \/>\n<meta property=\"og:site_name\" content=\"Pazarlama ve marka ileti\u015fimi blogu - Kaan U\u011fras\u0131z\" \/>\n<meta property=\"article:published_time\" content=\"2025-07-31T04:00:00+00:00\" \/>\n<meta property=\"article:modified_time\" content=\"2025-10-01T10:47:39+00:00\" \/>\n<meta property=\"og:image\" content=\"https:\/\/www.kaanugrasiz.com\/tr\/wp-content\/uploads\/2025\/10\/sehir-havalimanlarini-neden-gozden-kacirmamaliyiz.webp\" \/>\n\t<meta property=\"og:image:width\" content=\"1100\" \/>\n\t<meta property=\"og:image:height\" content=\"733\" \/>\n\t<meta property=\"og:image:type\" content=\"image\/webp\" \/>\n<meta name=\"author\" content=\"Kaan U\u011fras\u0131z\" \/>\n<meta name=\"twitter:card\" content=\"summary_large_image\" \/>\n<meta name=\"twitter:label1\" content=\"Yazan:\" \/>\n\t<meta name=\"twitter:data1\" content=\"Kaan U\u011fras\u0131z\" \/>\n\t<meta name=\"twitter:label2\" content=\"Tahmini okuma s\u00fcresi\" \/>\n\t<meta name=\"twitter:data2\" content=\"9 dakika\" \/>\n<script type=\"application\/ld+json\" class=\"yoast-schema-graph\">{\"@context\":\"https:\\\/\\\/schema.org\",\"@graph\":[{\"@type\":\"Article\",\"@id\":\"https:\\\/\\\/www.kaanugrasiz.com\\\/tr\\\/sehir-havalimanlarini-ulasim-ve-afet-planlarimiza-neden-dahil-etmeliyiz.html#article\",\"isPartOf\":{\"@id\":\"https:\\\/\\\/www.kaanugrasiz.com\\\/tr\\\/sehir-havalimanlarini-ulasim-ve-afet-planlarimiza-neden-dahil-etmeliyiz.html\"},\"author\":{\"name\":\"Kaan U\u011fras\u0131z\",\"@id\":\"https:\\\/\\\/www.kaanugrasiz.com\\\/tr\\\/#\\\/schema\\\/person\\\/c03ebfb2409df5381cad2561495a437e\"},\"headline\":\"\u015eehir havalimanlar\u0131n\u0131 ula\u015f\u0131m ve afet planlar\u0131m\u0131za neden dahil etmeliyiz?\",\"datePublished\":\"2025-07-31T04:00:00+00:00\",\"dateModified\":\"2025-10-01T10:47:39+00:00\",\"mainEntityOfPage\":{\"@id\":\"https:\\\/\\\/www.kaanugrasiz.com\\\/tr\\\/sehir-havalimanlarini-ulasim-ve-afet-planlarimiza-neden-dahil-etmeliyiz.html\"},\"wordCount\":2005,\"commentCount\":0,\"publisher\":{\"@id\":\"https:\\\/\\\/www.kaanugrasiz.com\\\/tr\\\/#\\\/schema\\\/person\\\/c03ebfb2409df5381cad2561495a437e\"},\"image\":{\"@id\":\"https:\\\/\\\/www.kaanugrasiz.com\\\/tr\\\/sehir-havalimanlarini-ulasim-ve-afet-planlarimiza-neden-dahil-etmeliyiz.html#primaryimage\"},\"thumbnailUrl\":\"https:\\\/\\\/www.kaanugrasiz.com\\\/tr\\\/wp-content\\\/uploads\\\/2025\\\/10\\\/sehir-havalimanlarini-neden-gozden-kacirmamaliyiz.webp\",\"keywords\":[\"adana havaliman\u0131\",\"atat\u00fcrk havaliman\u0131\",\"do\u011fal afetlerde \u015fehir havalimanlar\u0131n\u0131n \u00f6nemi\",\"\u015fakirpa\u015fa havaalan\u0131\",\"\u015fehir havalimanlar\u0131\"],\"articleSection\":[\"Kahve molas\u0131\"],\"inLanguage\":\"tr\",\"potentialAction\":[{\"@type\":\"CommentAction\",\"name\":\"Comment\",\"target\":[\"https:\\\/\\\/www.kaanugrasiz.com\\\/tr\\\/sehir-havalimanlarini-ulasim-ve-afet-planlarimiza-neden-dahil-etmeliyiz.html#respond\"]}]},{\"@type\":\"WebPage\",\"@id\":\"https:\\\/\\\/www.kaanugrasiz.com\\\/tr\\\/sehir-havalimanlarini-ulasim-ve-afet-planlarimiza-neden-dahil-etmeliyiz.html\",\"url\":\"https:\\\/\\\/www.kaanugrasiz.com\\\/tr\\\/sehir-havalimanlarini-ulasim-ve-afet-planlarimiza-neden-dahil-etmeliyiz.html\",\"name\":\"\u015eehir havalimanlar\u0131n\u0131 ula\u015f\u0131m ve afet planlar\u0131m\u0131za neden dahil etmeliyiz?\",\"isPartOf\":{\"@id\":\"https:\\\/\\\/www.kaanugrasiz.com\\\/tr\\\/#website\"},\"primaryImageOfPage\":{\"@id\":\"https:\\\/\\\/www.kaanugrasiz.com\\\/tr\\\/sehir-havalimanlarini-ulasim-ve-afet-planlarimiza-neden-dahil-etmeliyiz.html#primaryimage\"},\"image\":{\"@id\":\"https:\\\/\\\/www.kaanugrasiz.com\\\/tr\\\/sehir-havalimanlarini-ulasim-ve-afet-planlarimiza-neden-dahil-etmeliyiz.html#primaryimage\"},\"thumbnailUrl\":\"https:\\\/\\\/www.kaanugrasiz.com\\\/tr\\\/wp-content\\\/uploads\\\/2025\\\/10\\\/sehir-havalimanlarini-neden-gozden-kacirmamaliyiz.webp\",\"datePublished\":\"2025-07-31T04:00:00+00:00\",\"dateModified\":\"2025-10-01T10:47:39+00:00\",\"breadcrumb\":{\"@id\":\"https:\\\/\\\/www.kaanugrasiz.com\\\/tr\\\/sehir-havalimanlarini-ulasim-ve-afet-planlarimiza-neden-dahil-etmeliyiz.html#breadcrumb\"},\"inLanguage\":\"tr\",\"potentialAction\":[{\"@type\":\"ReadAction\",\"target\":[\"https:\\\/\\\/www.kaanugrasiz.com\\\/tr\\\/sehir-havalimanlarini-ulasim-ve-afet-planlarimiza-neden-dahil-etmeliyiz.html\"]}]},{\"@type\":\"ImageObject\",\"inLanguage\":\"tr\",\"@id\":\"https:\\\/\\\/www.kaanugrasiz.com\\\/tr\\\/sehir-havalimanlarini-ulasim-ve-afet-planlarimiza-neden-dahil-etmeliyiz.html#primaryimage\",\"url\":\"https:\\\/\\\/www.kaanugrasiz.com\\\/tr\\\/wp-content\\\/uploads\\\/2025\\\/10\\\/sehir-havalimanlarini-neden-gozden-kacirmamaliyiz.webp\",\"contentUrl\":\"https:\\\/\\\/www.kaanugrasiz.com\\\/tr\\\/wp-content\\\/uploads\\\/2025\\\/10\\\/sehir-havalimanlarini-neden-gozden-kacirmamaliyiz.webp\",\"width\":1100,\"height\":733},{\"@type\":\"BreadcrumbList\",\"@id\":\"https:\\\/\\\/www.kaanugrasiz.com\\\/tr\\\/sehir-havalimanlarini-ulasim-ve-afet-planlarimiza-neden-dahil-etmeliyiz.html#breadcrumb\",\"itemListElement\":[{\"@type\":\"ListItem\",\"position\":1,\"name\":\"Anasayfa\",\"item\":\"https:\\\/\\\/www.kaanugrasiz.com\\\/tr\\\/\"},{\"@type\":\"ListItem\",\"position\":2,\"name\":\"\u015eehir havalimanlar\u0131n\u0131 ula\u015f\u0131m ve afet planlar\u0131m\u0131za neden dahil etmeliyiz?\"}]},{\"@type\":\"WebSite\",\"@id\":\"https:\\\/\\\/www.kaanugrasiz.com\\\/tr\\\/#website\",\"url\":\"https:\\\/\\\/www.kaanugrasiz.com\\\/tr\\\/\",\"name\":\"Brand Monday TR\",\"description\":\"\",\"publisher\":{\"@id\":\"https:\\\/\\\/www.kaanugrasiz.com\\\/tr\\\/#\\\/schema\\\/person\\\/c03ebfb2409df5381cad2561495a437e\"},\"potentialAction\":[{\"@type\":\"SearchAction\",\"target\":{\"@type\":\"EntryPoint\",\"urlTemplate\":\"https:\\\/\\\/www.kaanugrasiz.com\\\/tr\\\/?s={search_term_string}\"},\"query-input\":{\"@type\":\"PropertyValueSpecification\",\"valueRequired\":true,\"valueName\":\"search_term_string\"}}],\"inLanguage\":\"tr\"},{\"@type\":[\"Person\",\"Organization\"],\"@id\":\"https:\\\/\\\/www.kaanugrasiz.com\\\/tr\\\/#\\\/schema\\\/person\\\/c03ebfb2409df5381cad2561495a437e\",\"name\":\"Kaan U\u011fras\u0131z\",\"image\":{\"@type\":\"ImageObject\",\"inLanguage\":\"tr\",\"@id\":\"https:\\\/\\\/www.kaanugrasiz.com\\\/tr\\\/wp-content\\\/uploads\\\/2026\\\/02\\\/cropped-cropped-kaanugrasiz-logo-gold.webp\",\"url\":\"https:\\\/\\\/www.kaanugrasiz.com\\\/tr\\\/wp-content\\\/uploads\\\/2026\\\/02\\\/cropped-cropped-kaanugrasiz-logo-gold.webp\",\"contentUrl\":\"https:\\\/\\\/www.kaanugrasiz.com\\\/tr\\\/wp-content\\\/uploads\\\/2026\\\/02\\\/cropped-cropped-kaanugrasiz-logo-gold.webp\",\"width\":512,\"height\":512,\"caption\":\"Kaan U\u011fras\u0131z\"},\"logo\":{\"@id\":\"https:\\\/\\\/www.kaanugrasiz.com\\\/tr\\\/wp-content\\\/uploads\\\/2026\\\/02\\\/cropped-cropped-kaanugrasiz-logo-gold.webp\"},\"description\":\"Yakla\u015f\u0131k 20 y\u0131ll\u0131k deneyime sahip bir pazarlama ileti\u015fimi profesyoneliyim ve \u00e7e\u015fitli formatlarda nitelikli, anlaml\u0131 ve etkili i\u00e7erikler \u00fcretip yay\u0131nlamaya odaklan\u0131yorum. Bir bireyin veya kurulu\u015fun \u00e7evresiyle uyumlu, d\u00fczenli ve anla\u015f\u0131l\u0131r bir ileti\u015fim kurmas\u0131, mevcut ili\u015fkileri g\u00fc\u00e7lendirmesi ve yeni ili\u015fkiler kurmas\u0131 i\u00e7in gereken t\u00fcm ara\u00e7lar\u0131 s\u0131f\u0131rdan geli\u015ftirebilir ve bu ama\u00e7la yol g\u00f6sterici haritalar olu\u015fturabilirim.\",\"sameAs\":[\"https:\\\/\\\/www.kaanugrasiz.com\\\/tr\",\"https:\\\/\\\/instagram.com\\\/kaanugrasiz\",\"https:\\\/\\\/linkedin.com\\\/in\\\/kaanugrasiz\"],\"url\":\"https:\\\/\\\/www.kaanugrasiz.com\\\/tr\\\/author\\\/travego\"}]}<\/script>\n<!-- \/ Yoast SEO plugin. -->","yoast_head_json":{"title":"\u015eehir havalimanlar\u0131n\u0131 ula\u015f\u0131m ve afet planlar\u0131m\u0131za neden dahil etmeliyiz?","robots":{"index":"index","follow":"follow","max-snippet":"max-snippet:-1","max-image-preview":"max-image-preview:large","max-video-preview":"max-video-preview:-1"},"canonical":"https:\/\/www.kaanugrasiz.com\/tr\/sehir-havalimanlarini-ulasim-ve-afet-planlarimiza-neden-dahil-etmeliyiz.html","og_locale":"tr_TR","og_type":"article","og_title":"\u015eehir havalimanlar\u0131n\u0131 ula\u015f\u0131m ve afet planlar\u0131m\u0131za neden dahil etmeliyiz?","og_description":"\u015eehir planlamas\u0131 yaparken daha fazla d\u00fc\u015f\u00fcnmemiz gereken bir konu var: \u015fehir havalimanlar\u0131. De\u011fi\u015fip d\u00f6n\u00fc\u015fen seyahat etme al\u0131\u015fkanl\u0131klar\u0131m\u0131za ba\u011fl\u0131 olarak art\u0131k karayoluyla ula\u015f\u0131m kadar havayoluyla ula\u015f\u0131m\u0131 da planlar\u0131m\u0131za dahil etmemiz gerekirken biz ne yap\u0131yoruz; var olan \u015fehir havalimanlar\u0131n\u0131 kapat\u0131yoruz. Kentler b\u00fcy\u00fcyor ve bu, \u00f6n\u00fcne ge\u00e7emedi\u011fimiz bir ger\u00e7ek. G\u00f6\u00e7 olgusu tarihin her devrinde vard\u0131 ve \u00f6yle g\u00f6r\u00fcn\u00fcyor...","og_url":"https:\/\/www.kaanugrasiz.com\/tr\/sehir-havalimanlarini-ulasim-ve-afet-planlarimiza-neden-dahil-etmeliyiz.html","og_site_name":"Pazarlama ve marka ileti\u015fimi blogu - Kaan U\u011fras\u0131z","article_published_time":"2025-07-31T04:00:00+00:00","article_modified_time":"2025-10-01T10:47:39+00:00","og_image":[{"width":1100,"height":733,"url":"https:\/\/www.kaanugrasiz.com\/tr\/wp-content\/uploads\/2025\/10\/sehir-havalimanlarini-neden-gozden-kacirmamaliyiz.webp","type":"image\/webp"}],"author":"Kaan U\u011fras\u0131z","twitter_card":"summary_large_image","twitter_misc":{"Yazan:":"Kaan U\u011fras\u0131z","Tahmini okuma s\u00fcresi":"9 dakika"},"schema":{"@context":"https:\/\/schema.org","@graph":[{"@type":"Article","@id":"https:\/\/www.kaanugrasiz.com\/tr\/sehir-havalimanlarini-ulasim-ve-afet-planlarimiza-neden-dahil-etmeliyiz.html#article","isPartOf":{"@id":"https:\/\/www.kaanugrasiz.com\/tr\/sehir-havalimanlarini-ulasim-ve-afet-planlarimiza-neden-dahil-etmeliyiz.html"},"author":{"name":"Kaan U\u011fras\u0131z","@id":"https:\/\/www.kaanugrasiz.com\/tr\/#\/schema\/person\/c03ebfb2409df5381cad2561495a437e"},"headline":"\u015eehir havalimanlar\u0131n\u0131 ula\u015f\u0131m ve afet planlar\u0131m\u0131za neden dahil etmeliyiz?","datePublished":"2025-07-31T04:00:00+00:00","dateModified":"2025-10-01T10:47:39+00:00","mainEntityOfPage":{"@id":"https:\/\/www.kaanugrasiz.com\/tr\/sehir-havalimanlarini-ulasim-ve-afet-planlarimiza-neden-dahil-etmeliyiz.html"},"wordCount":2005,"commentCount":0,"publisher":{"@id":"https:\/\/www.kaanugrasiz.com\/tr\/#\/schema\/person\/c03ebfb2409df5381cad2561495a437e"},"image":{"@id":"https:\/\/www.kaanugrasiz.com\/tr\/sehir-havalimanlarini-ulasim-ve-afet-planlarimiza-neden-dahil-etmeliyiz.html#primaryimage"},"thumbnailUrl":"https:\/\/www.kaanugrasiz.com\/tr\/wp-content\/uploads\/2025\/10\/sehir-havalimanlarini-neden-gozden-kacirmamaliyiz.webp","keywords":["adana havaliman\u0131","atat\u00fcrk havaliman\u0131","do\u011fal afetlerde \u015fehir havalimanlar\u0131n\u0131n \u00f6nemi","\u015fakirpa\u015fa havaalan\u0131","\u015fehir havalimanlar\u0131"],"articleSection":["Kahve molas\u0131"],"inLanguage":"tr","potentialAction":[{"@type":"CommentAction","name":"Comment","target":["https:\/\/www.kaanugrasiz.com\/tr\/sehir-havalimanlarini-ulasim-ve-afet-planlarimiza-neden-dahil-etmeliyiz.html#respond"]}]},{"@type":"WebPage","@id":"https:\/\/www.kaanugrasiz.com\/tr\/sehir-havalimanlarini-ulasim-ve-afet-planlarimiza-neden-dahil-etmeliyiz.html","url":"https:\/\/www.kaanugrasiz.com\/tr\/sehir-havalimanlarini-ulasim-ve-afet-planlarimiza-neden-dahil-etmeliyiz.html","name":"\u015eehir havalimanlar\u0131n\u0131 ula\u015f\u0131m ve afet planlar\u0131m\u0131za neden dahil etmeliyiz?","isPartOf":{"@id":"https:\/\/www.kaanugrasiz.com\/tr\/#website"},"primaryImageOfPage":{"@id":"https:\/\/www.kaanugrasiz.com\/tr\/sehir-havalimanlarini-ulasim-ve-afet-planlarimiza-neden-dahil-etmeliyiz.html#primaryimage"},"image":{"@id":"https:\/\/www.kaanugrasiz.com\/tr\/sehir-havalimanlarini-ulasim-ve-afet-planlarimiza-neden-dahil-etmeliyiz.html#primaryimage"},"thumbnailUrl":"https:\/\/www.kaanugrasiz.com\/tr\/wp-content\/uploads\/2025\/10\/sehir-havalimanlarini-neden-gozden-kacirmamaliyiz.webp","datePublished":"2025-07-31T04:00:00+00:00","dateModified":"2025-10-01T10:47:39+00:00","breadcrumb":{"@id":"https:\/\/www.kaanugrasiz.com\/tr\/sehir-havalimanlarini-ulasim-ve-afet-planlarimiza-neden-dahil-etmeliyiz.html#breadcrumb"},"inLanguage":"tr","potentialAction":[{"@type":"ReadAction","target":["https:\/\/www.kaanugrasiz.com\/tr\/sehir-havalimanlarini-ulasim-ve-afet-planlarimiza-neden-dahil-etmeliyiz.html"]}]},{"@type":"ImageObject","inLanguage":"tr","@id":"https:\/\/www.kaanugrasiz.com\/tr\/sehir-havalimanlarini-ulasim-ve-afet-planlarimiza-neden-dahil-etmeliyiz.html#primaryimage","url":"https:\/\/www.kaanugrasiz.com\/tr\/wp-content\/uploads\/2025\/10\/sehir-havalimanlarini-neden-gozden-kacirmamaliyiz.webp","contentUrl":"https:\/\/www.kaanugrasiz.com\/tr\/wp-content\/uploads\/2025\/10\/sehir-havalimanlarini-neden-gozden-kacirmamaliyiz.webp","width":1100,"height":733},{"@type":"BreadcrumbList","@id":"https:\/\/www.kaanugrasiz.com\/tr\/sehir-havalimanlarini-ulasim-ve-afet-planlarimiza-neden-dahil-etmeliyiz.html#breadcrumb","itemListElement":[{"@type":"ListItem","position":1,"name":"Anasayfa","item":"https:\/\/www.kaanugrasiz.com\/tr\/"},{"@type":"ListItem","position":2,"name":"\u015eehir havalimanlar\u0131n\u0131 ula\u015f\u0131m ve afet planlar\u0131m\u0131za neden dahil etmeliyiz?"}]},{"@type":"WebSite","@id":"https:\/\/www.kaanugrasiz.com\/tr\/#website","url":"https:\/\/www.kaanugrasiz.com\/tr\/","name":"Brand Monday TR","description":"","publisher":{"@id":"https:\/\/www.kaanugrasiz.com\/tr\/#\/schema\/person\/c03ebfb2409df5381cad2561495a437e"},"potentialAction":[{"@type":"SearchAction","target":{"@type":"EntryPoint","urlTemplate":"https:\/\/www.kaanugrasiz.com\/tr\/?s={search_term_string}"},"query-input":{"@type":"PropertyValueSpecification","valueRequired":true,"valueName":"search_term_string"}}],"inLanguage":"tr"},{"@type":["Person","Organization"],"@id":"https:\/\/www.kaanugrasiz.com\/tr\/#\/schema\/person\/c03ebfb2409df5381cad2561495a437e","name":"Kaan U\u011fras\u0131z","image":{"@type":"ImageObject","inLanguage":"tr","@id":"https:\/\/www.kaanugrasiz.com\/tr\/wp-content\/uploads\/2026\/02\/cropped-cropped-kaanugrasiz-logo-gold.webp","url":"https:\/\/www.kaanugrasiz.com\/tr\/wp-content\/uploads\/2026\/02\/cropped-cropped-kaanugrasiz-logo-gold.webp","contentUrl":"https:\/\/www.kaanugrasiz.com\/tr\/wp-content\/uploads\/2026\/02\/cropped-cropped-kaanugrasiz-logo-gold.webp","width":512,"height":512,"caption":"Kaan U\u011fras\u0131z"},"logo":{"@id":"https:\/\/www.kaanugrasiz.com\/tr\/wp-content\/uploads\/2026\/02\/cropped-cropped-kaanugrasiz-logo-gold.webp"},"description":"Yakla\u015f\u0131k 20 y\u0131ll\u0131k deneyime sahip bir pazarlama ileti\u015fimi profesyoneliyim ve \u00e7e\u015fitli formatlarda nitelikli, anlaml\u0131 ve etkili i\u00e7erikler \u00fcretip yay\u0131nlamaya odaklan\u0131yorum. Bir bireyin veya kurulu\u015fun \u00e7evresiyle uyumlu, d\u00fczenli ve anla\u015f\u0131l\u0131r bir ileti\u015fim kurmas\u0131, mevcut ili\u015fkileri g\u00fc\u00e7lendirmesi ve yeni ili\u015fkiler kurmas\u0131 i\u00e7in gereken t\u00fcm ara\u00e7lar\u0131 s\u0131f\u0131rdan geli\u015ftirebilir ve bu ama\u00e7la yol g\u00f6sterici haritalar olu\u015fturabilirim.","sameAs":["https:\/\/www.kaanugrasiz.com\/tr","https:\/\/instagram.com\/kaanugrasiz","https:\/\/linkedin.com\/in\/kaanugrasiz"],"url":"https:\/\/www.kaanugrasiz.com\/tr\/author\/travego"}]}},"uagb_featured_image_src":{"full":["https:\/\/www.kaanugrasiz.com\/tr\/wp-content\/uploads\/2025\/10\/sehir-havalimanlarini-neden-gozden-kacirmamaliyiz.webp",1100,733,false],"thumbnail":["https:\/\/www.kaanugrasiz.com\/tr\/wp-content\/uploads\/2025\/10\/sehir-havalimanlarini-neden-gozden-kacirmamaliyiz-150x150.webp",150,150,true],"medium":["https:\/\/www.kaanugrasiz.com\/tr\/wp-content\/uploads\/2025\/10\/sehir-havalimanlarini-neden-gozden-kacirmamaliyiz-300x200.webp",300,200,true],"medium_large":["https:\/\/www.kaanugrasiz.com\/tr\/wp-content\/uploads\/2025\/10\/sehir-havalimanlarini-neden-gozden-kacirmamaliyiz-768x512.webp",768,512,true],"large":["https:\/\/www.kaanugrasiz.com\/tr\/wp-content\/uploads\/2025\/10\/sehir-havalimanlarini-neden-gozden-kacirmamaliyiz-1024x682.webp",1024,682,true],"1536x1536":["https:\/\/www.kaanugrasiz.com\/tr\/wp-content\/uploads\/2025\/10\/sehir-havalimanlarini-neden-gozden-kacirmamaliyiz.webp",1100,733,false],"2048x2048":["https:\/\/www.kaanugrasiz.com\/tr\/wp-content\/uploads\/2025\/10\/sehir-havalimanlarini-neden-gozden-kacirmamaliyiz.webp",1100,733,false],"web-stories-poster-portrait":["https:\/\/www.kaanugrasiz.com\/tr\/wp-content\/uploads\/2025\/10\/sehir-havalimanlarini-neden-gozden-kacirmamaliyiz.webp",640,426,false],"web-stories-publisher-logo":["https:\/\/www.kaanugrasiz.com\/tr\/wp-content\/uploads\/2025\/10\/sehir-havalimanlarini-neden-gozden-kacirmamaliyiz.webp",96,64,false],"web-stories-thumbnail":["https:\/\/www.kaanugrasiz.com\/tr\/wp-content\/uploads\/2025\/10\/sehir-havalimanlarini-neden-gozden-kacirmamaliyiz.webp",150,100,false]},"uagb_author_info":{"display_name":"Kaan U\u011fras\u0131z","author_link":"https:\/\/www.kaanugrasiz.com\/tr\/author\/travego"},"uagb_comment_info":0,"uagb_excerpt":"\u015eehir planlamas\u0131 yaparken daha fazla d\u00fc\u015f\u00fcnmemiz gereken bir konu var: \u015fehir havalimanlar\u0131. De\u011fi\u015fip d\u00f6n\u00fc\u015fen seyahat etme al\u0131\u015fkanl\u0131klar\u0131m\u0131za ba\u011fl\u0131 olarak art\u0131k karayoluyla ula\u015f\u0131m kadar havayoluyla ula\u015f\u0131m\u0131 da planlar\u0131m\u0131za dahil etmemiz gerekirken biz ne yap\u0131yoruz; var olan \u015fehir havalimanlar\u0131n\u0131 kapat\u0131yoruz. Kentler b\u00fcy\u00fcyor ve bu, \u00f6n\u00fcne ge\u00e7emedi\u011fimiz bir ger\u00e7ek. G\u00f6\u00e7 olgusu tarihin her devrinde vard\u0131 ve \u00f6yle g\u00f6r\u00fcn\u00fcyor...","_links":{"self":[{"href":"https:\/\/www.kaanugrasiz.com\/tr\/wp-json\/wp\/v2\/posts\/1155","targetHints":{"allow":["GET"]}}],"collection":[{"href":"https:\/\/www.kaanugrasiz.com\/tr\/wp-json\/wp\/v2\/posts"}],"about":[{"href":"https:\/\/www.kaanugrasiz.com\/tr\/wp-json\/wp\/v2\/types\/post"}],"author":[{"embeddable":true,"href":"https:\/\/www.kaanugrasiz.com\/tr\/wp-json\/wp\/v2\/users\/1"}],"replies":[{"embeddable":true,"href":"https:\/\/www.kaanugrasiz.com\/tr\/wp-json\/wp\/v2\/comments?post=1155"}],"version-history":[{"count":2,"href":"https:\/\/www.kaanugrasiz.com\/tr\/wp-json\/wp\/v2\/posts\/1155\/revisions"}],"predecessor-version":[{"id":1158,"href":"https:\/\/www.kaanugrasiz.com\/tr\/wp-json\/wp\/v2\/posts\/1155\/revisions\/1158"}],"wp:featuredmedia":[{"embeddable":true,"href":"https:\/\/www.kaanugrasiz.com\/tr\/wp-json\/wp\/v2\/media\/1156"}],"wp:attachment":[{"href":"https:\/\/www.kaanugrasiz.com\/tr\/wp-json\/wp\/v2\/media?parent=1155"}],"wp:term":[{"taxonomy":"category","embeddable":true,"href":"https:\/\/www.kaanugrasiz.com\/tr\/wp-json\/wp\/v2\/categories?post=1155"},{"taxonomy":"post_tag","embeddable":true,"href":"https:\/\/www.kaanugrasiz.com\/tr\/wp-json\/wp\/v2\/tags?post=1155"}],"curies":[{"name":"wp","href":"https:\/\/api.w.org\/{rel}","templated":true}]}}